{"id":3384,"date":"2009-02-05T03:27:58","date_gmt":"2009-02-05T03:27:58","guid":{"rendered":"http:\/\/estrategica.com.co\/blog\/?p=3384"},"modified":"2009-02-05T03:27:58","modified_gmt":"2009-02-05T03:27:58","slug":"para-hacer-lo-que-hay-que-hacer","status":"publish","type":"post","link":"https:\/\/estrategica.com.co\/blog\/para-hacer-lo-que-hay-que-hacer\/","title":{"rendered":"PARA HACER LO QUE HAY QUE HACER"},"content":{"rendered":"<p><img loading=\"lazy\" decoding=\"async\" data-attachment-id=\"3383\" data-permalink=\"https:\/\/estrategica.com.co\/blog\/para-hacer-lo-que-hay-que-hacer\/ucrdolores\/\" data-orig-file=\"https:\/\/i0.wp.com\/estrategica.com.co\/blog\/wp-content\/uploads\/2009\/02\/ucrdolores.jpg?fit=340%2C247&amp;ssl=1\" data-orig-size=\"340,247\" data-comments-opened=\"1\" data-image-meta=\"{&quot;aperture&quot;:&quot;0&quot;,&quot;credit&quot;:&quot;&quot;,&quot;camera&quot;:&quot;&quot;,&quot;caption&quot;:&quot;&quot;,&quot;created_timestamp&quot;:&quot;0&quot;,&quot;copyright&quot;:&quot;&quot;,&quot;focal_length&quot;:&quot;0&quot;,&quot;iso&quot;:&quot;0&quot;,&quot;shutter_speed&quot;:&quot;0&quot;,&quot;title&quot;:&quot;&quot;}\" data-image-title=\"ucrdolores\" data-image-description=\"\" data-image-caption=\"\" data-medium-file=\"https:\/\/i0.wp.com\/estrategica.com.co\/blog\/wp-content\/uploads\/2009\/02\/ucrdolores.jpg?fit=300%2C217&amp;ssl=1\" data-large-file=\"https:\/\/i0.wp.com\/estrategica.com.co\/blog\/wp-content\/uploads\/2009\/02\/ucrdolores.jpg?fit=340%2C247&amp;ssl=1\" class=\"alignnone size-full wp-image-3383\" title=\"ucrdolores\" src=\"https:\/\/i0.wp.com\/estrategica.com.co\/blog\/wp-content\/uploads\/2009\/02\/ucrdolores.jpg?resize=340%2C247\" alt=\"ucrdolores\" width=\"340\" height=\"247\" srcset=\"https:\/\/i0.wp.com\/estrategica.com.co\/blog\/wp-content\/uploads\/2009\/02\/ucrdolores.jpg?w=340&amp;ssl=1 340w, https:\/\/i0.wp.com\/estrategica.com.co\/blog\/wp-content\/uploads\/2009\/02\/ucrdolores.jpg?resize=300%2C217&amp;ssl=1 300w\" sizes=\"(max-width: 340px) 100vw, 340px\" data-recalc-dims=\"1\" \/><\/p>\n<p class=\"MsoNormal\" style=\"margin: 0cm 0cm 0pt; text-align: justify;\"><span style=\"font-family: Arial;\"><span style=\"font-size: small;\">Campa\u00f1a de Camilo Etchevarren a la Intendencia de Dolores, Argentina. El mensaje \u201cPara hacer lo que hay que Hacer\u201d es elemental y casi de Perogrullo. Los colores no son llamativos y el gesto del candidato trasmite todo menos \u201cenerg\u00eda pura\u201d. La foto no esta bien lograda y aparece con un ojo m\u00e1s peque\u00f1o que el otro. No es un afiche que genere mucha recordaci\u00f3n.<\/span><\/span><\/p>\n<p class=\"MsoNormal\" style=\"margin: 0cm 0cm 0pt; text-align: justify;\"><span style=\"font-family: Arial;\"><span style=\"font-size: small;\"><\/span><\/span><\/p>\n","protected":false},"excerpt":{"rendered":"<p>Campa\u00f1a de Camilo Etchevarren a la Intendencia de Dolores, Argentina. El mensaje \u201cPara hacer lo que hay que Hacer\u201d es elemental y casi de Perogrullo. Los colores no son llamativos y el gesto del candidato trasmite todo menos \u201cenerg\u00eda pura\u201d. La foto no esta bien lograda y aparece con un ojo m\u00e1s peque\u00f1o que el [&hellip;]<\/p>\n","protected":false},"author":4,"featured_media":3383,"comment_status":"open","ping_status":"open","sticky":false,"template":"","format":"standard","meta":{"_et_pb_use_builder":"","_et_pb_old_content":"","_et_gb_content_width":"","advanced_seo_description":"","jetpack_seo_html_title":"","jetpack_seo_noindex":false,"footnotes":""},"categories":[5,24,59,46,10,11],"tags":[243,124],"class_list":["post-3384","post","type-post","status-publish","format-standard","has-post-thumbnail","hentry","category-afiches","category-argentina","category-campana-uninominal","category-fotograficos","category-geo","category-temas","tag-camilo-etchevarren","tag-elecciones-2003"],"jetpack_featured_media_url":"https:\/\/i0.wp.com\/estrategica.com.co\/blog\/wp-content\/uploads\/2009\/02\/ucrdolores.jpg?fit=340%2C247&ssl=1","jetpack_shortlink":"https:\/\/wp.me\/p4wgsh-SA","jetpack-related-posts":[{"id":19851,"url":"https:\/\/estrategica.com.co\/blog\/inutil-consejo-publicitario-argentino\/","url_meta":{"origin":3384,"position":0},"title":"Inutil &#8211;  Consejo Publicitario Argentino","author":"estrategica.com","date":"noviembre 17, 2009","format":false,"excerpt":"Afiche de la campa\u00f1a contra el maltrato verbal infantil liderado por el Consejo Publicitario Argentino, en el a\u00f1o 2009. La campa\u00f1a consta de dos spot y cinco afiches. En los afiches se evidencian algunas palabras ofensivas con las que se maltrata usualmente a los menores en sus hogares. Una campa\u00f1a\u2026","rel":"","context":"En \u00ab2009\u00bb","block_context":{"text":"2009","link":"https:\/\/estrategica.com.co\/blog\/category\/ano\/2009\/"},"img":{"alt_text":"","src":"https:\/\/i0.wp.com\/estrategica.com.co\/blog\/wp-content\/uploads\/2009\/11\/Inutil_09_ogilvy_gal_g.jpg?fit=268%2C402&ssl=1&resize=350%2C200","width":350,"height":200},"classes":[]},{"id":19854,"url":"https:\/\/estrategica.com.co\/blog\/ya-estas-grande-estupido-consejo-publicitario-argentino\/","url_meta":{"origin":3384,"position":1},"title":"Ya Estas Grande Estupido &#8211; Consejo Publicitario Argentino","author":"estrategica.com","date":"noviembre 17, 2009","format":false,"excerpt":"Afiche de la campa\u00f1a contra el maltrato verbal infantil liderado por el Consejo Publicitario Argentino, en el a\u00f1o 2009. La campa\u00f1a consta de dos spot y cinco afiches. En los afiches se evidencian algunas palabras ofensivas con las que se maltrata usualmente a los menores en sus hogares. Una campa\u00f1a\u2026","rel":"","context":"En \u00ab2009\u00bb","block_context":{"text":"2009","link":"https:\/\/estrategica.com.co\/blog\/category\/ano\/2009\/"},"img":{"alt_text":"","src":"https:\/\/i0.wp.com\/estrategica.com.co\/blog\/wp-content\/uploads\/2009\/11\/YaEstas_09_ogilvy_gal_g.jpg?fit=268%2C402&ssl=1&resize=350%2C200","width":350,"height":200},"classes":[]},{"id":19859,"url":"https:\/\/estrategica.com.co\/blog\/no-te-da-la-cabeza-consejo-publicitario-argentino\/","url_meta":{"origin":3384,"position":2},"title":"No te da la Cabeza &#8211; Consejo Publicitario Argentino","author":"estrategica.com","date":"noviembre 17, 2009","format":false,"excerpt":"Afiche de la campa\u00f1a contra el maltrato verbal infantil liderado por el Consejo Publicitario Argentino, en el a\u00f1o 2009. La campa\u00f1a consta de dos spot y cinco afiches. En los afiches se evidencian algunas palabras ofensivas con las que se maltrata usualmente a los menores en sus hogares. Una campa\u00f1a\u2026","rel":"","context":"En \u00ab2009\u00bb","block_context":{"text":"2009","link":"https:\/\/estrategica.com.co\/blog\/category\/ano\/2009\/"},"img":{"alt_text":"","src":"https:\/\/i0.wp.com\/estrategica.com.co\/blog\/wp-content\/uploads\/2009\/11\/NoTeDa_09_ogilvy_gal_g.jpg?fit=268%2C402&ssl=1&resize=350%2C200","width":350,"height":200},"classes":[]},{"id":2085,"url":"https:\/\/estrategica.com.co\/blog\/hace-falta\/","url_meta":{"origin":3384,"position":3},"title":"Hace Falta","author":"estrategica.com","date":"enero 21, 2009","format":false,"excerpt":"\u00a0Campa\u00f1a del 2005 a nombre del partido Uni\u00f3n por Todos. El afiche muestra a la candidata en primer plano con una expresi\u00f3n preocupada al lado del texto: \u201cHace Falta\u201d. El concepto hace referencia a la intensa acci\u00f3n parlamentaria que desempe\u00f1\u00f3 Bullrich en la legislatura de 1995 cando fue elegida la\u2026","rel":"","context":"En \u00abAFICHES\u00bb","block_context":{"text":"AFICHES","link":"https:\/\/estrategica.com.co\/blog\/category\/afiches\/"},"img":{"alt_text":"","src":"https:\/\/i0.wp.com\/estrategica.com.co\/blog\/wp-content\/uploads\/2009\/01\/2005073.jpg?fit=324%2C251&ssl=1&resize=350%2C200","width":350,"height":200},"classes":[]},{"id":19846,"url":"https:\/\/estrategica.com.co\/blog\/el-maltrato-verbal-es-violencia-consejo-publicitario-argentino\/","url_meta":{"origin":3384,"position":4},"title":"El Maltrato Verbal es Violencia &#8211; Consejo Publicitario Argentino","author":"estrategica.com","date":"noviembre 17, 2009","format":false,"excerpt":"Afiche de la campa\u00f1a contra el maltrato verbal infantil liderado por el Consejo Publicitario Argentino, en el a\u00f1o 2009. La campa\u00f1a consta de dos spot y cinco afiches. En los afiches se evidencian algunas palabras ofensivas con las que se maltrata usualmente a los menores en sus hogares. Una campa\u00f1a\u2026","rel":"","context":"En \u00ab2009\u00bb","block_context":{"text":"2009","link":"https:\/\/estrategica.com.co\/blog\/category\/ano\/2009\/"},"img":{"alt_text":"","src":"https:\/\/i0.wp.com\/estrategica.com.co\/blog\/wp-content\/uploads\/2009\/11\/ElMaltrato_09_ogilvy_gal_g.jpg?fit=503%2C402&ssl=1&resize=350%2C200","width":350,"height":200},"classes":[]},{"id":4626,"url":"https:\/\/estrategica.com.co\/blog\/argentina-necesita-un-presidente\/","url_meta":{"origin":3384,"position":5},"title":"Argentina necesita un Presidente","author":"estrategica.com","date":"marzo 1, 2009","format":false,"excerpt":"Afiche de la campa\u00f1a de Carlos Menem para las elecciones de 2003. Se ve que no es uno de los afiches oficiales sino una convocatoria regional, dise\u00f1ada, quiz\u00e1s, por algunos de los activistas del lugar. Aparece Menem mirando hacia el firmamento con el fondo de la bandera Argentina. El slogan\u2026","rel":"","context":"En \u00abAFICHES\u00bb","block_context":{"text":"AFICHES","link":"https:\/\/estrategica.com.co\/blog\/category\/afiches\/"},"img":{"alt_text":"","src":"https:\/\/i0.wp.com\/estrategica.com.co\/blog\/wp-content\/uploads\/2009\/03\/200373.jpg?fit=340%2C240&ssl=1&resize=350%2C200","width":350,"height":200},"classes":[]}],"jetpack_sharing_enabled":true,"_links":{"self":[{"href":"https:\/\/estrategica.com.co\/blog\/wp-json\/wp\/v2\/posts\/3384","targetHints":{"allow":["GET"]}}],"collection":[{"href":"https:\/\/estrategica.com.co\/blog\/wp-json\/wp\/v2\/posts"}],"about":[{"href":"https:\/\/estrategica.com.co\/blog\/wp-json\/wp\/v2\/types\/post"}],"author":[{"embeddable":true,"href":"https:\/\/estrategica.com.co\/blog\/wp-json\/wp\/v2\/users\/4"}],"replies":[{"embeddable":true,"href":"https:\/\/estrategica.com.co\/blog\/wp-json\/wp\/v2\/comments?post=3384"}],"version-history":[{"count":1,"href":"https:\/\/estrategica.com.co\/blog\/wp-json\/wp\/v2\/posts\/3384\/revisions"}],"predecessor-version":[{"id":3385,"href":"https:\/\/estrategica.com.co\/blog\/wp-json\/wp\/v2\/posts\/3384\/revisions\/3385"}],"wp:featuredmedia":[{"embeddable":true,"href":"https:\/\/estrategica.com.co\/blog\/wp-json\/wp\/v2\/media\/3383"}],"wp:attachment":[{"href":"https:\/\/estrategica.com.co\/blog\/wp-json\/wp\/v2\/media?parent=3384"}],"wp:term":[{"taxonomy":"category","embeddable":true,"href":"https:\/\/estrategica.com.co\/blog\/wp-json\/wp\/v2\/categories?post=3384"},{"taxonomy":"post_tag","embeddable":true,"href":"https:\/\/estrategica.com.co\/blog\/wp-json\/wp\/v2\/tags?post=3384"}],"curies":[{"name":"wp","href":"https:\/\/api.w.org\/{rel}","templated":true}]}}