{"id":3387,"date":"2009-02-05T03:48:06","date_gmt":"2009-02-05T03:48:06","guid":{"rendered":"http:\/\/estrategica.com.co\/blog\/?p=3387"},"modified":"2009-02-05T03:48:06","modified_gmt":"2009-02-05T03:48:06","slug":"la-seguridad-de-un-hombre-nuevo","status":"publish","type":"post","link":"https:\/\/estrategica.com.co\/blog\/la-seguridad-de-un-hombre-nuevo\/","title":{"rendered":"La seguridad de un hombre nuevo"},"content":{"rendered":"<p><img loading=\"lazy\" decoding=\"async\" data-attachment-id=\"3386\" data-permalink=\"https:\/\/estrategica.com.co\/blog\/la-seguridad-de-un-hombre-nuevo\/ucrcipolletti\/\" data-orig-file=\"https:\/\/i0.wp.com\/estrategica.com.co\/blog\/wp-content\/uploads\/2009\/02\/ucrcipolletti.jpg?fit=340%2C226&amp;ssl=1\" data-orig-size=\"340,226\" data-comments-opened=\"1\" data-image-meta=\"{&quot;aperture&quot;:&quot;0&quot;,&quot;credit&quot;:&quot;&quot;,&quot;camera&quot;:&quot;&quot;,&quot;caption&quot;:&quot;&quot;,&quot;created_timestamp&quot;:&quot;0&quot;,&quot;copyright&quot;:&quot;&quot;,&quot;focal_length&quot;:&quot;0&quot;,&quot;iso&quot;:&quot;0&quot;,&quot;shutter_speed&quot;:&quot;0&quot;,&quot;title&quot;:&quot;&quot;}\" data-image-title=\"ucrcipolletti\" data-image-description=\"\" data-image-caption=\"\" data-medium-file=\"https:\/\/i0.wp.com\/estrategica.com.co\/blog\/wp-content\/uploads\/2009\/02\/ucrcipolletti.jpg?fit=300%2C199&amp;ssl=1\" data-large-file=\"https:\/\/i0.wp.com\/estrategica.com.co\/blog\/wp-content\/uploads\/2009\/02\/ucrcipolletti.jpg?fit=340%2C226&amp;ssl=1\" class=\"alignnone size-full wp-image-3386\" title=\"ucrcipolletti\" src=\"https:\/\/i0.wp.com\/estrategica.com.co\/blog\/wp-content\/uploads\/2009\/02\/ucrcipolletti.jpg?resize=340%2C226\" alt=\"ucrcipolletti\" width=\"340\" height=\"226\" srcset=\"https:\/\/i0.wp.com\/estrategica.com.co\/blog\/wp-content\/uploads\/2009\/02\/ucrcipolletti.jpg?w=340&amp;ssl=1 340w, https:\/\/i0.wp.com\/estrategica.com.co\/blog\/wp-content\/uploads\/2009\/02\/ucrcipolletti.jpg?resize=300%2C199&amp;ssl=1 300w\" sizes=\"(max-width: 340px) 100vw, 340px\" data-recalc-dims=\"1\" \/><\/p>\n<p class=\"MsoNormal\" style=\"margin: 0cm 0cm 0pt; text-align: justify;\"><span style=\"font-family: Arial;\"><span style=\"font-size: small;\">Campa\u00f1a de Oscar Idoeta a la Intendencia de Cipolletti, a las elecciones de 2003. El mensaje es confuso y no posiciona un mensaje con rentabilidad pol\u00edtica. Ser nuevo es una condici\u00f3n que tiene cualquier desconocido, adem\u00e1s, en mensaje no es avalado ni con la grafica, ni con la actitud, ni con el formato, todo irradia predecibilidad y tradicionalidad visual.<\/span><\/span><\/p>\n<p class=\"MsoNormal\" style=\"margin: 0cm 0cm 0pt; text-align: justify;\"><span style=\"font-family: Arial;\"><span style=\"font-size: small;\"><\/span><\/span><\/p>\n","protected":false},"excerpt":{"rendered":"<p>Campa\u00f1a de Oscar Idoeta a la Intendencia de Cipolletti, a las elecciones de 2003. El mensaje es confuso y no posiciona un mensaje con rentabilidad pol\u00edtica. Ser nuevo es una condici\u00f3n que tiene cualquier desconocido, adem\u00e1s, en mensaje no es avalado ni con la grafica, ni con la actitud, ni con el formato, todo irradia [&hellip;]<\/p>\n","protected":false},"author":4,"featured_media":3386,"comment_status":"open","ping_status":"open","sticky":false,"template":"","format":"standard","meta":{"_et_pb_use_builder":"","_et_pb_old_content":"","_et_gb_content_width":"","advanced_seo_description":"","jetpack_seo_html_title":"","jetpack_seo_noindex":false,"footnotes":""},"categories":[5,24,59,46,10,11],"tags":[124,244],"class_list":["post-3387","post","type-post","status-publish","format-standard","has-post-thumbnail","hentry","category-afiches","category-argentina","category-campana-uninominal","category-fotograficos","category-geo","category-temas","tag-elecciones-2003","tag-oscar-idoeta"],"jetpack_featured_media_url":"https:\/\/i0.wp.com\/estrategica.com.co\/blog\/wp-content\/uploads\/2009\/02\/ucrcipolletti.jpg?fit=340%2C226&ssl=1","jetpack_shortlink":"https:\/\/wp.me\/p4wgsh-SD","jetpack-related-posts":[{"id":683,"url":"https:\/\/estrategica.com.co\/blog\/al-pasado-le-ganamos-entre-todos\/","url_meta":{"origin":3387,"position":0},"title":"AL PASADO le ganamos entre todos","author":"camilorojas","date":"enero 9, 2009","format":false,"excerpt":"Campa\u00f1a de An\u00edbal Ibarra y Jorge Telerman se presentaron a las elecciones de jefatura y vicejefatura de gobierno en las elecciones de 2003. Se trata de la reelecci\u00f3n de Ibarra, pues se desempe\u00f1\u00f3 como jefe de gobierno en el periodo 2000-2003. Ese primer mandato era percibido por la ciudadan\u00eda como\u2026","rel":"","context":"En \u00ab2003\u00bb","block_context":{"text":"2003","link":"https:\/\/estrategica.com.co\/blog\/category\/ano\/2003\/"},"img":{"alt_text":"","src":"","width":0,"height":0},"classes":[]},{"id":4629,"url":"https:\/\/estrategica.com.co\/blog\/menem-presidente\/","url_meta":{"origin":3387,"position":1},"title":"MENEM Presidente","author":"estrategica.com","date":"marzo 1, 2009","format":false,"excerpt":"Afiche de la campa\u00f1a de Carlos Menem para las elecciones de 2003. Se ve que no es uno de los afiches oficiales sino alguna pieza elaborada por activistas de alg\u00fan lugar. Es sin lugar a dudas una pieza sin est\u00e9tica, sin mensaje y con un montaje burdo que genera reacci\u00f3n\u2026","rel":"","context":"En \u00abAFICHES\u00bb","block_context":{"text":"AFICHES","link":"https:\/\/estrategica.com.co\/blog\/category\/afiches\/"},"img":{"alt_text":"","src":"https:\/\/i0.wp.com\/estrategica.com.co\/blog\/wp-content\/uploads\/2009\/03\/200369.jpg?fit=340%2C239&ssl=1&resize=350%2C200","width":350,"height":200},"classes":[]},{"id":523,"url":"https:\/\/estrategica.com.co\/blog\/un-pais-en-serio\/","url_meta":{"origin":3387,"position":2},"title":"UN PAIS EN SERIO","author":"camilorojas","date":"enero 5, 2009","format":false,"excerpt":"La campa\u00f1a de Kirchner se presenta en una coyuntura de inestabilidad pol\u00edtica, econ\u00f3mica y social que genera un escenario propicio a una campa\u00f1a emocional que ninguno de los candidatos a estas elecciones supo explotar. Cinco Presidentes en un mes, paros generales, abstencionismo electoral hist\u00f3rico, levantamientos en las calles, cese de\u2026","rel":"","context":"En \u00ab2003\u00bb","block_context":{"text":"2003","link":"https:\/\/estrategica.com.co\/blog\/category\/ano\/2003\/"},"img":{"alt_text":"","src":"https:\/\/i0.wp.com\/estrategica.com.co\/blog\/wp-content\/uploads\/2009\/01\/UN-PAIS-EN-SERIO.jpg?fit=454%2C351&ssl=1&resize=350%2C200","width":350,"height":200},"classes":[]},{"id":566,"url":"https:\/\/estrategica.com.co\/blog\/argentina-es-posible\/","url_meta":{"origin":3387,"position":3},"title":"ARGENTINA ES POSIBLE","author":"camilorojas","date":"enero 6, 2009","format":false,"excerpt":"La campa\u00f1a de Kirchner se presenta en una coyuntura de inestabilidad pol\u00edtica, econ\u00f3mica y social que genera un escenario propicio a una campa\u00f1a emocional que ninguno de los candidatos a estas elecciones supo explotar. Cinco Presidentes en un mes, paros generales, abstencionismo electoral hist\u00f3rico, levantamientos en las calles, cese de\u2026","rel":"","context":"En \u00ab2003\u00bb","block_context":{"text":"2003","link":"https:\/\/estrategica.com.co\/blog\/category\/ano\/2003\/"},"img":{"alt_text":"","src":"https:\/\/i0.wp.com\/estrategica.com.co\/blog\/wp-content\/uploads\/2009\/01\/ARGENTINA-ES-POSIBLE.jpg?fit=397%2C271&ssl=1&resize=350%2C200","width":350,"height":200},"classes":[]},{"id":570,"url":"https:\/\/estrategica.com.co\/blog\/dia-del-trabajo\/","url_meta":{"origin":3387,"position":4},"title":"D\u00eda del Trabajo","author":"camilorojas","date":"enero 6, 2009","format":false,"excerpt":"La campa\u00f1a de Kirchner se presenta en una coyuntura de inestabilidad pol\u00edtica, econ\u00f3mica y social que genera un escenario propicio a una campa\u00f1a emocional que ninguno de los candidatos a estas elecciones supo explotar. Cinco Presidentes en un mes, paros generales, abstencionismo electoral hist\u00f3rico, levantamientos en las calles, cese de\u2026","rel":"","context":"En \u00ab2003\u00bb","block_context":{"text":"2003","link":"https:\/\/estrategica.com.co\/blog\/category\/ano\/2003\/"},"img":{"alt_text":"","src":"https:\/\/i0.wp.com\/estrategica.com.co\/blog\/wp-content\/uploads\/2009\/01\/D\u00eda-del-Trabajo.jpg?fit=336%2C253&ssl=1&resize=350%2C200","width":350,"height":200},"classes":[]},{"id":575,"url":"https:\/\/estrategica.com.co\/blog\/por-la-patria-grande\/","url_meta":{"origin":3387,"position":5},"title":"Por la Patria Grande","author":"camilorojas","date":"enero 6, 2009","format":false,"excerpt":"La campa\u00f1a de Kirchner se presenta en una coyuntura de inestabilidad pol\u00edtica, econ\u00f3mica y social que genera un escenario propicio a una campa\u00f1a emocional que ninguno de los candidatos a estas elecciones supo explotar. Cinco Presidentes en un mes, paros generales, abstencionismo electoral hist\u00f3rico, levantamientos en las calles, cese de\u2026","rel":"","context":"En \u00ab2003\u00bb","block_context":{"text":"2003","link":"https:\/\/estrategica.com.co\/blog\/category\/ano\/2003\/"},"img":{"alt_text":"","src":"https:\/\/i0.wp.com\/estrategica.com.co\/blog\/wp-content\/uploads\/2009\/01\/Por-la-Patria-Grande.jpg?fit=336%2C251&ssl=1&resize=350%2C200","width":350,"height":200},"classes":[]}],"jetpack_sharing_enabled":true,"_links":{"self":[{"href":"https:\/\/estrategica.com.co\/blog\/wp-json\/wp\/v2\/posts\/3387","targetHints":{"allow":["GET"]}}],"collection":[{"href":"https:\/\/estrategica.com.co\/blog\/wp-json\/wp\/v2\/posts"}],"about":[{"href":"https:\/\/estrategica.com.co\/blog\/wp-json\/wp\/v2\/types\/post"}],"author":[{"embeddable":true,"href":"https:\/\/estrategica.com.co\/blog\/wp-json\/wp\/v2\/users\/4"}],"replies":[{"embeddable":true,"href":"https:\/\/estrategica.com.co\/blog\/wp-json\/wp\/v2\/comments?post=3387"}],"version-history":[{"count":1,"href":"https:\/\/estrategica.com.co\/blog\/wp-json\/wp\/v2\/posts\/3387\/revisions"}],"predecessor-version":[{"id":3388,"href":"https:\/\/estrategica.com.co\/blog\/wp-json\/wp\/v2\/posts\/3387\/revisions\/3388"}],"wp:featuredmedia":[{"embeddable":true,"href":"https:\/\/estrategica.com.co\/blog\/wp-json\/wp\/v2\/media\/3386"}],"wp:attachment":[{"href":"https:\/\/estrategica.com.co\/blog\/wp-json\/wp\/v2\/media?parent=3387"}],"wp:term":[{"taxonomy":"category","embeddable":true,"href":"https:\/\/estrategica.com.co\/blog\/wp-json\/wp\/v2\/categories?post=3387"},{"taxonomy":"post_tag","embeddable":true,"href":"https:\/\/estrategica.com.co\/blog\/wp-json\/wp\/v2\/tags?post=3387"}],"curies":[{"name":"wp","href":"https:\/\/api.w.org\/{rel}","templated":true}]}}