{"id":339,"date":"2009-01-04T01:27:50","date_gmt":"2009-01-04T01:27:50","guid":{"rendered":"http:\/\/estrategica.com.co\/blog\/?p=339"},"modified":"2009-03-27T11:54:11","modified_gmt":"2009-03-27T11:54:11","slug":"con-z-de-zapatero","status":"publish","type":"post","link":"https:\/\/estrategica.com.co\/blog\/con-z-de-zapatero\/","title":{"rendered":"Con Z de ZAPATERO"},"content":{"rendered":"<p><img loading=\"lazy\" decoding=\"async\" data-attachment-id=\"340\" data-permalink=\"https:\/\/estrategica.com.co\/blog\/con-z-de-zapatero\/195foto01g\/\" data-orig-file=\"https:\/\/i0.wp.com\/estrategica.com.co\/blog\/wp-content\/uploads\/2009\/01\/195foto01g.jpg?fit=240%2C240&amp;ssl=1\" data-orig-size=\"240,240\" data-comments-opened=\"1\" data-image-meta=\"{&quot;aperture&quot;:&quot;0&quot;,&quot;credit&quot;:&quot;&quot;,&quot;camera&quot;:&quot;&quot;,&quot;caption&quot;:&quot;&quot;,&quot;created_timestamp&quot;:&quot;0&quot;,&quot;copyright&quot;:&quot;&quot;,&quot;focal_length&quot;:&quot;0&quot;,&quot;iso&quot;:&quot;0&quot;,&quot;shutter_speed&quot;:&quot;0&quot;,&quot;title&quot;:&quot;&quot;}\" data-image-title=\"195foto01g\" data-image-description=\"\" data-image-caption=\"\" data-medium-file=\"https:\/\/i0.wp.com\/estrategica.com.co\/blog\/wp-content\/uploads\/2009\/01\/195foto01g.jpg?fit=240%2C240&amp;ssl=1\" data-large-file=\"https:\/\/i0.wp.com\/estrategica.com.co\/blog\/wp-content\/uploads\/2009\/01\/195foto01g.jpg?fit=240%2C240&amp;ssl=1\" class=\"alignnone size-full wp-image-340\" title=\"195foto01g\" src=\"https:\/\/i0.wp.com\/estrategica.com.co\/blog\/wp-content\/uploads\/2009\/01\/195foto01g.jpg?resize=240%2C240\" alt=\"195foto01g\" width=\"240\" height=\"240\" srcset=\"https:\/\/i0.wp.com\/estrategica.com.co\/blog\/wp-content\/uploads\/2009\/01\/195foto01g.jpg?w=240&amp;ssl=1 240w, https:\/\/i0.wp.com\/estrategica.com.co\/blog\/wp-content\/uploads\/2009\/01\/195foto01g.jpg?resize=150%2C150&amp;ssl=1 150w\" sizes=\"(max-width: 240px) 100vw, 240px\" data-recalc-dims=\"1\" \/><\/p>\n<p style=\"text-align: justify;\">El lanzamiento se hizo con un video en donde Rodr\u00edguez Zapatero bromeaba con su forma de hablar mientras enfatiza la \u201cZ\u201d cundo pronuncia t\u00e9rminos como modernidad, seguridad, equidad, lealtad, solidaridad y humildad. Luego invita a los ciudadanos a conocer lo logros del gobierno en el mandato que termina. Con apariencia relajada, chaqueta beige y camisa blanca sin corbata, Rodr\u00edguez Zapatero r\u00ede al ver una marioneta que lo imita en su forma de hablar. \u201cS\u00ed, la verdad es que pronuncio mucho la z\u201d, dice sentado en un sof\u00e1 en un despacho sin banderas ni retratos. \u201cDebe ser una cosa de familia o de mi tierra\u201d. La idea era una ofensiva de rendici\u00f3n de cuentas en donde se informara, de forma clara, los avances de Espa\u00f1a durante Zapatero. Visualmente la idea era volver s\u00edmbolo la \u201cZ\u201d, pero eso, lamentablemente, no se logr\u00f3 posicionar emocionalmente el s\u00edmbolo. Luego saldr\u00eda el \u201cEstoy con Zapatero\u201d y por \u00faltimo \u201cVOTA con todas tus fuerzas\u201d, estas dos \u00faltimas mucho m\u00e1s efectivas en recordaci\u00f3n y posicionamiento de mensaje que el de la \u201cZ\u201d. El video \u201cEspa\u00f1a 2004-2008\u201d fue muy bien logrado, tanto que su est\u00e9tica fue copiada por el PP para contrarrestarlo.<\/p>\n","protected":false},"excerpt":{"rendered":"<p>El lanzamiento se hizo con un video en donde Rodr\u00edguez Zapatero bromeaba con su forma de hablar mientras enfatiza la \u201cZ\u201d cundo pronuncia t\u00e9rminos como modernidad, seguridad, equidad, lealtad, solidaridad y humildad. Luego invita a los ciudadanos a conocer lo logros del gobierno en el mandato que termina. Con apariencia relajada, chaqueta beige y camisa [&hellip;]<\/p>\n","protected":false},"author":2,"featured_media":59166,"comment_status":"open","ping_status":"open","sticky":false,"template":"","format":"standard","meta":{"_et_pb_use_builder":"","_et_pb_old_content":"","_et_gb_content_width":"","advanced_seo_description":"","jetpack_seo_html_title":"","jetpack_seo_noindex":false,"footnotes":""},"categories":[268,5,263,57,23,10,45,11],"tags":[93,91,95,94,92],"class_list":["post-339","post","type-post","status-publish","format-standard","has-post-thumbnail","hentry","category-268","category-afiches","category-ano","category-campana-presidencial","category-espana","category-geo","category-ilustracion","category-temas","tag-elecciones-2008","tag-jose-luis-rodriguez-zapatero","tag-partido-socialista-espanol","tag-psoe","tag-zapatero"],"jetpack_featured_media_url":"https:\/\/i0.wp.com\/estrategica.com.co\/blog\/wp-content\/uploads\/2009\/01\/Con-Z-de-ZAPATERO3.jpg?fit=240%2C240&ssl=1","jetpack_shortlink":"https:\/\/wp.me\/p4wgsh-5t","jetpack-related-posts":[{"id":342,"url":"https:\/\/estrategica.com.co\/blog\/con-z-de-zapatero-2\/","url_meta":{"origin":339,"position":0},"title":"Con Z de ZAPATERO","author":"camilorojas","date":"enero 4, 2009","format":false,"excerpt":"El lanzamiento se hizo con un video en donde Rodr\u00edguez Zapatero bromeaba con su forma de hablar mientras enfatiza la \u201cZ\u201d cundo pronuncia t\u00e9rminos como modernidad, seguridad, equidad, lealtad, solidaridad y humildad. Luego invita a los ciudadanos a conocer lo logros del gobierno en el mandato que termina. Con apariencia\u2026","rel":"","context":"En \u00ab2008\u00bb","block_context":{"text":"2008","link":"https:\/\/estrategica.com.co\/blog\/category\/ano\/2008\/"},"img":{"alt_text":"","src":"","width":0,"height":0},"classes":[]},{"id":345,"url":"https:\/\/estrategica.com.co\/blog\/con-z-de-zapatero-3\/","url_meta":{"origin":339,"position":1},"title":"Con Z de ZAPATERO","author":"camilorojas","date":"enero 4, 2009","format":false,"excerpt":"El lanzamiento se hizo con un video en donde Rodr\u00edguez Zapatero bromeaba con su forma de hablar mientras enfatiza la \u201cZ\u201d cundo pronuncia t\u00e9rminos como modernidad, seguridad, equidad, lealtad, solidaridad y humildad. Luego invita a los ciudadanos a conocer lo logros del gobierno en el mandato que termina. Con apariencia\u2026","rel":"","context":"En \u00ab2008\u00bb","block_context":{"text":"2008","link":"https:\/\/estrategica.com.co\/blog\/category\/ano\/2008\/"},"img":{"alt_text":"","src":"","width":0,"height":0},"classes":[]},{"id":350,"url":"https:\/\/estrategica.com.co\/blog\/con-z-de-zapatero-4\/","url_meta":{"origin":339,"position":2},"title":"Con Z de ZAPATERO","author":"camilorojas","date":"enero 4, 2009","format":false,"excerpt":"El lanzamiento se hizo con un video en donde Rodr\u00edguez Zapatero bromeaba con su forma de hablar mientras enfatiza la \u201cZ\u201d cundo pronuncia t\u00e9rminos como modernidad, seguridad, equidad, lealtad, solidaridad y humildad. Luego invita a los ciudadanos a conocer lo logros del gobierno en el mandato que termina. Con apariencia\u2026","rel":"","context":"En \u00ab2008\u00bb","block_context":{"text":"2008","link":"https:\/\/estrategica.com.co\/blog\/category\/ano\/2008\/"},"img":{"alt_text":"","src":"https:\/\/i0.wp.com\/estrategica.com.co\/blog\/wp-content\/uploads\/2009\/01\/Con-Z-de-ZAPATERO4.jpg?fit=334%2C200&ssl=1&resize=350%2C200","width":350,"height":200},"classes":[]},{"id":2661,"url":"https:\/\/estrategica.com.co\/blog\/con-z-de-zapatero-5\/","url_meta":{"origin":339,"position":3},"title":"Con Z de Zapatero","author":"Juliana","date":"febrero 12, 2009","format":false,"excerpt":"[hana-flv-player video=\"\/blog\/wp-content\/uploads\/2009\/01\/ESPANA\/Con_Z_de_Zapatero.flv\" width=\"550\" height=\"\" description=\"Con Z de Zapatero\" clickurl=\"\" clicktarget=\"\" player=\"4\" autoplay=\"false\" loop=\"false\" autorewind=\"true\" splashimage=\"\" skin=\"\" \/] [icon color=\"Accent-Color\" size=\"regular\" image=\"steadysets-icon-chat\"] Contexto Video de Campa\u00f1a del Partido Socialista para las elecciones generales de 2007. En ella aparece Zapatero con vestido claro, camisa blanca y sin corbata. Trasmitiendo sencillez y frescura.\u00a0\u2026","rel":"","context":"En \u00abCampa\u00f1a Presidencial\u00bb","block_context":{"text":"Campa\u00f1a Presidencial","link":"https:\/\/estrategica.com.co\/blog\/category\/temas\/campana-presidencial\/"},"img":{"alt_text":"","src":"","width":0,"height":0},"classes":[]},{"id":371,"url":"https:\/\/estrategica.com.co\/blog\/la-mirada-positiva\/","url_meta":{"origin":339,"position":4},"title":"La mirada positiva","author":"camilorojas","date":"enero 4, 2009","format":false,"excerpt":"Esta fue otra de las tantas iniciativas de comunicaci\u00f3n en la err\u00e1tica campa\u00f1a del 2008 en Espa\u00f1a. \u201cLa mirada positiva\u201d har\u00eda compa\u00f1\u00eda a \u201cCon Z de ZAPATERO\u201d, a \u201cEstoy con Zapatero\u201d y a \u201cVOTA con todas tus fuerzas\u201d. Muchos mensajes, muchas est\u00e9ticas\u2026 mucha confusi\u00f3n. Por fortuna los adversarios estaban en\u2026","rel":"","context":"En \u00ab2008\u00bb","block_context":{"text":"2008","link":"https:\/\/estrategica.com.co\/blog\/category\/ano\/2008\/"},"img":{"alt_text":"","src":"https:\/\/i0.wp.com\/estrategica.com.co\/blog\/wp-content\/uploads\/2009\/01\/La-mirada-positiva.jpg?fit=320%2C240&ssl=1&resize=350%2C200","width":350,"height":200},"classes":[]},{"id":2701,"url":"https:\/\/estrategica.com.co\/blog\/el-segundo-mejor-pais-para-ser-nino-psoe\/","url_meta":{"origin":339,"position":5},"title":"El Segundo Mejor Pais para ser Ni\u00f1o &#8211; PSOE","author":"Juliana","date":"enero 28, 2009","format":false,"excerpt":"[hana-flv-player video=\"\/blog\/wp-content\/uploads\/2009\/01\/ESPANA\/El_segundo_mejor_pais_para_ser_nino.flv\" width=\"550\" height=\"\" description=\"El Segundo Mejor Pais para ser Ni\u00f1o - PSOE\" clickurl=\"\" clicktarget=\"\" player=\"4\" autoplay=\"false\" loop=\"false\" autorewind=\"true\" splashimage=\"\" skin=\"\" \/] [icon color=\"Accent-Color\" size=\"regular\" image=\"steadysets-icon-chat\"] Contexto Spot de Campa\u00f1a con el que el PSOE cerro su estrategia de balance de gesti\u00f3n durante el gobierno de Rodr\u00edguez Zapatero. El v\u00eddeo\u2026","rel":"","context":"En \u00abCampa\u00f1a Presidencial\u00bb","block_context":{"text":"Campa\u00f1a Presidencial","link":"https:\/\/estrategica.com.co\/blog\/category\/temas\/campana-presidencial\/"},"img":{"alt_text":"","src":"https:\/\/i0.wp.com\/estrategica.com.co\/blog\/wp-content\/uploads\/2009\/01\/el_segundo_mejor_pais_para_ser_nino_thumb.png?fit=335%2C227&ssl=1&resize=350%2C200","width":350,"height":200},"classes":[]}],"jetpack_sharing_enabled":true,"_links":{"self":[{"href":"https:\/\/estrategica.com.co\/blog\/wp-json\/wp\/v2\/posts\/339","targetHints":{"allow":["GET"]}}],"collection":[{"href":"https:\/\/estrategica.com.co\/blog\/wp-json\/wp\/v2\/posts"}],"about":[{"href":"https:\/\/estrategica.com.co\/blog\/wp-json\/wp\/v2\/types\/post"}],"author":[{"embeddable":true,"href":"https:\/\/estrategica.com.co\/blog\/wp-json\/wp\/v2\/users\/2"}],"replies":[{"embeddable":true,"href":"https:\/\/estrategica.com.co\/blog\/wp-json\/wp\/v2\/comments?post=339"}],"version-history":[{"count":4,"href":"https:\/\/estrategica.com.co\/blog\/wp-json\/wp\/v2\/posts\/339\/revisions"}],"predecessor-version":[{"id":8521,"href":"https:\/\/estrategica.com.co\/blog\/wp-json\/wp\/v2\/posts\/339\/revisions\/8521"}],"wp:featuredmedia":[{"embeddable":true,"href":"https:\/\/estrategica.com.co\/blog\/wp-json\/wp\/v2\/media\/59166"}],"wp:attachment":[{"href":"https:\/\/estrategica.com.co\/blog\/wp-json\/wp\/v2\/media?parent=339"}],"wp:term":[{"taxonomy":"category","embeddable":true,"href":"https:\/\/estrategica.com.co\/blog\/wp-json\/wp\/v2\/categories?post=339"},{"taxonomy":"post_tag","embeddable":true,"href":"https:\/\/estrategica.com.co\/blog\/wp-json\/wp\/v2\/tags?post=339"}],"curies":[{"name":"wp","href":"https:\/\/api.w.org\/{rel}","templated":true}]}}