{"id":3426,"date":"2009-02-05T13:24:24","date_gmt":"2009-02-05T13:24:24","guid":{"rendered":"http:\/\/estrategica.com.co\/blog\/?p=3426"},"modified":"2009-02-10T02:18:40","modified_gmt":"2009-02-10T02:18:40","slug":"%c2%a1palabra","status":"publish","type":"post","link":"https:\/\/estrategica.com.co\/blog\/%c2%a1palabra\/","title":{"rendered":"\u00a1Palabra!"},"content":{"rendered":"<p><img loading=\"lazy\" decoding=\"async\" data-attachment-id=\"3425\" data-permalink=\"https:\/\/estrategica.com.co\/blog\/%c2%a1palabra\/pp1989\/\" data-orig-file=\"https:\/\/i0.wp.com\/estrategica.com.co\/blog\/wp-content\/uploads\/2009\/02\/pp1989.jpg?fit=300%2C473&amp;ssl=1\" data-orig-size=\"300,473\" data-comments-opened=\"1\" data-image-meta=\"{&quot;aperture&quot;:&quot;0&quot;,&quot;credit&quot;:&quot;&quot;,&quot;camera&quot;:&quot;&quot;,&quot;caption&quot;:&quot;&quot;,&quot;created_timestamp&quot;:&quot;0&quot;,&quot;copyright&quot;:&quot;&quot;,&quot;focal_length&quot;:&quot;0&quot;,&quot;iso&quot;:&quot;0&quot;,&quot;shutter_speed&quot;:&quot;0&quot;,&quot;title&quot;:&quot;&quot;}\" data-image-title=\"pp1989\" data-image-description=\"\" data-image-caption=\"\" data-medium-file=\"https:\/\/i0.wp.com\/estrategica.com.co\/blog\/wp-content\/uploads\/2009\/02\/pp1989.jpg?fit=190%2C300&amp;ssl=1\" data-large-file=\"https:\/\/i0.wp.com\/estrategica.com.co\/blog\/wp-content\/uploads\/2009\/02\/pp1989.jpg?fit=300%2C473&amp;ssl=1\" class=\"alignnone size-full wp-image-3425\" title=\"pp1989\" src=\"https:\/\/i0.wp.com\/estrategica.com.co\/blog\/wp-content\/uploads\/2009\/02\/pp1989.jpg?resize=300%2C473\" alt=\"pp1989\" width=\"300\" height=\"473\" srcset=\"https:\/\/i0.wp.com\/estrategica.com.co\/blog\/wp-content\/uploads\/2009\/02\/pp1989.jpg?w=300&amp;ssl=1 300w, https:\/\/i0.wp.com\/estrategica.com.co\/blog\/wp-content\/uploads\/2009\/02\/pp1989.jpg?resize=190%2C300&amp;ssl=1 190w\" sizes=\"(max-width: 300px) 100vw, 300px\" data-recalc-dims=\"1\" \/><\/p>\n<p class=\"MsoNormal\" style=\"margin: 0cm 0cm 0pt; text-align: justify;\"><span style=\"font-family: Arial;\"><span style=\"font-size: small;\">Afiche de campa\u00f1a del Partido Popular para las elecciones de 1989. En la grafica aparece el candidato, Jos\u00e9 Mar\u00eda Aznar, sonriendo en un escenario buc\u00f3lico de cielo azul y prados verdes. El slogan de campa\u00f1a \u201c\u00a1Palabra!\u201d. El PP se estrena como partido en estas elecciones despu\u00e9s de su refundaci\u00f3n ese mismo a\u00f1o. <span style=\"font-family: Arial;\">El PSOE comienza a vivir el desgaste de su favorabilidad ante la opini\u00f3n p\u00fablica. Los esc\u00e1ndalos tanto en materia econ\u00f3mica como en lucha contra el terrorismo hab\u00edan desgastado la reputaci\u00f3n de la administraci\u00f3n. Sin embargo, los socialistas obtienen una apretada mayor\u00eda absoluta que los obliga a pactar con los nacionalistas vascos. A su vez, los dem\u00e1s partidos inician un proceso de renovaci\u00f3n de liderazgos que los remoza y les da un nuevo aire. Jos\u00e9 Maria Aznar se convierte en la cabeza del Partido Popular, heredero de AP, y Julio Anguita se posiciona a la cabeza de Izquierda Unida. El Partido de Adolfo Su\u00e1rez inicia un l\u00e1nguido proceso de desaparecimiento del escenario.<\/span><\/span><\/span><\/p>\n<p class=\"MsoNormal\" style=\"margin: 0cm 0cm 0pt; text-align: justify;\">\u00a0<\/p>\n","protected":false},"excerpt":{"rendered":"<p>Afiche de campa\u00f1a del Partido Popular para las elecciones de 1989. En la grafica aparece el candidato, Jos\u00e9 Mar\u00eda Aznar, sonriendo en un escenario buc\u00f3lico de cielo azul y prados verdes. El slogan de campa\u00f1a \u201c\u00a1Palabra!\u201d. El PP se estrena como partido en estas elecciones despu\u00e9s de su refundaci\u00f3n ese mismo a\u00f1o. El PSOE comienza [&hellip;]<\/p>\n","protected":false},"author":4,"featured_media":3425,"comment_status":"open","ping_status":"open","sticky":false,"template":"","format":"standard","meta":{"_et_pb_use_builder":"","_et_pb_old_content":"","_et_gb_content_width":"","advanced_seo_description":"","jetpack_seo_html_title":"","jetpack_seo_noindex":false,"footnotes":""},"categories":[5,57,23,46,10,11],"tags":[139,245,100,99],"class_list":["post-3426","post","type-post","status-publish","format-standard","has-post-thumbnail","hentry","category-afiches","category-campana-presidencial","category-espana","category-fotograficos","category-geo","category-temas","tag-elecciones-1989","tag-jose-maria-aznar","tag-partido-popular","tag-pp"],"jetpack_featured_media_url":"https:\/\/i0.wp.com\/estrategica.com.co\/blog\/wp-content\/uploads\/2009\/02\/pp1989.jpg?fit=300%2C473&ssl=1","jetpack_shortlink":"https:\/\/wp.me\/p4wgsh-Tg","jetpack-related-posts":[{"id":7018,"url":"https:\/\/estrategica.com.co\/blog\/aznar-en-familia\/","url_meta":{"origin":3426,"position":0},"title":"Aznar en familia","author":"Juliana","date":"marzo 19, 2009","format":false,"excerpt":"[hana-flv-player video=\"\/blog\/wp-content\/uploads\/2009\/01\/videos_varios_f\/Aznar_y_su_familia_en_1989.flv\" width=\"550\" height=\"\" description=\"Aznar en familia\" clickurl=\"\" clicktarget=\"\" player=\"4\" autoplay=\"false\" loop=\"false\" autorewind=\"true\" splashimage=\"\" skin=\"\" \/] [icon color=\"Accent-Color\" size=\"regular\" image=\"steadysets-icon-chat\"] Contexto Video de campa\u00f1a del Partido Popular para las elecciones de 1989. En la grafica aparece el candidato, Jos\u00e9 Mar\u00eda Aznar, en sus rutinas de vida familiar, con su esposa\u2026","rel":"","context":"En \u00abCampa\u00f1a Presidencial\u00bb","block_context":{"text":"Campa\u00f1a Presidencial","link":"https:\/\/estrategica.com.co\/blog\/category\/temas\/campana-presidencial\/"},"img":{"alt_text":"","src":"https:\/\/i0.wp.com\/estrategica.com.co\/blog\/wp-content\/uploads\/2009\/03\/aznar_y_su_familia_en_1989_thumb.png?fit=334%2C254&ssl=1&resize=350%2C200","width":350,"height":200},"classes":[]},{"id":3423,"url":"https:\/\/estrategica.com.co\/blog\/con-la-nueva-mayoria\/","url_meta":{"origin":3426,"position":1},"title":"CON LA NUEVA MAYORIA","author":"estrategica.com","date":"febrero 5, 2009","format":false,"excerpt":"Afiche de campa\u00f1a del Partido Popular para las elecciones de 1996. En la grafica aparece el candidato, Jos\u00e9 Mar\u00eda Aznar, en una actitud tranquila, mirando al elector a los ojos. El slogan de campa\u00f1a \u201cCon la Nueva Mayor\u00eda\u201d pretend\u00eda persuadir a los grandes segmentos poblacionales \u00a0que, seg\u00fan las encuestas, estaban\u2026","rel":"","context":"En \u00abAFICHES\u00bb","block_context":{"text":"AFICHES","link":"https:\/\/estrategica.com.co\/blog\/category\/afiches\/"},"img":{"alt_text":"","src":"https:\/\/i0.wp.com\/estrategica.com.co\/blog\/wp-content\/uploads\/2009\/02\/pp1996.jpg?fit=300%2C440&ssl=1&resize=350%2C200","width":350,"height":200},"classes":[]},{"id":3438,"url":"https:\/\/estrategica.com.co\/blog\/ahora\/","url_meta":{"origin":3426,"position":2},"title":"AHORA","author":"estrategica.com","date":"febrero 10, 2009","format":false,"excerpt":"Campa\u00f1a del Partido Popular para las elecciones generales de 1993. Es una afiche azul que busca emocionar a los militantes en los m\u00edtines de los populares. El ahora busca convertirse en un grito de combate que estimule el voto y la posibilidad de triunfo.","rel":"","context":"En \u00abAFICHES\u00bb","block_context":{"text":"AFICHES","link":"https:\/\/estrategica.com.co\/blog\/category\/afiches\/"},"img":{"alt_text":"","src":"https:\/\/i0.wp.com\/estrategica.com.co\/blog\/wp-content\/uploads\/2009\/02\/pp1993.jpg?fit=300%2C427&ssl=1&resize=350%2C200","width":350,"height":200},"classes":[]},{"id":3442,"url":"https:\/\/estrategica.com.co\/blog\/vamos-a-mas\/","url_meta":{"origin":3426,"position":3},"title":"Vamos a M\u00e1s","author":"estrategica.com","date":"febrero 10, 2009","format":false,"excerpt":"Campa\u00f1a del Partido Popular para las elecciones generales de 2000. En el afiche se sobreponen temas como las pensiones, la educaci\u00f3n, vivienda, ahorro, progreso o menos impuestos, entre otros, para luego enfatizar \u201cVamos a M\u00e1s\u201d. El Partido Popular consigui\u00f3 la mayor\u00eda absoluta de los esca\u00f1os, gracias al bajonazo electoral que\u2026","rel":"","context":"En \u00abAFICHES\u00bb","block_context":{"text":"AFICHES","link":"https:\/\/estrategica.com.co\/blog\/category\/afiches\/"},"img":{"alt_text":"","src":"https:\/\/i0.wp.com\/estrategica.com.co\/blog\/wp-content\/uploads\/2009\/02\/pp2000.jpg?fit=300%2C234&ssl=1&resize=350%2C200","width":350,"height":200},"classes":[]},{"id":11133,"url":"https:\/\/estrategica.com.co\/blog\/espanaandaluciappjosemariaaznar96\/","url_meta":{"origin":3426,"position":4},"title":"Nueva Mayor\u00eda &#8211; Aznar","author":"Juliana","date":"abril 17, 2011","format":false,"excerpt":"[hana-flv-player video=\"\/blog\/wp-content\/uploads\/2009\/01\/carpeta_muchos_varios\/EspanaAndaluciaPPJoseMariaAznar96.flv\" width=\"550\" height=\"\" description=\"Nueva Mayor\u00eda - Aznar\" clickurl=\"\" clicktarget=\"\" player=\"4\" autoplay=\"false\" loop=\"false\" autorewind=\"true\" splashimage=\"\" skin=\"\" \/] [icon color=\"Accent-Color\" size=\"regular\" image=\"steadysets-icon-chat\"] Contexto Spot de campa\u00f1a del Partido Popular para las elecciones de 1996. En la estrategia grafica aparece el candidato, Jos\u00e9 Mar\u00eda Aznar, en una actitud tranquila, mirando al elector\u2026","rel":"","context":"En \u00ab1996\u00bb","block_context":{"text":"1996","link":"https:\/\/estrategica.com.co\/blog\/category\/ano\/1996\/"},"img":{"alt_text":"","src":"https:\/\/i0.wp.com\/estrategica.com.co\/blog\/wp-content\/uploads\/2009\/04\/espanaandaluciappjosemariaaznar96_thumb.png?fit=317%2C234&ssl=1&resize=350%2C200","width":350,"height":200},"classes":[]},{"id":11717,"url":"https:\/\/estrategica.com.co\/blog\/cafeteria-partido-popular\/","url_meta":{"origin":3426,"position":5},"title":"Cafeter\u00eda &#8211; Partido Popular","author":"Juliana","date":"abril 25, 2009","format":false,"excerpt":"[hana-flv-player video=\"\/blog\/wp-content\/uploads\/2009\/01\/carpeta_muchos_varios\/EspanaPartidoPopularJoseMariaAznar1995.flv\" width=\"550\" height=\"\" description=\"Cafeter\u00eda - Partido Popular\" clickurl=\"\" clicktarget=\"\" player=\"4\" autoplay=\"false\" loop=\"false\" autorewind=\"true\" splashimage=\"\" skin=\"\" \/] [icon color=\"Accent-Color\" size=\"regular\" image=\"steadysets-icon-chat\"] Contexto Spot del Partido Popular para las elecciones municipales de 1995. El gui\u00f3n se desarrolla en una cafeter\u00eda en donde las distintas audiencias y tem\u00e1ticas \u2013trabajo para los j\u00f3venes,\u2026","rel":"","context":"En \u00abCampa\u00f1a Cuerpo Colegiado\u00bb","block_context":{"text":"Campa\u00f1a Cuerpo Colegiado","link":"https:\/\/estrategica.com.co\/blog\/category\/temas\/campana-colegiada\/"},"img":{"alt_text":"","src":"https:\/\/i0.wp.com\/estrategica.com.co\/blog\/wp-content\/uploads\/2009\/04\/espanapartidopopularjosemariaaznar1995_thumb.png?fit=273%2C228&ssl=1&resize=350%2C200","width":350,"height":200},"classes":[]}],"jetpack_sharing_enabled":true,"_links":{"self":[{"href":"https:\/\/estrategica.com.co\/blog\/wp-json\/wp\/v2\/posts\/3426","targetHints":{"allow":["GET"]}}],"collection":[{"href":"https:\/\/estrategica.com.co\/blog\/wp-json\/wp\/v2\/posts"}],"about":[{"href":"https:\/\/estrategica.com.co\/blog\/wp-json\/wp\/v2\/types\/post"}],"author":[{"embeddable":true,"href":"https:\/\/estrategica.com.co\/blog\/wp-json\/wp\/v2\/users\/4"}],"replies":[{"embeddable":true,"href":"https:\/\/estrategica.com.co\/blog\/wp-json\/wp\/v2\/comments?post=3426"}],"version-history":[{"count":4,"href":"https:\/\/estrategica.com.co\/blog\/wp-json\/wp\/v2\/posts\/3426\/revisions"}],"predecessor-version":[{"id":3428,"href":"https:\/\/estrategica.com.co\/blog\/wp-json\/wp\/v2\/posts\/3426\/revisions\/3428"}],"wp:featuredmedia":[{"embeddable":true,"href":"https:\/\/estrategica.com.co\/blog\/wp-json\/wp\/v2\/media\/3425"}],"wp:attachment":[{"href":"https:\/\/estrategica.com.co\/blog\/wp-json\/wp\/v2\/media?parent=3426"}],"wp:term":[{"taxonomy":"category","embeddable":true,"href":"https:\/\/estrategica.com.co\/blog\/wp-json\/wp\/v2\/categories?post=3426"},{"taxonomy":"post_tag","embeddable":true,"href":"https:\/\/estrategica.com.co\/blog\/wp-json\/wp\/v2\/tags?post=3426"}],"curies":[{"name":"wp","href":"https:\/\/api.w.org\/{rel}","templated":true}]}}