{"id":3433,"date":"2009-02-10T03:26:26","date_gmt":"2009-02-10T03:26:26","guid":{"rendered":"http:\/\/estrategica.com.co\/blog\/?p=3433"},"modified":"2009-02-10T03:26:26","modified_gmt":"2009-02-10T03:26:26","slug":"espana-en-positivo","status":"publish","type":"post","link":"https:\/\/estrategica.com.co\/blog\/espana-en-positivo\/","title":{"rendered":"Espa\u00f1a en positivo"},"content":{"rendered":"<p><img loading=\"lazy\" decoding=\"async\" data-attachment-id=\"3432\" data-permalink=\"https:\/\/estrategica.com.co\/blog\/espana-en-positivo\/psoe96\/\" data-orig-file=\"https:\/\/i0.wp.com\/estrategica.com.co\/blog\/wp-content\/uploads\/2009\/02\/psoe96.jpg?fit=300%2C419&amp;ssl=1\" data-orig-size=\"300,419\" data-comments-opened=\"1\" data-image-meta=\"{&quot;aperture&quot;:&quot;0&quot;,&quot;credit&quot;:&quot;&quot;,&quot;camera&quot;:&quot;&quot;,&quot;caption&quot;:&quot;&quot;,&quot;created_timestamp&quot;:&quot;0&quot;,&quot;copyright&quot;:&quot;&quot;,&quot;focal_length&quot;:&quot;0&quot;,&quot;iso&quot;:&quot;0&quot;,&quot;shutter_speed&quot;:&quot;0&quot;,&quot;title&quot;:&quot;&quot;}\" data-image-title=\"psoe96\" data-image-description=\"\" data-image-caption=\"\" data-medium-file=\"https:\/\/i0.wp.com\/estrategica.com.co\/blog\/wp-content\/uploads\/2009\/02\/psoe96.jpg?fit=214%2C300&amp;ssl=1\" data-large-file=\"https:\/\/i0.wp.com\/estrategica.com.co\/blog\/wp-content\/uploads\/2009\/02\/psoe96.jpg?fit=300%2C419&amp;ssl=1\" class=\"alignnone size-full wp-image-3432\" title=\"psoe96\" src=\"https:\/\/i0.wp.com\/estrategica.com.co\/blog\/wp-content\/uploads\/2009\/02\/psoe96.jpg?resize=300%2C419\" alt=\"psoe96\" width=\"300\" height=\"419\" srcset=\"https:\/\/i0.wp.com\/estrategica.com.co\/blog\/wp-content\/uploads\/2009\/02\/psoe96.jpg?w=300&amp;ssl=1 300w, https:\/\/i0.wp.com\/estrategica.com.co\/blog\/wp-content\/uploads\/2009\/02\/psoe96.jpg?resize=214%2C300&amp;ssl=1 214w\" sizes=\"(max-width: 300px) 100vw, 300px\" data-recalc-dims=\"1\" \/><\/p>\n<p class=\"MsoNormal\" style=\"margin: 0cm 0cm 0pt; text-align: justify;\"><span style=\"font-family: Arial;\"><span style=\"font-size: small;\">Campa\u00f1a del Partido Socialista para las elecciones generales de 1996. En la imagen aparece un Felipe Gonz\u00e1lez canoso y envejecido que ha perdido, con los a\u00f1os de gobierno, la frescura de la juventud. Es como si la mueca hubiera recogido el desgaste de su administraci\u00f3n. La publicidad esta a la defensiva. Tanto el afiche como el spot que se difundi\u00f3 part\u00edan del supuesto de que todo no era negativo que hab\u00eda que mirar Espa\u00f1a en positivo. Sin embargo, la herencia negativa era muy grande y el electorado quer\u00eda el cambio. El presidente del gobierno Felipe Gonz\u00e1lez del PSOE perdi\u00f3 las elecciones a favor del Partido Popular, liderado por Jos\u00e9 Mar\u00eda Aznar.<\/span><\/span><\/p>\n","protected":false},"excerpt":{"rendered":"<p>Campa\u00f1a del Partido Socialista para las elecciones generales de 1996. En la imagen aparece un Felipe Gonz\u00e1lez canoso y envejecido que ha perdido, con los a\u00f1os de gobierno, la frescura de la juventud. Es como si la mueca hubiera recogido el desgaste de su administraci\u00f3n. La publicidad esta a la defensiva. Tanto el afiche como [&hellip;]<\/p>\n","protected":false},"author":4,"featured_media":3432,"comment_status":"open","ping_status":"open","sticky":false,"template":"","format":"standard","meta":{"_et_pb_use_builder":"","_et_pb_old_content":"","_et_gb_content_width":"","advanced_seo_description":"","jetpack_seo_html_title":"","jetpack_seo_noindex":false,"footnotes":""},"categories":[5,57,23,46,10,11],"tags":[206,153,95,94],"class_list":["post-3433","post","type-post","status-publish","format-standard","has-post-thumbnail","hentry","category-afiches","category-campana-presidencial","category-espana","category-fotograficos","category-geo","category-temas","tag-elecciones-1996","tag-felipe-gonzalez","tag-partido-socialista-espanol","tag-psoe"],"jetpack_featured_media_url":"https:\/\/i0.wp.com\/estrategica.com.co\/blog\/wp-content\/uploads\/2009\/02\/psoe96.jpg?fit=300%2C419&ssl=1","jetpack_shortlink":"https:\/\/wp.me\/p4wgsh-Tn","jetpack-related-posts":[{"id":8357,"url":"https:\/\/estrategica.com.co\/blog\/espana-en-positivo-doverman-felipe-gonzalez\/","url_meta":{"origin":3433,"position":0},"title":"Espa\u00f1a en Positivo &#8211; Doverman &#8211; Felipe Gonzalez","author":"Juliana","date":"marzo 27, 2009","format":false,"excerpt":"[hana-flv-player video=\"\/blog\/wp-content\/uploads\/2009\/01\/videos_varios_f\/Video_electoral_PSOE_1996_doberman.flv\" width=\"550\" height=\"\" description=\"Espa\u00f1a en Positivo - Doverman - Felipe Gonzalez\" clickurl=\"\" clicktarget=\"\" player=\"4\" autoplay=\"false\" loop=\"false\" autorewind=\"true\" splashimage=\"\" skin=\"\" \/] [icon color=\"Accent-Color\" size=\"regular\" image=\"steadysets-icon-chat\"] Contexto Campa\u00f1a del Partido Socialista para las elecciones generales de 1996. En la imagen aparece un Felipe Gonz\u00e1lez canoso y envejecido que ha perdido, con\u2026","rel":"","context":"En \u00abCampa\u00f1a Presidencial\u00bb","block_context":{"text":"Campa\u00f1a Presidencial","link":"https:\/\/estrategica.com.co\/blog\/category\/temas\/campana-presidencial\/"},"img":{"alt_text":"","src":"https:\/\/i0.wp.com\/estrategica.com.co\/blog\/wp-content\/uploads\/2009\/03\/video_electoral_psoe_1996_doberman_thumb.png?fit=258%2C221&ssl=1&resize=350%2C200","width":350,"height":200},"classes":[]},{"id":914,"url":"https:\/\/estrategica.com.co\/blog\/un-gobierno-firme-para-una-sociedad-justa\/","url_meta":{"origin":3433,"position":1},"title":"Un Gobierno firme para una Sociedad Justa.","author":"estrategica.com","date":"enero 12, 2009","format":false,"excerpt":"Afiche de campa\u00f1a para las elecciones de 1979. La fotograf\u00eda, en blanco y negro, muestra a Felipe Gonz\u00e1lez en actitud facial de dialogo. Los slogans elegidos por el PSOE para esa campa\u00f1a fueron: \u201cTu voto es nuestra fuerza\u201d, \u201cUn gobierno firme para una sociedad justa\u201d y \u201cUn gobierno firme para\u2026","rel":"","context":"En \u00abAFICHES\u00bb","block_context":{"text":"AFICHES","link":"https:\/\/estrategica.com.co\/blog\/category\/afiches\/"},"img":{"alt_text":"","src":"https:\/\/i0.wp.com\/estrategica.com.co\/blog\/wp-content\/uploads\/2009\/01\/psoe79.jpg?fit=325%2C212&ssl=1&resize=350%2C200","width":350,"height":200},"classes":[]},{"id":942,"url":"https:\/\/estrategica.com.co\/blog\/espana-en-progreso\/","url_meta":{"origin":3433,"position":2},"title":"Espa\u00f1a, en progreso","author":"estrategica.com","date":"enero 12, 2009","format":false,"excerpt":"\u00a0Afiche de campa\u00f1a para las elecciones parlamentarias de 1989. Se mantiene la estrategia de focalizar la imagen del PSOE en Felipe Gonz\u00e1lez que aparece ac\u00e1 m\u00e1s maduro y mirando al elector. El mensaje es que vamos bien por el rumbo que vamos y lo sintetizan en el slogan \u201cEspa\u00f1a, en\u2026","rel":"","context":"En \u00abAFICHES\u00bb","block_context":{"text":"AFICHES","link":"https:\/\/estrategica.com.co\/blog\/category\/afiches\/"},"img":{"alt_text":"","src":"https:\/\/i0.wp.com\/estrategica.com.co\/blog\/wp-content\/uploads\/2009\/01\/psoe891.jpg?fit=325%2C230&ssl=1&resize=350%2C200","width":350,"height":200},"classes":[]},{"id":906,"url":"https:\/\/estrategica.com.co\/blog\/vota-psoe\/","url_meta":{"origin":3433,"position":3},"title":"VOTA PSOE","author":"estrategica.com","date":"enero 12, 2009","format":false,"excerpt":"Interesante afiche del PSOE para la campa\u00f1a electoral de 1977. La grafica es una ilustraci\u00f3n tradicional de la izquierda en donde se muestra un obrero, un trabajador de los puertos, un ciudadano urbano y una campesina, y en el centro de ellos, Felipe Gonz\u00e1lez, el candidato. Cada protagonista de la\u2026","rel":"","context":"En \u00abAFICHES\u00bb","block_context":{"text":"AFICHES","link":"https:\/\/estrategica.com.co\/blog\/category\/afiches\/"},"img":{"alt_text":"","src":"https:\/\/i0.wp.com\/estrategica.com.co\/blog\/wp-content\/uploads\/2009\/01\/p61500911.jpg?fit=617%2C394&ssl=1&resize=350%2C200","width":350,"height":200},"classes":[]},{"id":953,"url":"https:\/\/estrategica.com.co\/blog\/vota-futuro\/","url_meta":{"origin":3433,"position":4},"title":"VOTA FUTURO","author":"estrategica.com","date":"enero 12, 2009","format":false,"excerpt":"Afiche de campa\u00f1a del PSOE para las elecciones de 1993. La campa\u00f1a de este a\u00f1o ha sido de las m\u00e1s re\u00f1idas en la historia reciente de Espa\u00f1a. Los esc\u00e1ndalos de corrupci\u00f3n ensombrecen la gesti\u00f3n en el gobierno del PSOE. A la corrupci\u00f3n se sumaba la dif\u00edcil situaci\u00f3n econ\u00f3mica y el\u2026","rel":"","context":"En \u00abAFICHES\u00bb","block_context":{"text":"AFICHES","link":"https:\/\/estrategica.com.co\/blog\/category\/afiches\/"},"img":{"alt_text":"","src":"https:\/\/i0.wp.com\/estrategica.com.co\/blog\/wp-content\/uploads\/2009\/01\/psoe93.jpg?fit=325%2C443&ssl=1&resize=350%2C200","width":350,"height":200},"classes":[]},{"id":928,"url":"https:\/\/estrategica.com.co\/blog\/por-buen-camino\/","url_meta":{"origin":3433,"position":5},"title":"Por buen camino","author":"estrategica.com","date":"enero 12, 2009","format":false,"excerpt":"Afiche de campa\u00f1a del PSOE para las elecciones de 1986. La campa\u00f1a ya no esta fundamentada en el cambio, como en 1982, porque llevan cuatro a\u00f1os en el gobierno y deben propugnar pero por el continuismo. En la imagen aparece Gonz\u00e1lez en un escenario arbolado y se afirma que vamos\u2026","rel":"","context":"En \u00abAFICHES\u00bb","block_context":{"text":"AFICHES","link":"https:\/\/estrategica.com.co\/blog\/category\/afiches\/"},"img":{"alt_text":"","src":"https:\/\/i0.wp.com\/estrategica.com.co\/blog\/wp-content\/uploads\/2009\/01\/psoe86.jpg?fit=300%2C423&ssl=1&resize=350%2C200","width":350,"height":200},"classes":[]}],"jetpack_sharing_enabled":true,"_links":{"self":[{"href":"https:\/\/estrategica.com.co\/blog\/wp-json\/wp\/v2\/posts\/3433","targetHints":{"allow":["GET"]}}],"collection":[{"href":"https:\/\/estrategica.com.co\/blog\/wp-json\/wp\/v2\/posts"}],"about":[{"href":"https:\/\/estrategica.com.co\/blog\/wp-json\/wp\/v2\/types\/post"}],"author":[{"embeddable":true,"href":"https:\/\/estrategica.com.co\/blog\/wp-json\/wp\/v2\/users\/4"}],"replies":[{"embeddable":true,"href":"https:\/\/estrategica.com.co\/blog\/wp-json\/wp\/v2\/comments?post=3433"}],"version-history":[{"count":1,"href":"https:\/\/estrategica.com.co\/blog\/wp-json\/wp\/v2\/posts\/3433\/revisions"}],"predecessor-version":[{"id":3434,"href":"https:\/\/estrategica.com.co\/blog\/wp-json\/wp\/v2\/posts\/3433\/revisions\/3434"}],"wp:featuredmedia":[{"embeddable":true,"href":"https:\/\/estrategica.com.co\/blog\/wp-json\/wp\/v2\/media\/3432"}],"wp:attachment":[{"href":"https:\/\/estrategica.com.co\/blog\/wp-json\/wp\/v2\/media?parent=3433"}],"wp:term":[{"taxonomy":"category","embeddable":true,"href":"https:\/\/estrategica.com.co\/blog\/wp-json\/wp\/v2\/categories?post=3433"},{"taxonomy":"post_tag","embeddable":true,"href":"https:\/\/estrategica.com.co\/blog\/wp-json\/wp\/v2\/tags?post=3433"}],"curies":[{"name":"wp","href":"https:\/\/api.w.org\/{rel}","templated":true}]}}