{"id":3438,"date":"2009-02-10T23:04:01","date_gmt":"2009-02-10T23:04:01","guid":{"rendered":"http:\/\/estrategica.com.co\/blog\/?p=3438"},"modified":"2014-03-07T17:28:16","modified_gmt":"2014-03-07T22:28:16","slug":"ahora","status":"publish","type":"post","link":"https:\/\/estrategica.com.co\/blog\/ahora\/","title":{"rendered":"AHORA"},"content":{"rendered":"<p><img loading=\"lazy\" decoding=\"async\" data-attachment-id=\"3439\" data-permalink=\"https:\/\/estrategica.com.co\/blog\/ahora\/pp1993\/\" data-orig-file=\"https:\/\/i0.wp.com\/estrategica.com.co\/blog\/wp-content\/uploads\/2009\/02\/pp1993.jpg?fit=300%2C427&amp;ssl=1\" data-orig-size=\"300,427\" data-comments-opened=\"1\" data-image-meta=\"{&quot;aperture&quot;:&quot;0&quot;,&quot;credit&quot;:&quot;&quot;,&quot;camera&quot;:&quot;&quot;,&quot;caption&quot;:&quot;&quot;,&quot;created_timestamp&quot;:&quot;0&quot;,&quot;copyright&quot;:&quot;&quot;,&quot;focal_length&quot;:&quot;0&quot;,&quot;iso&quot;:&quot;0&quot;,&quot;shutter_speed&quot;:&quot;0&quot;,&quot;title&quot;:&quot;&quot;}\" data-image-title=\"pp1993\" data-image-description=\"\" data-image-caption=\"\" data-medium-file=\"https:\/\/i0.wp.com\/estrategica.com.co\/blog\/wp-content\/uploads\/2009\/02\/pp1993.jpg?fit=210%2C300&amp;ssl=1\" data-large-file=\"https:\/\/i0.wp.com\/estrategica.com.co\/blog\/wp-content\/uploads\/2009\/02\/pp1993.jpg?fit=300%2C427&amp;ssl=1\" class=\"alignnone size-full wp-image-3439\" title=\"pp1993\" alt=\"pp1993\" src=\"https:\/\/i0.wp.com\/estrategica.com.co\/blog\/wp-content\/uploads\/2009\/02\/pp1993.jpg?resize=300%2C427\" width=\"300\" height=\"427\" srcset=\"https:\/\/i0.wp.com\/estrategica.com.co\/blog\/wp-content\/uploads\/2009\/02\/pp1993.jpg?w=300&amp;ssl=1 300w, https:\/\/i0.wp.com\/estrategica.com.co\/blog\/wp-content\/uploads\/2009\/02\/pp1993.jpg?resize=210%2C300&amp;ssl=1 210w\" sizes=\"(max-width: 300px) 100vw, 300px\" data-recalc-dims=\"1\" \/><\/p>\n<p class=\"MsoNormal\" style=\"margin: 0cm 0cm 0pt; text-align: justify; tab-stops: 54.0pt;\"><span style=\"font-family: Arial;\"><span style=\"font-size: small;\">Campa\u00f1a del Partido Popular para las elecciones generales de 1993. Es una afiche azul que busca emocionar a los militantes en los m\u00edtines de los populares. El ahora busca convertirse en un grito de combate que estimule el voto y la posibilidad de triunfo. <\/span><\/span><\/p>\n<p class=\"MsoNormal\" style=\"margin: 0cm 0cm 0pt; text-align: justify; tab-stops: 54.0pt;\">\n","protected":false},"excerpt":{"rendered":"<p>Campa\u00f1a del Partido Popular para las elecciones generales de 1993. Es una afiche azul que busca emocionar a los militantes en los m\u00edtines de los populares. El ahora busca convertirse en un grito de combate que estimule el voto y la posibilidad de triunfo.<\/p>\n","protected":false},"author":4,"featured_media":3439,"comment_status":"open","ping_status":"open","sticky":false,"template":"","format":"standard","meta":{"_et_pb_use_builder":"","_et_pb_old_content":"","_et_gb_content_width":"","advanced_seo_description":"","jetpack_seo_html_title":"","jetpack_seo_noindex":false,"footnotes":""},"categories":[5,57,23,10,11,47],"tags":[157,245,100,99],"class_list":["post-3438","post","type-post","status-publish","format-standard","has-post-thumbnail","hentry","category-afiches","category-campana-presidencial","category-espana","category-geo","category-temas","category-tipograficos","tag-elecciones-1993","tag-jose-maria-aznar","tag-partido-popular","tag-pp"],"jetpack_featured_media_url":"https:\/\/i0.wp.com\/estrategica.com.co\/blog\/wp-content\/uploads\/2009\/02\/pp1993.jpg?fit=300%2C427&ssl=1","jetpack_shortlink":"https:\/\/wp.me\/s4wgsh-ahora","jetpack-related-posts":[{"id":3032,"url":"https:\/\/estrategica.com.co\/blog\/iu-si\/","url_meta":{"origin":3438,"position":0},"title":"IU, S\u00cd","author":"estrategica.com","date":"enero 31, 2009","format":false,"excerpt":"Campa\u00f1a de Izquierda Unida para las elecciones de 1993. El candidato a la Presidencia Julio Anguita se presenta a estas elecciones con un gobierno socialista desgastado y un Partido Popular en ascenso. En estos comicios el desgaste del PSOE comenz\u00f3 dando origen a un proceso que culminar\u00eda en 1996 con\u2026","rel":"","context":"En \u00abAFICHES\u00bb","block_context":{"text":"AFICHES","link":"https:\/\/estrategica.com.co\/blog\/category\/afiches\/"},"img":{"alt_text":"","src":"https:\/\/i0.wp.com\/estrategica.com.co\/blog\/wp-content\/uploads\/2009\/01\/93_iu_alternativa_necesaria.jpg?fit=350%2C510&ssl=1&resize=350%2C200","width":350,"height":200},"classes":[]},{"id":3045,"url":"https:\/\/estrategica.com.co\/blog\/iu-si-2\/","url_meta":{"origin":3438,"position":1},"title":"IU, S\u00cd","author":"estrategica.com","date":"enero 31, 2009","format":false,"excerpt":"Campa\u00f1a de Izquierda Unida para las elecciones de 1993. El candidato a la Presidencia Julio Anguita se presenta a estas elecciones con un gobierno socialista desgastado y un Partido Popular en ascenso. En estos comicios el desgaste del PSOE comenz\u00f3 dando origen a un proceso que culminar\u00eda en 1996 con\u2026","rel":"","context":"En \u00abAFICHES\u00bb","block_context":{"text":"AFICHES","link":"https:\/\/estrategica.com.co\/blog\/category\/afiches\/"},"img":{"alt_text":"","src":"https:\/\/i0.wp.com\/estrategica.com.co\/blog\/wp-content\/uploads\/2009\/01\/116879161.jpg?fit=393%2C354&ssl=1&resize=350%2C200","width":350,"height":200},"classes":[]},{"id":953,"url":"https:\/\/estrategica.com.co\/blog\/vota-futuro\/","url_meta":{"origin":3438,"position":2},"title":"VOTA FUTURO","author":"estrategica.com","date":"enero 12, 2009","format":false,"excerpt":"Afiche de campa\u00f1a del PSOE para las elecciones de 1993. La campa\u00f1a de este a\u00f1o ha sido de las m\u00e1s re\u00f1idas en la historia reciente de Espa\u00f1a. Los esc\u00e1ndalos de corrupci\u00f3n ensombrecen la gesti\u00f3n en el gobierno del PSOE. A la corrupci\u00f3n se sumaba la dif\u00edcil situaci\u00f3n econ\u00f3mica y el\u2026","rel":"","context":"En \u00abAFICHES\u00bb","block_context":{"text":"AFICHES","link":"https:\/\/estrategica.com.co\/blog\/category\/afiches\/"},"img":{"alt_text":"","src":"https:\/\/i0.wp.com\/estrategica.com.co\/blog\/wp-content\/uploads\/2009\/01\/psoe93.jpg?fit=325%2C443&ssl=1&resize=350%2C200","width":350,"height":200},"classes":[]},{"id":2975,"url":"https:\/\/estrategica.com.co\/blog\/un-voto-claro-por-una-francia-mas-justa\/","url_meta":{"origin":3438,"position":3},"title":"Un voto Claro por una Francia m\u00e1s Justa","author":"estrategica.com","date":"enero 30, 2009","format":false,"excerpt":"Afiche de campa\u00f1a de Lionel Jospin durante la campa\u00f1a presidencial de 1995. El partido socialista venia de una gran derrota en las elecciones legislativas de 1993, lo cual hizo que el partido asumiera el desaf\u00edo de 1995 sin mucho \u00edmpetu y esperanza. Mitterand, el presidente en ejercicio, no aspir\u00f3 a\u2026","rel":"","context":"En \u00ab1995\u00bb","block_context":{"text":"1995","link":"https:\/\/estrategica.com.co\/blog\/category\/ano\/1995\/"},"img":{"alt_text":"","src":"https:\/\/i0.wp.com\/estrategica.com.co\/blog\/wp-content\/uploads\/2009\/01\/affichejospin1995.jpg?fit=310%2C400&ssl=1&resize=350%2C200","width":350,"height":200},"classes":[]},{"id":2979,"url":"https:\/\/estrategica.com.co\/blog\/con-lionel-jospin-un-voto-claro\/","url_meta":{"origin":3438,"position":4},"title":"Con Lionel Jospin, Un voto Claro","author":"estrategica.com","date":"enero 30, 2009","format":false,"excerpt":"Afiche de campa\u00f1a de Lionel Jospin durante la campa\u00f1a presidencial de 1995. El partido socialista venia de una gran derrota en las elecciones legislativas de 1993, lo cual hizo que el partido asumiera el desaf\u00edo de 1995 sin mucho \u00edmpetu y esperanza. Mitterand, el presidente en ejercicio, no aspir\u00f3 a\u2026","rel":"","context":"En \u00ab1995\u00bb","block_context":{"text":"1995","link":"https:\/\/estrategica.com.co\/blog\/category\/ano\/1995\/"},"img":{"alt_text":"","src":"https:\/\/i0.wp.com\/estrategica.com.co\/blog\/wp-content\/uploads\/2009\/01\/jospin.jpg?fit=341%2C457&ssl=1&resize=350%2C200","width":350,"height":200},"classes":[]},{"id":17902,"url":"https:\/\/estrategica.com.co\/blog\/ahora-soluciones-pp\/","url_meta":{"origin":3438,"position":5},"title":"Ahora Soluciones &#8211; PP","author":"Juliana","date":"agosto 30, 2009","format":false,"excerpt":"Spot de la campa\u00f1a del Partido Popular durante las elecciones al parlamento europeo en el a\u00f1o 2009. La estrategia gira en torno a posicionar los problemas reales de la gente y exigir resultados concretos y no tantas excusas y promesas. Ana Mato, coordinadora de la campa\u00f1a, explic\u00f3 el sentido de\u2026","rel":"","context":"En \u00abCampa\u00f1a Cuerpo Colegiado\u00bb","block_context":{"text":"Campa\u00f1a Cuerpo Colegiado","link":"https:\/\/estrategica.com.co\/blog\/category\/temas\/campana-colegiada\/"},"img":{"alt_text":"","src":"","width":0,"height":0},"classes":[]}],"jetpack_sharing_enabled":true,"_links":{"self":[{"href":"https:\/\/estrategica.com.co\/blog\/wp-json\/wp\/v2\/posts\/3438","targetHints":{"allow":["GET"]}}],"collection":[{"href":"https:\/\/estrategica.com.co\/blog\/wp-json\/wp\/v2\/posts"}],"about":[{"href":"https:\/\/estrategica.com.co\/blog\/wp-json\/wp\/v2\/types\/post"}],"author":[{"embeddable":true,"href":"https:\/\/estrategica.com.co\/blog\/wp-json\/wp\/v2\/users\/4"}],"replies":[{"embeddable":true,"href":"https:\/\/estrategica.com.co\/blog\/wp-json\/wp\/v2\/comments?post=3438"}],"version-history":[{"count":2,"href":"https:\/\/estrategica.com.co\/blog\/wp-json\/wp\/v2\/posts\/3438\/revisions"}],"predecessor-version":[{"id":40852,"href":"https:\/\/estrategica.com.co\/blog\/wp-json\/wp\/v2\/posts\/3438\/revisions\/40852"}],"wp:featuredmedia":[{"embeddable":true,"href":"https:\/\/estrategica.com.co\/blog\/wp-json\/wp\/v2\/media\/3439"}],"wp:attachment":[{"href":"https:\/\/estrategica.com.co\/blog\/wp-json\/wp\/v2\/media?parent=3438"}],"wp:term":[{"taxonomy":"category","embeddable":true,"href":"https:\/\/estrategica.com.co\/blog\/wp-json\/wp\/v2\/categories?post=3438"},{"taxonomy":"post_tag","embeddable":true,"href":"https:\/\/estrategica.com.co\/blog\/wp-json\/wp\/v2\/tags?post=3438"}],"curies":[{"name":"wp","href":"https:\/\/api.w.org\/{rel}","templated":true}]}}