{"id":3442,"date":"2009-02-10T23:19:17","date_gmt":"2009-02-10T23:19:17","guid":{"rendered":"http:\/\/estrategica.com.co\/blog\/?p=3442"},"modified":"2014-03-07T17:27:55","modified_gmt":"2014-03-07T22:27:55","slug":"vamos-a-mas","status":"publish","type":"post","link":"https:\/\/estrategica.com.co\/blog\/vamos-a-mas\/","title":{"rendered":"Vamos a M\u00e1s"},"content":{"rendered":"<p><img loading=\"lazy\" decoding=\"async\" data-attachment-id=\"3441\" data-permalink=\"https:\/\/estrategica.com.co\/blog\/vamos-a-mas\/pp2000\/\" data-orig-file=\"https:\/\/i0.wp.com\/estrategica.com.co\/blog\/wp-content\/uploads\/2009\/02\/pp2000.jpg?fit=300%2C234&amp;ssl=1\" data-orig-size=\"300,234\" data-comments-opened=\"1\" data-image-meta=\"{&quot;aperture&quot;:&quot;0&quot;,&quot;credit&quot;:&quot;&quot;,&quot;camera&quot;:&quot;&quot;,&quot;caption&quot;:&quot;&quot;,&quot;created_timestamp&quot;:&quot;0&quot;,&quot;copyright&quot;:&quot;&quot;,&quot;focal_length&quot;:&quot;0&quot;,&quot;iso&quot;:&quot;0&quot;,&quot;shutter_speed&quot;:&quot;0&quot;,&quot;title&quot;:&quot;&quot;}\" data-image-title=\"pp2000\" data-image-description=\"\" data-image-caption=\"\" data-medium-file=\"https:\/\/i0.wp.com\/estrategica.com.co\/blog\/wp-content\/uploads\/2009\/02\/pp2000.jpg?fit=300%2C234&amp;ssl=1\" data-large-file=\"https:\/\/i0.wp.com\/estrategica.com.co\/blog\/wp-content\/uploads\/2009\/02\/pp2000.jpg?fit=300%2C234&amp;ssl=1\" class=\"alignnone size-full wp-image-3441\" title=\"pp2000\" alt=\"pp2000\" src=\"https:\/\/i0.wp.com\/estrategica.com.co\/blog\/wp-content\/uploads\/2009\/02\/pp2000.jpg?resize=300%2C234\" width=\"300\" height=\"234\" data-recalc-dims=\"1\" \/><\/p>\n<p class=\"MsoNormal\" style=\"margin: 0cm 0cm 0pt; text-align: justify;\"><span style=\"font-family: Arial;\"><span style=\"font-size: small;\">Campa\u00f1a del Partido Popular para las elecciones generales de 2000. En el afiche se sobreponen temas como las pensiones, la educaci\u00f3n, vivienda, ahorro, progreso o menos impuestos, entre otros, para luego enfatizar \u201cVamos a M\u00e1s\u201d. El Partido Popular consigui\u00f3 la mayor\u00eda absoluta de los esca\u00f1os, gracias al bajonazo electoral que sufri\u00f3 el PSOE e Izquierda Unida.<\/span><\/span><\/p>\n<p class=\"MsoNormal\" style=\"margin: 0cm 0cm 0pt; text-align: justify;\">\n","protected":false},"excerpt":{"rendered":"<p>Campa\u00f1a del Partido Popular para las elecciones generales de 2000. En el afiche se sobreponen temas como las pensiones, la educaci\u00f3n, vivienda, ahorro, progreso o menos impuestos, entre otros, para luego enfatizar \u201cVamos a M\u00e1s\u201d. El Partido Popular consigui\u00f3 la mayor\u00eda absoluta de los esca\u00f1os, gracias al bajonazo electoral que sufri\u00f3 el PSOE e Izquierda [&hellip;]<\/p>\n","protected":false},"author":4,"featured_media":3441,"comment_status":"open","ping_status":"open","sticky":false,"template":"","format":"standard","meta":{"_et_pb_use_builder":"","_et_pb_old_content":"","_et_gb_content_width":"","advanced_seo_description":"","jetpack_seo_html_title":"","jetpack_seo_noindex":false,"footnotes":""},"categories":[5,57,23,10,11,47],"tags":[208,245,100,99],"class_list":["post-3442","post","type-post","status-publish","format-standard","has-post-thumbnail","hentry","category-afiches","category-campana-presidencial","category-espana","category-geo","category-temas","category-tipograficos","tag-elecciones-2000","tag-jose-maria-aznar","tag-partido-popular","tag-pp"],"jetpack_featured_media_url":"https:\/\/i0.wp.com\/estrategica.com.co\/blog\/wp-content\/uploads\/2009\/02\/pp2000.jpg?fit=300%2C234&ssl=1","jetpack_shortlink":"https:\/\/wp.me\/p4wgsh-Tw","jetpack-related-posts":[{"id":3041,"url":"https:\/\/estrategica.com.co\/blog\/lo-proximo\/","url_meta":{"origin":3442,"position":0},"title":"Lo Pr\u00f3ximo","author":"estrategica.com","date":"enero 31, 2009","format":false,"excerpt":"Campa\u00f1a del PSOE a las elecciones generales del 2000. El afiche es llamativo y la expresi\u00f3n facial es agradable pero no manda un mensaje diferente a que parece buena persona. La campa\u00f1a no supo posicionar un mensaje contundente y eso se vio reflejado en el cambio de slogan cuando paso\u2026","rel":"","context":"En \u00abAFICHES\u00bb","block_context":{"text":"AFICHES","link":"https:\/\/estrategica.com.co\/blog\/category\/afiches\/"},"img":{"alt_text":"","src":"https:\/\/i0.wp.com\/estrategica.com.co\/blog\/wp-content\/uploads\/2009\/01\/psoe2000.jpg?fit=300%2C416&ssl=1&resize=350%2C200","width":350,"height":200},"classes":[]},{"id":3438,"url":"https:\/\/estrategica.com.co\/blog\/ahora\/","url_meta":{"origin":3442,"position":1},"title":"AHORA","author":"estrategica.com","date":"febrero 10, 2009","format":false,"excerpt":"Campa\u00f1a del Partido Popular para las elecciones generales de 1993. Es una afiche azul que busca emocionar a los militantes en los m\u00edtines de los populares. El ahora busca convertirse en un grito de combate que estimule el voto y la posibilidad de triunfo.","rel":"","context":"En \u00abAFICHES\u00bb","block_context":{"text":"AFICHES","link":"https:\/\/estrategica.com.co\/blog\/category\/afiches\/"},"img":{"alt_text":"","src":"https:\/\/i0.wp.com\/estrategica.com.co\/blog\/wp-content\/uploads\/2009\/02\/pp1993.jpg?fit=300%2C427&ssl=1&resize=350%2C200","width":350,"height":200},"classes":[]},{"id":7607,"url":"https:\/\/estrategica.com.co\/blog\/juntos-vamos-a-mas-rajoy\/","url_meta":{"origin":3442,"position":2},"title":"Juntos Vamos a M\u00e1s &#8211; Rajoy","author":"Juliana","date":"marzo 22, 2009","format":false,"excerpt":"[hana-flv-player video=\"\/blog\/wp-content\/uploads\/2009\/01\/videos_varios_f\/Juntos_vamos_a_mas_1__PP_2004.flv\" width=\"550\" height=\"\" description=\"Juntos Vamos a M\u00e1s - Rajoy\" clickurl=\"\" clicktarget=\"\" player=\"4\" autoplay=\"false\" loop=\"false\" autorewind=\"true\" splashimage=\"\" skin=\"\" \/] [icon color=\"Accent-Color\" size=\"regular\" image=\"steadysets-icon-chat\"] Contexto Spot de campa\u00f1a del Partido Popular para las elecciones de 2004. La imagen central de la campa\u00f1a es un mapa de Espa\u00f1a conformado por miles de\u2026","rel":"","context":"En \u00abCampa\u00f1a Presidencial\u00bb","block_context":{"text":"Campa\u00f1a Presidencial","link":"https:\/\/estrategica.com.co\/blog\/category\/temas\/campana-presidencial\/"},"img":{"alt_text":"","src":"https:\/\/i0.wp.com\/estrategica.com.co\/blog\/wp-content\/uploads\/2009\/03\/juntos_vamos_a_mas_1__pp_2004_thumb.png?fit=352%2C259&ssl=1&resize=350%2C200","width":350,"height":200},"classes":[]},{"id":3426,"url":"https:\/\/estrategica.com.co\/blog\/%c2%a1palabra\/","url_meta":{"origin":3442,"position":3},"title":"\u00a1Palabra!","author":"estrategica.com","date":"febrero 5, 2009","format":false,"excerpt":"Afiche de campa\u00f1a del Partido Popular para las elecciones de 1989. En la grafica aparece el candidato, Jos\u00e9 Mar\u00eda Aznar, sonriendo en un escenario buc\u00f3lico de cielo azul y prados verdes. El slogan de campa\u00f1a \u201c\u00a1Palabra!\u201d. El PP se estrena como partido en estas elecciones despu\u00e9s de su refundaci\u00f3n ese\u2026","rel":"","context":"En \u00abAFICHES\u00bb","block_context":{"text":"AFICHES","link":"https:\/\/estrategica.com.co\/blog\/category\/afiches\/"},"img":{"alt_text":"","src":"https:\/\/i0.wp.com\/estrategica.com.co\/blog\/wp-content\/uploads\/2009\/02\/pp1989.jpg?fit=300%2C473&ssl=1&resize=350%2C200","width":350,"height":200},"classes":[]},{"id":3245,"url":"https:\/\/estrategica.com.co\/blog\/basta-de-controversias\/","url_meta":{"origin":3442,"position":4},"title":"Basta de Controversias","author":"estrategica.com","date":"enero 31, 2009","format":false,"excerpt":"Afiche para las elecciones austriacas de 2008 por el Partido Socialdem\u00f3crata Austriaco. La imagen es la de Werner Faymann l\u00edder del partido y quien se muestra en actitud amable, sonriendo y con un traje que contrasta con el rojo encendido del fondo. El slogan es contundente: \u201cBasta de Controversias\u201d, la\u2026","rel":"","context":"En \u00abAFICHES\u00bb","block_context":{"text":"AFICHES","link":"https:\/\/estrategica.com.co\/blog\/category\/afiches\/"},"img":{"alt_text":"","src":"https:\/\/i0.wp.com\/estrategica.com.co\/blog\/wp-content\/uploads\/2009\/01\/wahlplakat_176553a.jpg?fit=400%2C287&ssl=1&resize=350%2C200","width":350,"height":200},"classes":[]},{"id":918,"url":"https:\/\/estrategica.com.co\/blog\/por-el-cambio\/","url_meta":{"origin":3442,"position":5},"title":"Por el cambio","author":"estrategica.com","date":"enero 12, 2009","format":false,"excerpt":"Afiche de campa\u00f1a para las elecciones de 1982. Como consecuencia del Golpe de Estado de 1981, la crisis econ\u00f3mica, el desempleo y la divisi\u00f3n del partido mayoritario, la Uni\u00f3n de Centro Democr\u00e1tico, se gener\u00f3 un entorno propicio al mensaje de cambio que encarnaba en PSOE. Solo estrategas de la campa\u00f1a\u2026","rel":"","context":"En \u00abAFICHES\u00bb","block_context":{"text":"AFICHES","link":"https:\/\/estrategica.com.co\/blog\/category\/afiches\/"},"img":{"alt_text":"","src":"https:\/\/i0.wp.com\/estrategica.com.co\/blog\/wp-content\/uploads\/2009\/01\/psoe82.jpg?fit=300%2C430&ssl=1&resize=350%2C200","width":350,"height":200},"classes":[]}],"jetpack_sharing_enabled":true,"_links":{"self":[{"href":"https:\/\/estrategica.com.co\/blog\/wp-json\/wp\/v2\/posts\/3442","targetHints":{"allow":["GET"]}}],"collection":[{"href":"https:\/\/estrategica.com.co\/blog\/wp-json\/wp\/v2\/posts"}],"about":[{"href":"https:\/\/estrategica.com.co\/blog\/wp-json\/wp\/v2\/types\/post"}],"author":[{"embeddable":true,"href":"https:\/\/estrategica.com.co\/blog\/wp-json\/wp\/v2\/users\/4"}],"replies":[{"embeddable":true,"href":"https:\/\/estrategica.com.co\/blog\/wp-json\/wp\/v2\/comments?post=3442"}],"version-history":[{"count":2,"href":"https:\/\/estrategica.com.co\/blog\/wp-json\/wp\/v2\/posts\/3442\/revisions"}],"predecessor-version":[{"id":40847,"href":"https:\/\/estrategica.com.co\/blog\/wp-json\/wp\/v2\/posts\/3442\/revisions\/40847"}],"wp:featuredmedia":[{"embeddable":true,"href":"https:\/\/estrategica.com.co\/blog\/wp-json\/wp\/v2\/media\/3441"}],"wp:attachment":[{"href":"https:\/\/estrategica.com.co\/blog\/wp-json\/wp\/v2\/media?parent=3442"}],"wp:term":[{"taxonomy":"category","embeddable":true,"href":"https:\/\/estrategica.com.co\/blog\/wp-json\/wp\/v2\/categories?post=3442"},{"taxonomy":"post_tag","embeddable":true,"href":"https:\/\/estrategica.com.co\/blog\/wp-json\/wp\/v2\/tags?post=3442"}],"curies":[{"name":"wp","href":"https:\/\/api.w.org\/{rel}","templated":true}]}}