{"id":3445,"date":"2009-02-10T23:45:20","date_gmt":"2009-02-10T23:45:20","guid":{"rendered":"http:\/\/estrategica.com.co\/blog\/?p=3445"},"modified":"2009-02-10T23:45:20","modified_gmt":"2009-02-10T23:45:20","slug":"combatire-la-guerra-de-bush","status":"publish","type":"post","link":"https:\/\/estrategica.com.co\/blog\/combatire-la-guerra-de-bush\/","title":{"rendered":"Combatire la Guerra de Bush"},"content":{"rendered":"<p><img loading=\"lazy\" decoding=\"async\" data-attachment-id=\"3444\" data-permalink=\"https:\/\/estrategica.com.co\/blog\/combatire-la-guerra-de-bush\/primarie_prc_guerra_400x568\/\" data-orig-file=\"https:\/\/i0.wp.com\/estrategica.com.co\/blog\/wp-content\/uploads\/2009\/02\/primarie_prc_guerra_400x568.jpg?fit=400%2C568&amp;ssl=1\" data-orig-size=\"400,568\" data-comments-opened=\"1\" data-image-meta=\"{&quot;aperture&quot;:&quot;0&quot;,&quot;credit&quot;:&quot;&quot;,&quot;camera&quot;:&quot;&quot;,&quot;caption&quot;:&quot;&quot;,&quot;created_timestamp&quot;:&quot;0&quot;,&quot;copyright&quot;:&quot;&quot;,&quot;focal_length&quot;:&quot;0&quot;,&quot;iso&quot;:&quot;0&quot;,&quot;shutter_speed&quot;:&quot;0&quot;,&quot;title&quot;:&quot;&quot;}\" data-image-title=\"primarie_prc_guerra_400x568\" data-image-description=\"\" data-image-caption=\"\" data-medium-file=\"https:\/\/i0.wp.com\/estrategica.com.co\/blog\/wp-content\/uploads\/2009\/02\/primarie_prc_guerra_400x568.jpg?fit=211%2C300&amp;ssl=1\" data-large-file=\"https:\/\/i0.wp.com\/estrategica.com.co\/blog\/wp-content\/uploads\/2009\/02\/primarie_prc_guerra_400x568.jpg?fit=400%2C568&amp;ssl=1\" class=\"alignnone size-full wp-image-3444\" title=\"primarie_prc_guerra_400x568\" src=\"https:\/\/i0.wp.com\/estrategica.com.co\/blog\/wp-content\/uploads\/2009\/02\/primarie_prc_guerra_400x568.jpg?resize=400%2C568\" alt=\"primarie_prc_guerra_400x568\" width=\"400\" height=\"568\" srcset=\"https:\/\/i0.wp.com\/estrategica.com.co\/blog\/wp-content\/uploads\/2009\/02\/primarie_prc_guerra_400x568.jpg?w=400&amp;ssl=1 400w, https:\/\/i0.wp.com\/estrategica.com.co\/blog\/wp-content\/uploads\/2009\/02\/primarie_prc_guerra_400x568.jpg?resize=211%2C300&amp;ssl=1 211w\" sizes=\"(max-width: 400px) 100vw, 400px\" data-recalc-dims=\"1\" \/><\/p>\n<p class=\"MsoNormal\" style=\"margin: 0cm 0cm 0pt; text-align: justify;\"><span style=\"font-family: Arial;\"><span style=\"font-size: small;\">Campa\u00f1a para las elecciones primarias de 2005 con las que se defin\u00eda el candidato de una coalici\u00f3n de centro para las elecciones generales 2006. El candidato, Fausto Bertinotti, obtuvo la segunda votaci\u00f3n, 631.592 votos. Su campa\u00f1a se bas\u00f3 en el lema: \u201cQuiero\u2026\u201d y a continuaci\u00f3n hacia alg\u00fan enunciado que delineaba su propuesta pol\u00edtica. En este caso: \u201cCombatir la guerra de Bush\u201d. Los colores son llamativos y en un primer plano aparece un ciudadano que pega, sobre un \u00e1rbol, lo que se quiere posicionar.<\/span><\/span><\/p>\n<p class=\"MsoNormal\" style=\"margin: 0cm 0cm 0pt; text-align: justify;\"><span style=\"font-family: Arial;\"><span style=\"font-size: small;\"><\/span><\/span><\/p>\n","protected":false},"excerpt":{"rendered":"<p>Campa\u00f1a para las elecciones primarias de 2005 con las que se defin\u00eda el candidato de una coalici\u00f3n de centro para las elecciones generales 2006. El candidato, Fausto Bertinotti, obtuvo la segunda votaci\u00f3n, 631.592 votos. Su campa\u00f1a se bas\u00f3 en el lema: \u201cQuiero\u2026\u201d y a continuaci\u00f3n hacia alg\u00fan enunciado que delineaba su propuesta pol\u00edtica. En este [&hellip;]<\/p>\n","protected":false},"author":4,"featured_media":3444,"comment_status":"open","ping_status":"open","sticky":false,"template":"","format":"standard","meta":{"_et_pb_use_builder":"","_et_pb_old_content":"","_et_gb_content_width":"","advanced_seo_description":"","jetpack_seo_html_title":"","jetpack_seo_noindex":false,"footnotes":""},"categories":[5,57,46,10,184,11],"tags":[115,246],"class_list":["post-3445","post","type-post","status-publish","format-standard","has-post-thumbnail","hentry","category-afiches","category-campana-presidencial","category-fotograficos","category-geo","category-italia","category-temas","tag-elecciones-2005","tag-fausto-bertinotti"],"jetpack_featured_media_url":"https:\/\/i0.wp.com\/estrategica.com.co\/blog\/wp-content\/uploads\/2009\/02\/primarie_prc_guerra_400x568.jpg?fit=400%2C568&ssl=1","jetpack_shortlink":"https:\/\/wp.me\/p4wgsh-Tz","jetpack-related-posts":[{"id":3454,"url":"https:\/\/estrategica.com.co\/blog\/por-un-tiempo-para-mi\/","url_meta":{"origin":3445,"position":0},"title":"Por un Tiempo para Mi","author":"estrategica.com","date":"febrero 10, 2009","format":false,"excerpt":"Campa\u00f1a para las elecciones primarias de 2005 con las que se defin\u00eda el candidato de una coalici\u00f3n de centro para las elecciones generales 2006. El candidato, Fausto Bertinotti, obtuvo la segunda votaci\u00f3n, 631.592 votos. Su campa\u00f1a se bas\u00f3 en el lema: \u201cQuiero\u2026\u201d y a continuaci\u00f3n hacia alg\u00fan enunciado que delineaba\u2026","rel":"","context":"En \u00abAFICHES\u00bb","block_context":{"text":"AFICHES","link":"https:\/\/estrategica.com.co\/blog\/category\/afiches\/"},"img":{"alt_text":"","src":"https:\/\/i0.wp.com\/estrategica.com.co\/blog\/wp-content\/uploads\/2009\/02\/primarie_prc_tempo_400x572.jpg?fit=400%2C572&ssl=1&resize=350%2C200","width":350,"height":200},"classes":[]},{"id":3448,"url":"https:\/\/estrategica.com.co\/blog\/salir-del-mercado-sonriendo\/","url_meta":{"origin":3445,"position":1},"title":"Salir del Mercado Sonriendo","author":"estrategica.com","date":"febrero 10, 2009","format":false,"excerpt":"Campa\u00f1a para las elecciones primarias de 2005 con las que se defin\u00eda el candidato de una coalici\u00f3n de centro para las elecciones generales 2006. El candidato, Fausto Bertinotti, obtuvo la segunda votaci\u00f3n, 631.592 votos. Su campa\u00f1a se bas\u00f3 en el lema: \u201cQuiero\u2026\u201d y a continuaci\u00f3n hacia alg\u00fan enunciado que delineaba\u2026","rel":"","context":"En \u00abAFICHES\u00bb","block_context":{"text":"AFICHES","link":"https:\/\/estrategica.com.co\/blog\/category\/afiches\/"},"img":{"alt_text":"","src":"https:\/\/i0.wp.com\/estrategica.com.co\/blog\/wp-content\/uploads\/2009\/02\/primarie_prc_mercato_400x571.jpg?fit=400%2C571&ssl=1&resize=350%2C200","width":350,"height":200},"classes":[]},{"id":3451,"url":"https:\/\/estrategica.com.co\/blog\/un-proyecto-de-vida-y-no-una-vida-en-proyecto\/","url_meta":{"origin":3445,"position":2},"title":"Un proyecto de vida y no una vida en proyecto","author":"estrategica.com","date":"febrero 10, 2009","format":false,"excerpt":"Campa\u00f1a para las elecciones primarias de 2005 con las que se defin\u00eda el candidato de una coalici\u00f3n de centro para las elecciones generales 2006. El candidato, Fausto Bertinotti, obtuvo la segunda votaci\u00f3n, 631.592 votos. Su campa\u00f1a se bas\u00f3 en el lema: \u201cQuiero\u2026\u201d y a continuaci\u00f3n hacia alg\u00fan enunciado que delineaba\u2026","rel":"","context":"En \u00abAFICHES\u00bb","block_context":{"text":"AFICHES","link":"https:\/\/estrategica.com.co\/blog\/category\/afiches\/"},"img":{"alt_text":"","src":"https:\/\/i0.wp.com\/estrategica.com.co\/blog\/wp-content\/uploads\/2009\/02\/primarie_prc_progetto_400x571.jpg?fit=400%2C571&ssl=1&resize=350%2C200","width":350,"height":200},"classes":[]},{"id":3257,"url":"https:\/\/estrategica.com.co\/blog\/el-que-quiere-la-paz-debe-ser-constante\/","url_meta":{"origin":3445,"position":3},"title":"El que quiere la paz debe ser constante","author":"estrategica.com","date":"febrero 1, 2009","format":false,"excerpt":"Afiche del Partido Socialdem\u00f3crata para las elecciones de 2005. Las elecciones fueron convocadas por el canciller Schr\u00f6der al perder sus mayor\u00edas parlamentarias con lo cual la oposici\u00f3n hubiera podido bloquear la acci\u00f3n del gobierno en el Bundestag. La campa\u00f1a comenz\u00f3 con una desventaja para Schr\u00f6der, seg\u00fan las encuestas, de casi\u2026","rel":"","context":"En \u00abAFICHES\u00bb","block_context":{"text":"AFICHES","link":"https:\/\/estrategica.com.co\/blog\/category\/afiches\/"},"img":{"alt_text":"","src":"https:\/\/i0.wp.com\/estrategica.com.co\/blog\/wp-content\/uploads\/2009\/02\/schroeder100.jpg?fit=422%2C297&ssl=1&resize=350%2C200","width":350,"height":200},"classes":[]},{"id":3326,"url":"https:\/\/estrategica.com.co\/blog\/mantengamos-a-america-fuerte\/","url_meta":{"origin":3445,"position":4},"title":"Mantengamos a Am\u00e9rica fuerte","author":"estrategica.com","date":"febrero 2, 2009","format":false,"excerpt":"Afiche de la campa\u00f1a Republicana a las elecciones de 2004. La estrategia de campa\u00f1a giro en torno a la guerra contra el terrorismo. Un discurso entre buenos y malos que flu\u00eda con naturalidad de la boca del candidato. El miedo se impuso a cualquier otro criterio. La campa\u00f1a cabalg\u00f3 sobre\u2026","rel":"","context":"En \u00ab2004\u00bb","block_context":{"text":"2004","link":"https:\/\/estrategica.com.co\/blog\/category\/ano\/2004\/"},"img":{"alt_text":"","src":"https:\/\/i0.wp.com\/estrategica.com.co\/blog\/wp-content\/uploads\/2009\/02\/928132.jpg?fit=350%2C257&ssl=1&resize=350%2C200","width":350,"height":200},"classes":[]},{"id":3322,"url":"https:\/\/estrategica.com.co\/blog\/cuatro-anos-mas\/","url_meta":{"origin":3445,"position":5},"title":"Cuatro a\u00f1os m\u00e1s","author":"estrategica.com","date":"febrero 2, 2009","format":false,"excerpt":"Afiche de la campa\u00f1a Republicana a las elecciones de 2004. La estrategia de campa\u00f1a giro en torno a la guerra contra el terrorismo. Un discurso entre buenos y malos que flu\u00eda con naturalidad de la boca del candidato. El miedo se impuso a cualquier otro criterio. La campa\u00f1a cabalg\u00f3 sobre\u2026","rel":"","context":"En \u00ab2004\u00bb","block_context":{"text":"2004","link":"https:\/\/estrategica.com.co\/blog\/category\/ano\/2004\/"},"img":{"alt_text":"","src":"https:\/\/i0.wp.com\/estrategica.com.co\/blog\/wp-content\/uploads\/2009\/02\/928130.jpg?fit=310%2C425&ssl=1&resize=350%2C200","width":350,"height":200},"classes":[]}],"jetpack_sharing_enabled":true,"_links":{"self":[{"href":"https:\/\/estrategica.com.co\/blog\/wp-json\/wp\/v2\/posts\/3445","targetHints":{"allow":["GET"]}}],"collection":[{"href":"https:\/\/estrategica.com.co\/blog\/wp-json\/wp\/v2\/posts"}],"about":[{"href":"https:\/\/estrategica.com.co\/blog\/wp-json\/wp\/v2\/types\/post"}],"author":[{"embeddable":true,"href":"https:\/\/estrategica.com.co\/blog\/wp-json\/wp\/v2\/users\/4"}],"replies":[{"embeddable":true,"href":"https:\/\/estrategica.com.co\/blog\/wp-json\/wp\/v2\/comments?post=3445"}],"version-history":[{"count":1,"href":"https:\/\/estrategica.com.co\/blog\/wp-json\/wp\/v2\/posts\/3445\/revisions"}],"predecessor-version":[{"id":3446,"href":"https:\/\/estrategica.com.co\/blog\/wp-json\/wp\/v2\/posts\/3445\/revisions\/3446"}],"wp:featuredmedia":[{"embeddable":true,"href":"https:\/\/estrategica.com.co\/blog\/wp-json\/wp\/v2\/media\/3444"}],"wp:attachment":[{"href":"https:\/\/estrategica.com.co\/blog\/wp-json\/wp\/v2\/media?parent=3445"}],"wp:term":[{"taxonomy":"category","embeddable":true,"href":"https:\/\/estrategica.com.co\/blog\/wp-json\/wp\/v2\/categories?post=3445"},{"taxonomy":"post_tag","embeddable":true,"href":"https:\/\/estrategica.com.co\/blog\/wp-json\/wp\/v2\/tags?post=3445"}],"curies":[{"name":"wp","href":"https:\/\/api.w.org\/{rel}","templated":true}]}}