{"id":3448,"date":"2009-02-10T23:49:07","date_gmt":"2009-02-10T23:49:07","guid":{"rendered":"http:\/\/estrategica.com.co\/blog\/?p=3448"},"modified":"2009-02-15T02:18:02","modified_gmt":"2009-02-15T02:18:02","slug":"salir-del-mercado-sonriendo","status":"publish","type":"post","link":"https:\/\/estrategica.com.co\/blog\/salir-del-mercado-sonriendo\/","title":{"rendered":"Salir del Mercado Sonriendo"},"content":{"rendered":"<p><img loading=\"lazy\" decoding=\"async\" data-attachment-id=\"3447\" data-permalink=\"https:\/\/estrategica.com.co\/blog\/salir-del-mercado-sonriendo\/primarie_prc_mercato_400x571\/\" data-orig-file=\"https:\/\/i0.wp.com\/estrategica.com.co\/blog\/wp-content\/uploads\/2009\/02\/primarie_prc_mercato_400x571.jpg?fit=400%2C571&amp;ssl=1\" data-orig-size=\"400,571\" data-comments-opened=\"1\" data-image-meta=\"{&quot;aperture&quot;:&quot;0&quot;,&quot;credit&quot;:&quot;&quot;,&quot;camera&quot;:&quot;&quot;,&quot;caption&quot;:&quot;&quot;,&quot;created_timestamp&quot;:&quot;0&quot;,&quot;copyright&quot;:&quot;&quot;,&quot;focal_length&quot;:&quot;0&quot;,&quot;iso&quot;:&quot;0&quot;,&quot;shutter_speed&quot;:&quot;0&quot;,&quot;title&quot;:&quot;&quot;}\" data-image-title=\"primarie_prc_mercato_400x571\" data-image-description=\"\" data-image-caption=\"\" data-medium-file=\"https:\/\/i0.wp.com\/estrategica.com.co\/blog\/wp-content\/uploads\/2009\/02\/primarie_prc_mercato_400x571.jpg?fit=210%2C300&amp;ssl=1\" data-large-file=\"https:\/\/i0.wp.com\/estrategica.com.co\/blog\/wp-content\/uploads\/2009\/02\/primarie_prc_mercato_400x571.jpg?fit=400%2C571&amp;ssl=1\" class=\"alignnone size-full wp-image-3447\" title=\"primarie_prc_mercato_400x571\" src=\"https:\/\/i0.wp.com\/estrategica.com.co\/blog\/wp-content\/uploads\/2009\/02\/primarie_prc_mercato_400x571.jpg?resize=400%2C571\" alt=\"primarie_prc_mercato_400x571\" width=\"400\" height=\"571\" srcset=\"https:\/\/i0.wp.com\/estrategica.com.co\/blog\/wp-content\/uploads\/2009\/02\/primarie_prc_mercato_400x571.jpg?w=400&amp;ssl=1 400w, https:\/\/i0.wp.com\/estrategica.com.co\/blog\/wp-content\/uploads\/2009\/02\/primarie_prc_mercato_400x571.jpg?resize=210%2C300&amp;ssl=1 210w\" sizes=\"(max-width: 400px) 100vw, 400px\" data-recalc-dims=\"1\" \/><\/p>\n<p class=\"MsoNormal\" style=\"margin: 0cm 0cm 0pt; text-align: justify;\"><span style=\"font-family: Arial;\"><span style=\"font-size: small;\">Campa\u00f1a para las elecciones primarias de 2005 con las que se defin\u00eda el candidato de una coalici\u00f3n de centro para las elecciones generales 2006. El candidato, Fausto Bertinotti, obtuvo la segunda votaci\u00f3n, 631.592 votos. Su campa\u00f1a se bas\u00f3 en el lema: \u201cQuiero\u2026\u201d y a continuaci\u00f3n hacia alg\u00fan enunciado que delineaba su propuesta pol\u00edtica. En este caso: \u201cSalir del Mercado Sonriendo\u201d. Los colores son llamativos y en un primer plano aparece un ciudadano que pega, sobre una caja de fruta, lo que se quiere posicionar.<\/span><\/span><\/p>\n<p class=\"MsoNormal\" style=\"margin: 0cm 0cm 0pt; text-align: justify;\"><span style=\"font-family: Arial;\"><\/span><\/p>\n","protected":false},"excerpt":{"rendered":"<p>Campa\u00f1a para las elecciones primarias de 2005 con las que se defin\u00eda el candidato de una coalici\u00f3n de centro para las elecciones generales 2006. El candidato, Fausto Bertinotti, obtuvo la segunda votaci\u00f3n, 631.592 votos. Su campa\u00f1a se bas\u00f3 en el lema: \u201cQuiero\u2026\u201d y a continuaci\u00f3n hacia alg\u00fan enunciado que delineaba su propuesta pol\u00edtica. En este [&hellip;]<\/p>\n","protected":false},"author":4,"featured_media":3447,"comment_status":"open","ping_status":"open","sticky":false,"template":"","format":"standard","meta":{"_et_pb_use_builder":"","_et_pb_old_content":"","_et_gb_content_width":"","advanced_seo_description":"","jetpack_seo_html_title":"","jetpack_seo_noindex":false,"footnotes":""},"categories":[5,57,46,10,184,11],"tags":[115,246],"class_list":["post-3448","post","type-post","status-publish","format-standard","has-post-thumbnail","hentry","category-afiches","category-campana-presidencial","category-fotograficos","category-geo","category-italia","category-temas","tag-elecciones-2005","tag-fausto-bertinotti"],"jetpack_featured_media_url":"https:\/\/i0.wp.com\/estrategica.com.co\/blog\/wp-content\/uploads\/2009\/02\/primarie_prc_mercato_400x571.jpg?fit=400%2C571&ssl=1","jetpack_shortlink":"https:\/\/wp.me\/p4wgsh-TC","jetpack-related-posts":[{"id":3454,"url":"https:\/\/estrategica.com.co\/blog\/por-un-tiempo-para-mi\/","url_meta":{"origin":3448,"position":0},"title":"Por un Tiempo para Mi","author":"estrategica.com","date":"febrero 10, 2009","format":false,"excerpt":"Campa\u00f1a para las elecciones primarias de 2005 con las que se defin\u00eda el candidato de una coalici\u00f3n de centro para las elecciones generales 2006. El candidato, Fausto Bertinotti, obtuvo la segunda votaci\u00f3n, 631.592 votos. Su campa\u00f1a se bas\u00f3 en el lema: \u201cQuiero\u2026\u201d y a continuaci\u00f3n hacia alg\u00fan enunciado que delineaba\u2026","rel":"","context":"En \u00abAFICHES\u00bb","block_context":{"text":"AFICHES","link":"https:\/\/estrategica.com.co\/blog\/category\/afiches\/"},"img":{"alt_text":"","src":"https:\/\/i0.wp.com\/estrategica.com.co\/blog\/wp-content\/uploads\/2009\/02\/primarie_prc_tempo_400x572.jpg?fit=400%2C572&ssl=1&resize=350%2C200","width":350,"height":200},"classes":[]},{"id":3445,"url":"https:\/\/estrategica.com.co\/blog\/combatire-la-guerra-de-bush\/","url_meta":{"origin":3448,"position":1},"title":"Combatire la Guerra de Bush","author":"estrategica.com","date":"febrero 10, 2009","format":false,"excerpt":"Campa\u00f1a para las elecciones primarias de 2005 con las que se defin\u00eda el candidato de una coalici\u00f3n de centro para las elecciones generales 2006. El candidato, Fausto Bertinotti, obtuvo la segunda votaci\u00f3n, 631.592 votos. Su campa\u00f1a se bas\u00f3 en el lema: \u201cQuiero\u2026\u201d y a continuaci\u00f3n hacia alg\u00fan enunciado que delineaba\u2026","rel":"","context":"En \u00abAFICHES\u00bb","block_context":{"text":"AFICHES","link":"https:\/\/estrategica.com.co\/blog\/category\/afiches\/"},"img":{"alt_text":"","src":"https:\/\/i0.wp.com\/estrategica.com.co\/blog\/wp-content\/uploads\/2009\/02\/primarie_prc_guerra_400x568.jpg?fit=400%2C568&ssl=1&resize=350%2C200","width":350,"height":200},"classes":[]},{"id":3451,"url":"https:\/\/estrategica.com.co\/blog\/un-proyecto-de-vida-y-no-una-vida-en-proyecto\/","url_meta":{"origin":3448,"position":2},"title":"Un proyecto de vida y no una vida en proyecto","author":"estrategica.com","date":"febrero 10, 2009","format":false,"excerpt":"Campa\u00f1a para las elecciones primarias de 2005 con las que se defin\u00eda el candidato de una coalici\u00f3n de centro para las elecciones generales 2006. El candidato, Fausto Bertinotti, obtuvo la segunda votaci\u00f3n, 631.592 votos. Su campa\u00f1a se bas\u00f3 en el lema: \u201cQuiero\u2026\u201d y a continuaci\u00f3n hacia alg\u00fan enunciado que delineaba\u2026","rel":"","context":"En \u00abAFICHES\u00bb","block_context":{"text":"AFICHES","link":"https:\/\/estrategica.com.co\/blog\/category\/afiches\/"},"img":{"alt_text":"","src":"https:\/\/i0.wp.com\/estrategica.com.co\/blog\/wp-content\/uploads\/2009\/02\/primarie_prc_progetto_400x571.jpg?fit=400%2C571&ssl=1&resize=350%2C200","width":350,"height":200},"classes":[]},{"id":2571,"url":"https:\/\/estrategica.com.co\/blog\/propaganda_politica_sebastian_pinera\/","url_meta":{"origin":3448,"position":3},"title":"Punks \u2013 Empresario \u2013 Vendedora de Mercado \u2013 Ancianos Bailando \u2013 Candidato en Familia &#8211; Pi\u00f1era","author":"Juliana","date":"noviembre 13, 2010","format":false,"excerpt":"[hana-flv-player video=\"\/blog\/wp-content\/uploads\/2009\/01\/CHILE\/Propaganda_politica_Sebastian_Pinera..flv\" width=\"550\" height=\"\" description=\"Punks \u2013 Empresario \u2013 Vendedora de Mercado \u2013 Ancianos Bailando \u2013 Candidato en Familia - Pi\u00f1era\" clickurl=\"\" clicktarget=\"\" player=\"4\" autoplay=\"false\" loop=\"false\" autorewind=\"true\" splashimage=\"\" skin=\"\" \/] [icon color=\"Accent-Color\" size=\"regular\" image=\"steadysets-icon-chat\"] Contexto Candidato a la presidencia por el movimiento Alianza por Chile que es una coalici\u00f3n de centroderecha\u2026","rel":"","context":"En \u00ab2005\u00bb","block_context":{"text":"2005","link":"https:\/\/estrategica.com.co\/blog\/category\/ano\/2005\/"},"img":{"alt_text":"","src":"","width":0,"height":0},"classes":[]},{"id":3257,"url":"https:\/\/estrategica.com.co\/blog\/el-que-quiere-la-paz-debe-ser-constante\/","url_meta":{"origin":3448,"position":4},"title":"El que quiere la paz debe ser constante","author":"estrategica.com","date":"febrero 1, 2009","format":false,"excerpt":"Afiche del Partido Socialdem\u00f3crata para las elecciones de 2005. Las elecciones fueron convocadas por el canciller Schr\u00f6der al perder sus mayor\u00edas parlamentarias con lo cual la oposici\u00f3n hubiera podido bloquear la acci\u00f3n del gobierno en el Bundestag. La campa\u00f1a comenz\u00f3 con una desventaja para Schr\u00f6der, seg\u00fan las encuestas, de casi\u2026","rel":"","context":"En \u00abAFICHES\u00bb","block_context":{"text":"AFICHES","link":"https:\/\/estrategica.com.co\/blog\/category\/afiches\/"},"img":{"alt_text":"","src":"https:\/\/i0.wp.com\/estrategica.com.co\/blog\/wp-content\/uploads\/2009\/02\/schroeder100.jpg?fit=422%2C297&ssl=1&resize=350%2C200","width":350,"height":200},"classes":[]},{"id":432,"url":"https:\/\/estrategica.com.co\/blog\/chile-quiere-mas\/","url_meta":{"origin":3448,"position":5},"title":"CHILE QUIERE M\u00c1S","author":"camilorojas","date":"enero 5, 2009","format":false,"excerpt":"Candidato a la presidencia por el movimiento Alianza por Chile que es una coalici\u00f3n de centroderecha integrada por la Uni\u00f3n Dem\u00f3crata Independiente (UDI), gremialistas, y Renovaci\u00f3n Nacional (RN). En la campa\u00f1a Pi\u00f1era logr\u00f3 posicionarse por encima de Joaqu\u00edn Lavin asando a la segunda vuelta con Michelle Bachelet. En la \u00faltima\u2026","rel":"","context":"En \u00ab2005\u00bb","block_context":{"text":"2005","link":"https:\/\/estrategica.com.co\/blog\/category\/ano\/2005\/"},"img":{"alt_text":"","src":"https:\/\/i0.wp.com\/estrategica.com.co\/blog\/wp-content\/uploads\/2009\/01\/CHILE-QUIERE-M\u00c1S1.jpg?fit=213%2C278&ssl=1&resize=350%2C200","width":350,"height":200},"classes":[]}],"jetpack_sharing_enabled":true,"_links":{"self":[{"href":"https:\/\/estrategica.com.co\/blog\/wp-json\/wp\/v2\/posts\/3448","targetHints":{"allow":["GET"]}}],"collection":[{"href":"https:\/\/estrategica.com.co\/blog\/wp-json\/wp\/v2\/posts"}],"about":[{"href":"https:\/\/estrategica.com.co\/blog\/wp-json\/wp\/v2\/types\/post"}],"author":[{"embeddable":true,"href":"https:\/\/estrategica.com.co\/blog\/wp-json\/wp\/v2\/users\/4"}],"replies":[{"embeddable":true,"href":"https:\/\/estrategica.com.co\/blog\/wp-json\/wp\/v2\/comments?post=3448"}],"version-history":[{"count":2,"href":"https:\/\/estrategica.com.co\/blog\/wp-json\/wp\/v2\/posts\/3448\/revisions"}],"predecessor-version":[{"id":3529,"href":"https:\/\/estrategica.com.co\/blog\/wp-json\/wp\/v2\/posts\/3448\/revisions\/3529"}],"wp:featuredmedia":[{"embeddable":true,"href":"https:\/\/estrategica.com.co\/blog\/wp-json\/wp\/v2\/media\/3447"}],"wp:attachment":[{"href":"https:\/\/estrategica.com.co\/blog\/wp-json\/wp\/v2\/media?parent=3448"}],"wp:term":[{"taxonomy":"category","embeddable":true,"href":"https:\/\/estrategica.com.co\/blog\/wp-json\/wp\/v2\/categories?post=3448"},{"taxonomy":"post_tag","embeddable":true,"href":"https:\/\/estrategica.com.co\/blog\/wp-json\/wp\/v2\/tags?post=3448"}],"curies":[{"name":"wp","href":"https:\/\/api.w.org\/{rel}","templated":true}]}}