{"id":3454,"date":"2009-02-10T23:56:02","date_gmt":"2009-02-10T23:56:02","guid":{"rendered":"http:\/\/estrategica.com.co\/blog\/?p=3454"},"modified":"2009-02-15T02:19:22","modified_gmt":"2009-02-15T02:19:22","slug":"por-un-tiempo-para-mi","status":"publish","type":"post","link":"https:\/\/estrategica.com.co\/blog\/por-un-tiempo-para-mi\/","title":{"rendered":"Por un Tiempo para Mi"},"content":{"rendered":"<p><img loading=\"lazy\" decoding=\"async\" data-attachment-id=\"3453\" data-permalink=\"https:\/\/estrategica.com.co\/blog\/por-un-tiempo-para-mi\/primarie_prc_tempo_400x572\/\" data-orig-file=\"https:\/\/i0.wp.com\/estrategica.com.co\/blog\/wp-content\/uploads\/2009\/02\/primarie_prc_tempo_400x572.jpg?fit=400%2C572&amp;ssl=1\" data-orig-size=\"400,572\" data-comments-opened=\"1\" data-image-meta=\"{&quot;aperture&quot;:&quot;0&quot;,&quot;credit&quot;:&quot;&quot;,&quot;camera&quot;:&quot;&quot;,&quot;caption&quot;:&quot;&quot;,&quot;created_timestamp&quot;:&quot;0&quot;,&quot;copyright&quot;:&quot;&quot;,&quot;focal_length&quot;:&quot;0&quot;,&quot;iso&quot;:&quot;0&quot;,&quot;shutter_speed&quot;:&quot;0&quot;,&quot;title&quot;:&quot;&quot;}\" data-image-title=\"primarie_prc_tempo_400x572\" data-image-description=\"\" data-image-caption=\"\" data-medium-file=\"https:\/\/i0.wp.com\/estrategica.com.co\/blog\/wp-content\/uploads\/2009\/02\/primarie_prc_tempo_400x572.jpg?fit=209%2C300&amp;ssl=1\" data-large-file=\"https:\/\/i0.wp.com\/estrategica.com.co\/blog\/wp-content\/uploads\/2009\/02\/primarie_prc_tempo_400x572.jpg?fit=400%2C572&amp;ssl=1\" class=\"alignnone size-full wp-image-3453\" title=\"primarie_prc_tempo_400x572\" src=\"https:\/\/i0.wp.com\/estrategica.com.co\/blog\/wp-content\/uploads\/2009\/02\/primarie_prc_tempo_400x572.jpg?resize=400%2C572\" alt=\"primarie_prc_tempo_400x572\" width=\"400\" height=\"572\" srcset=\"https:\/\/i0.wp.com\/estrategica.com.co\/blog\/wp-content\/uploads\/2009\/02\/primarie_prc_tempo_400x572.jpg?w=400&amp;ssl=1 400w, https:\/\/i0.wp.com\/estrategica.com.co\/blog\/wp-content\/uploads\/2009\/02\/primarie_prc_tempo_400x572.jpg?resize=209%2C300&amp;ssl=1 209w\" sizes=\"(max-width: 400px) 100vw, 400px\" data-recalc-dims=\"1\" \/><\/p>\n<p class=\"MsoNormal\" style=\"margin: 0cm 0cm 0pt; text-align: justify;\"><span style=\"font-family: Arial;\"><span style=\"font-size: small;\">Campa\u00f1a para las elecciones primarias de 2005 con las que se defin\u00eda el candidato de una coalici\u00f3n de centro para las elecciones generales 2006. El candidato, Fausto Bertinotti, obtuvo la segunda votaci\u00f3n, 631.592 votos. Su campa\u00f1a se bas\u00f3 en el lema: \u201cQuiero\u2026\u201d y a continuaci\u00f3n hacia alg\u00fan enunciado que delineaba su propuesta pol\u00edtica. En este caso: \u201cPor un Tiempo para Mi\u201d. Los colores son llamativos y en un primer plano aparece un ciudadano que pega, sobre una bandeja de pan, lo que se quiere posicionar.<\/span><\/span><\/p>\n<p class=\"MsoNormal\" style=\"margin: 0cm 0cm 0pt; text-align: justify;\"><span style=\"font-family: Arial;\"><\/span><\/p>\n","protected":false},"excerpt":{"rendered":"<p>Campa\u00f1a para las elecciones primarias de 2005 con las que se defin\u00eda el candidato de una coalici\u00f3n de centro para las elecciones generales 2006. El candidato, Fausto Bertinotti, obtuvo la segunda votaci\u00f3n, 631.592 votos. Su campa\u00f1a se bas\u00f3 en el lema: \u201cQuiero\u2026\u201d y a continuaci\u00f3n hacia alg\u00fan enunciado que delineaba su propuesta pol\u00edtica. En este [&hellip;]<\/p>\n","protected":false},"author":4,"featured_media":3453,"comment_status":"open","ping_status":"open","sticky":false,"template":"","format":"standard","meta":{"_et_pb_use_builder":"","_et_pb_old_content":"","_et_gb_content_width":"","advanced_seo_description":"","jetpack_seo_html_title":"","jetpack_seo_noindex":false,"footnotes":""},"categories":[5,57,46,10,184,11],"tags":[115,246],"class_list":["post-3454","post","type-post","status-publish","format-standard","has-post-thumbnail","hentry","category-afiches","category-campana-presidencial","category-fotograficos","category-geo","category-italia","category-temas","tag-elecciones-2005","tag-fausto-bertinotti"],"jetpack_featured_media_url":"https:\/\/i0.wp.com\/estrategica.com.co\/blog\/wp-content\/uploads\/2009\/02\/primarie_prc_tempo_400x572.jpg?fit=400%2C572&ssl=1","jetpack_shortlink":"https:\/\/wp.me\/p4wgsh-TI","jetpack-related-posts":[{"id":3445,"url":"https:\/\/estrategica.com.co\/blog\/combatire-la-guerra-de-bush\/","url_meta":{"origin":3454,"position":0},"title":"Combatire la Guerra de Bush","author":"estrategica.com","date":"febrero 10, 2009","format":false,"excerpt":"Campa\u00f1a para las elecciones primarias de 2005 con las que se defin\u00eda el candidato de una coalici\u00f3n de centro para las elecciones generales 2006. El candidato, Fausto Bertinotti, obtuvo la segunda votaci\u00f3n, 631.592 votos. Su campa\u00f1a se bas\u00f3 en el lema: \u201cQuiero\u2026\u201d y a continuaci\u00f3n hacia alg\u00fan enunciado que delineaba\u2026","rel":"","context":"En \u00abAFICHES\u00bb","block_context":{"text":"AFICHES","link":"https:\/\/estrategica.com.co\/blog\/category\/afiches\/"},"img":{"alt_text":"","src":"https:\/\/i0.wp.com\/estrategica.com.co\/blog\/wp-content\/uploads\/2009\/02\/primarie_prc_guerra_400x568.jpg?fit=400%2C568&ssl=1&resize=350%2C200","width":350,"height":200},"classes":[]},{"id":3448,"url":"https:\/\/estrategica.com.co\/blog\/salir-del-mercado-sonriendo\/","url_meta":{"origin":3454,"position":1},"title":"Salir del Mercado Sonriendo","author":"estrategica.com","date":"febrero 10, 2009","format":false,"excerpt":"Campa\u00f1a para las elecciones primarias de 2005 con las que se defin\u00eda el candidato de una coalici\u00f3n de centro para las elecciones generales 2006. El candidato, Fausto Bertinotti, obtuvo la segunda votaci\u00f3n, 631.592 votos. Su campa\u00f1a se bas\u00f3 en el lema: \u201cQuiero\u2026\u201d y a continuaci\u00f3n hacia alg\u00fan enunciado que delineaba\u2026","rel":"","context":"En \u00abAFICHES\u00bb","block_context":{"text":"AFICHES","link":"https:\/\/estrategica.com.co\/blog\/category\/afiches\/"},"img":{"alt_text":"","src":"https:\/\/i0.wp.com\/estrategica.com.co\/blog\/wp-content\/uploads\/2009\/02\/primarie_prc_mercato_400x571.jpg?fit=400%2C571&ssl=1&resize=350%2C200","width":350,"height":200},"classes":[]},{"id":3451,"url":"https:\/\/estrategica.com.co\/blog\/un-proyecto-de-vida-y-no-una-vida-en-proyecto\/","url_meta":{"origin":3454,"position":2},"title":"Un proyecto de vida y no una vida en proyecto","author":"estrategica.com","date":"febrero 10, 2009","format":false,"excerpt":"Campa\u00f1a para las elecciones primarias de 2005 con las que se defin\u00eda el candidato de una coalici\u00f3n de centro para las elecciones generales 2006. El candidato, Fausto Bertinotti, obtuvo la segunda votaci\u00f3n, 631.592 votos. Su campa\u00f1a se bas\u00f3 en el lema: \u201cQuiero\u2026\u201d y a continuaci\u00f3n hacia alg\u00fan enunciado que delineaba\u2026","rel":"","context":"En \u00abAFICHES\u00bb","block_context":{"text":"AFICHES","link":"https:\/\/estrategica.com.co\/blog\/category\/afiches\/"},"img":{"alt_text":"","src":"https:\/\/i0.wp.com\/estrategica.com.co\/blog\/wp-content\/uploads\/2009\/02\/primarie_prc_progetto_400x571.jpg?fit=400%2C571&ssl=1&resize=350%2C200","width":350,"height":200},"classes":[]},{"id":432,"url":"https:\/\/estrategica.com.co\/blog\/chile-quiere-mas\/","url_meta":{"origin":3454,"position":3},"title":"CHILE QUIERE M\u00c1S","author":"camilorojas","date":"enero 5, 2009","format":false,"excerpt":"Candidato a la presidencia por el movimiento Alianza por Chile que es una coalici\u00f3n de centroderecha integrada por la Uni\u00f3n Dem\u00f3crata Independiente (UDI), gremialistas, y Renovaci\u00f3n Nacional (RN). En la campa\u00f1a Pi\u00f1era logr\u00f3 posicionarse por encima de Joaqu\u00edn Lavin asando a la segunda vuelta con Michelle Bachelet. En la \u00faltima\u2026","rel":"","context":"En \u00ab2005\u00bb","block_context":{"text":"2005","link":"https:\/\/estrategica.com.co\/blog\/category\/ano\/2005\/"},"img":{"alt_text":"","src":"https:\/\/i0.wp.com\/estrategica.com.co\/blog\/wp-content\/uploads\/2009\/01\/CHILE-QUIERE-M\u00c1S1.jpg?fit=213%2C278&ssl=1&resize=350%2C200","width":350,"height":200},"classes":[]},{"id":27243,"url":"https:\/\/estrategica.com.co\/blog\/nuevo-comienzo-merkel\/","url_meta":{"origin":3454,"position":4},"title":"Un Nuevo Comienzo &#8211; Merkel","author":"estrategica.com","date":"abril 22, 2011","format":false,"excerpt":"Campa\u00f1a de la Democracia Cristiana para las elecciones alemanas de 2005. La imagen muestra en primer plano el rostro de Angela Merkel, la candidata a la presidencia. El rostro es agradable, genera amistad y transparencia y mira a los ojos del elector construyendo un v\u00ednculo de confianza. La campa\u00f1a de\u2026","rel":"","context":"En \u00ab2005\u00bb","block_context":{"text":"2005","link":"https:\/\/estrategica.com.co\/blog\/category\/ano\/2005\/"},"img":{"alt_text":"","src":"https:\/\/i0.wp.com\/estrategica.com.co\/blog\/wp-content\/uploads\/2011\/04\/merkel-lrg.jpg?fit=375%2C281&ssl=1&resize=350%2C200","width":350,"height":200},"classes":[]},{"id":27247,"url":"https:\/\/estrategica.com.co\/blog\/el-canciller-directo-merkel\/","url_meta":{"origin":3454,"position":5},"title":"El Canciller Directo &#8211; Merkel","author":"estrategica.com","date":"abril 22, 2011","format":false,"excerpt":"Campa\u00f1a de la Democracia Cristiana para las elecciones alemanas de 2005. La imagen muestra en primer plano el rostro de Angela Merkel, la candidata a la presidencia. El rostro es agradable, genera amistad y transparencia y mira a los ojos del elector construyendo un v\u00ednculo de confianza. La campa\u00f1a de\u2026","rel":"","context":"En \u00ab2005\u00bb","block_context":{"text":"2005","link":"https:\/\/estrategica.com.co\/blog\/category\/ano\/2005\/"},"img":{"alt_text":"","src":"https:\/\/i0.wp.com\/estrategica.com.co\/blog\/wp-content\/uploads\/2011\/04\/merkel-podcast-logopropertyposter.jpg?fit=580%2C435&ssl=1&resize=350%2C200","width":350,"height":200},"classes":[]}],"jetpack_sharing_enabled":true,"_links":{"self":[{"href":"https:\/\/estrategica.com.co\/blog\/wp-json\/wp\/v2\/posts\/3454","targetHints":{"allow":["GET"]}}],"collection":[{"href":"https:\/\/estrategica.com.co\/blog\/wp-json\/wp\/v2\/posts"}],"about":[{"href":"https:\/\/estrategica.com.co\/blog\/wp-json\/wp\/v2\/types\/post"}],"author":[{"embeddable":true,"href":"https:\/\/estrategica.com.co\/blog\/wp-json\/wp\/v2\/users\/4"}],"replies":[{"embeddable":true,"href":"https:\/\/estrategica.com.co\/blog\/wp-json\/wp\/v2\/comments?post=3454"}],"version-history":[{"count":2,"href":"https:\/\/estrategica.com.co\/blog\/wp-json\/wp\/v2\/posts\/3454\/revisions"}],"predecessor-version":[{"id":3531,"href":"https:\/\/estrategica.com.co\/blog\/wp-json\/wp\/v2\/posts\/3454\/revisions\/3531"}],"wp:featuredmedia":[{"embeddable":true,"href":"https:\/\/estrategica.com.co\/blog\/wp-json\/wp\/v2\/media\/3453"}],"wp:attachment":[{"href":"https:\/\/estrategica.com.co\/blog\/wp-json\/wp\/v2\/media?parent=3454"}],"wp:term":[{"taxonomy":"category","embeddable":true,"href":"https:\/\/estrategica.com.co\/blog\/wp-json\/wp\/v2\/categories?post=3454"},{"taxonomy":"post_tag","embeddable":true,"href":"https:\/\/estrategica.com.co\/blog\/wp-json\/wp\/v2\/tags?post=3454"}],"curies":[{"name":"wp","href":"https:\/\/api.w.org\/{rel}","templated":true}]}}