{"id":3457,"date":"2009-02-11T04:01:21","date_gmt":"2009-02-11T04:01:21","guid":{"rendered":"http:\/\/estrategica.com.co\/blog\/?p=3457"},"modified":"2009-11-16T02:57:18","modified_gmt":"2009-11-16T02:57:18","slug":"el-cambio-responsable","status":"publish","type":"post","link":"https:\/\/estrategica.com.co\/blog\/el-cambio-responsable\/","title":{"rendered":"EL CAMBIO RESPONSABLE &#8211; Garc\u00eda"},"content":{"rendered":"<p><img loading=\"lazy\" decoding=\"async\" data-attachment-id=\"3456\" data-permalink=\"https:\/\/estrategica.com.co\/blog\/el-cambio-responsable\/alan_peru\/\" data-orig-file=\"https:\/\/i0.wp.com\/estrategica.com.co\/blog\/wp-content\/uploads\/2009\/02\/alan_peru.jpg?fit=533%2C375&amp;ssl=1\" data-orig-size=\"533,375\" data-comments-opened=\"1\" data-image-meta=\"{&quot;aperture&quot;:&quot;0&quot;,&quot;credit&quot;:&quot;&quot;,&quot;camera&quot;:&quot;&quot;,&quot;caption&quot;:&quot;&quot;,&quot;created_timestamp&quot;:&quot;0&quot;,&quot;copyright&quot;:&quot;&quot;,&quot;focal_length&quot;:&quot;0&quot;,&quot;iso&quot;:&quot;0&quot;,&quot;shutter_speed&quot;:&quot;0&quot;,&quot;title&quot;:&quot;&quot;}\" data-image-title=\"alan_peru\" data-image-description=\"\" data-image-caption=\"\" data-medium-file=\"https:\/\/i0.wp.com\/estrategica.com.co\/blog\/wp-content\/uploads\/2009\/02\/alan_peru.jpg?fit=300%2C211&amp;ssl=1\" data-large-file=\"https:\/\/i0.wp.com\/estrategica.com.co\/blog\/wp-content\/uploads\/2009\/02\/alan_peru.jpg?fit=533%2C375&amp;ssl=1\" class=\"alignnone size-full wp-image-3456\" title=\"alan_peru\" src=\"https:\/\/i0.wp.com\/estrategica.com.co\/blog\/wp-content\/uploads\/2009\/02\/alan_peru.jpg?resize=533%2C375\" alt=\"alan_peru\" width=\"533\" height=\"375\" srcset=\"https:\/\/i0.wp.com\/estrategica.com.co\/blog\/wp-content\/uploads\/2009\/02\/alan_peru.jpg?w=533&amp;ssl=1 533w, https:\/\/i0.wp.com\/estrategica.com.co\/blog\/wp-content\/uploads\/2009\/02\/alan_peru.jpg?resize=300%2C211&amp;ssl=1 300w\" sizes=\"(max-width: 533px) 100vw, 533px\" data-recalc-dims=\"1\" \/><\/p>\n<p class=\"MsoNormal\" style=\"margin: 0cm 0cm 0pt; text-align: justify;\"><span style=\"font-family: Arial;\"><span style=\"font-size: small;\">Campa\u00f1a del APRA para las elecciones de 2006. Esta contienda electoral estuvo marcada por una serie de hechos originales e impredecibles. Un l\u00edder nacionalista, una mujer de derecha y un exmandatario que sali\u00f3 en su momento con unos niveles de rechazo sin antecedentes. Durante el primer mandato de Alan Garc\u00eda el Per\u00fa se vio sumido en una severa crisis econ\u00f3mica, en la corrupci\u00f3n y en la politizaci\u00f3n de todas y cada una de las ramas del poder p\u00fablico. El desprestigio hab\u00eda acompa\u00f1ado al expresidente luego de su salida el poder y hab\u00eda terminado por exiliarse en Colombia y en Francia. Luego de la salida de Fujimori del poder y la elecci\u00f3n de Alejandro Toledo, Garc\u00eda vio la oportunidad de un resarcimiento pol\u00edtico y decidi\u00f3 comenzar el camino hacia un nuevo mandato presidencial. La estrategia de Garc\u00eda fue la de posicionarse en el centro y dejarle la derecha a Lourdes Flores y la izquierda radical a Ollanta Humala. El juego era claro, con la disciplinada maquinaria del APRA \u00e9l aspiraba a pasar a la segunda vuelta electoral y estaba seguro que los seguidores del adversario derrotado preferir\u00edan votar por su campa\u00f1a y no por quien representaba el otro extremo del espectro pol\u00edtico que apoyaban. Al final tuvo que enfrentar a Ollanta Humala en la segunda vuelta y su calculo se cumpli\u00f3: los votos de Lourdes Flores fueron a parar a su urna, y el miedo a Ollanta decidi\u00f3 a muchos indecisos o abstencionistas blandos a votar por su candidatura. Una campa\u00f1a bien estructurada estrat\u00e9gicamente. El afiche muestra a Garc\u00eda enmarcado en un paisaje andino con la estrella del APRA en un extremo y el texto: \u201cCambio Responsable\u201d, una apuesta arriesgada, pues alguien hubiera podido recordar lo irresponsable que hab\u00eda sido el cambio cuando detent\u00f3 el poder. <\/span><\/span><\/p>\n<p class=\"MsoNormal\" style=\"margin: 0cm 0cm 0pt; text-align: justify;\"><span style=\"font-family: Arial;\"><span style=\"font-size: small;\">\u00a0<\/span><\/span><\/p>\n","protected":false},"excerpt":{"rendered":"<p>Campa\u00f1a del APRA para las elecciones de 2006. Esta contienda electoral estuvo marcada por una serie de hechos originales e impredecibles. Un l\u00edder nacionalista, una mujer de derecha y un exmandatario que sali\u00f3 en su momento con unos niveles de rechazo sin antecedentes. Durante el primer mandato de Alan Garc\u00eda el Per\u00fa se vio sumido [&hellip;]<\/p>\n","protected":false},"author":4,"featured_media":3456,"comment_status":"open","ping_status":"open","sticky":false,"template":"","format":"standard","meta":{"_et_pb_use_builder":"","_et_pb_old_content":"","_et_gb_content_width":"","advanced_seo_description":"","jetpack_seo_html_title":"","jetpack_seo_noindex":false,"footnotes":""},"categories":[5,57,46,247,11],"tags":[249,248,196],"class_list":["post-3457","post","type-post","status-publish","format-standard","has-post-thumbnail","hentry","category-afiches","category-campana-presidencial","category-fotograficos","category-peru","category-temas","tag-alan-garcia","tag-apra","tag-elecciones-2006"],"jetpack_featured_media_url":"https:\/\/i0.wp.com\/estrategica.com.co\/blog\/wp-content\/uploads\/2009\/02\/alan_peru.jpg?fit=533%2C375&ssl=1","jetpack_shortlink":"https:\/\/wp.me\/p4wgsh-TL","jetpack-related-posts":[{"id":4524,"url":"https:\/\/estrategica.com.co\/blog\/amor-por-el-peru\/","url_meta":{"origin":3457,"position":0},"title":"AMOR POR EL PERU &#8211; Ollanta","author":"estrategica.com","date":"febrero 28, 2009","format":false,"excerpt":"Afiche de la Campa\u00f1a de Ollanta Humala durante las elecciones de 2006. Humala es un candidato nacionalista que hace planteamientos de confrontaci\u00f3n racial entre la aristocracia peruana y los ciudadanos de raza cobriza. Su discurso ataca, principalmente, al neoliberalismo y a los partidos tradicionales, estos \u00faltimos, seg\u00fan \u00e9l, son los\u2026","rel":"","context":"En \u00abAFICHES\u00bb","block_context":{"text":"AFICHES","link":"https:\/\/estrategica.com.co\/blog\/category\/afiches\/"},"img":{"alt_text":"","src":"https:\/\/i0.wp.com\/estrategica.com.co\/blog\/wp-content\/uploads\/2009\/02\/6a00e398a8d545000500e398a918da0003-500pi.jpg?fit=500%2C275&ssl=1&resize=350%2C200","width":350,"height":200},"classes":[]},{"id":4409,"url":"https:\/\/estrategica.com.co\/blog\/futuro-para-todos\/","url_meta":{"origin":3457,"position":1},"title":"FUTURO PARA TODOS &#8211; Ollanta","author":"estrategica.com","date":"febrero 27, 2009","format":false,"excerpt":"Afiche de la Campa\u00f1a de Ollanta Humala durante las elecciones de 2006. Humala es un candidato nacionalista que hace planteamientos de confrontaci\u00f3n racial entre la aristocracia peruana y los ciudadanos de raza cobriza. Su discurso ataca, principalmente, al neoliberalismo y a los partidos tradicionales, estos \u00faltimos, seg\u00fan \u00e9l, son los\u2026","rel":"","context":"En \u00abAFICHES\u00bb","block_context":{"text":"AFICHES","link":"https:\/\/estrategica.com.co\/blog\/category\/afiches\/"},"img":{"alt_text":"","src":"https:\/\/i0.wp.com\/estrategica.com.co\/blog\/wp-content\/uploads\/2009\/02\/6a00e398a8d545000500e398a919060003-500pi.jpg?fit=360%2C500&ssl=1&resize=350%2C200","width":350,"height":200},"classes":[]},{"id":24496,"url":"https:\/\/estrategica.com.co\/blog\/no-senor-garcia-toledo\/","url_meta":{"origin":3457,"position":2},"title":"No se\u00f1or Garc\u00eda &#8211; Toledo","author":"Juliana","date":"agosto 26, 2010","format":false,"excerpt":"[hana-flv-player video=\"\/blog\/wp-content\/uploads\/2009\/01\/20100708\/SRALANGARCIA.flv\" width=\"550\" height=\"\" description=\"No se\u00f1or Garc\u00eda - Toledo\" clickurl=\"\" clicktarget=\"\" player=\"4\" autoplay=\"false\" loop=\"false\" autorewind=\"true\" splashimage=\"\" skin=\"\" \/] [icon color=\"Accent-Color\" size=\"regular\" image=\"steadysets-icon-chat\"] Contexto Spot de la campa\u00f1a de Alejandro Toledo a la Presidencia de Per\u00fa, durante la contienda electoral de 2001 a nombre de Per\u00fa Posible. La pieza, de publicidad\u2026","rel":"","context":"En \u00ab2001\u00bb","block_context":{"text":"2001","link":"https:\/\/estrategica.com.co\/blog\/category\/ano\/2001\/"},"img":{"alt_text":"","src":"https:\/\/i0.wp.com\/estrategica.com.co\/blog\/wp-content\/uploads\/2010\/07\/SRALANGARCIA_thumb.png?fit=617%2C444&ssl=1&resize=350%2C200","width":350,"height":200},"classes":[]},{"id":23607,"url":"https:\/\/estrategica.com.co\/blog\/hiperinflacion-toledo\/","url_meta":{"origin":3457,"position":3},"title":"Hiperinflaci\u00f3n &#8211; Toledo","author":"Juliana","date":"agosto 28, 2010","format":false,"excerpt":"[hana-flv-player video=\"\/blog\/wp-content\/uploads\/2009\/01\/20100708\/HIPERINFLACLAGARCIA.flv\" width=\"550\" height=\"\" description=\"Hiperinflaci\u00f3n - Toledo\" clickurl=\"\" clicktarget=\"\" player=\"4\" autoplay=\"false\" loop=\"false\" autorewind=\"true\" splashimage=\"\" skin=\"\" \/] [icon color=\"Accent-Color\" size=\"regular\" image=\"steadysets-icon-chat\"] Contexto Spot de la campa\u00f1a de Alejandro Toledo a la Presidencia de Per\u00fa, durante la contienda electoral de 2001 a nombre de Per\u00fa Posible. La pieza, de publicidad negativa, dirigida\u2026","rel":"","context":"En \u00ab2001\u00bb","block_context":{"text":"2001","link":"https:\/\/estrategica.com.co\/blog\/category\/ano\/2001\/"},"img":{"alt_text":"","src":"https:\/\/i0.wp.com\/estrategica.com.co\/blog\/wp-content\/uploads\/2010\/07\/HIPERINFLACLAGARCIA_thumb.png?fit=651%2C534&ssl=1&resize=350%2C200","width":350,"height":200},"classes":[]},{"id":23052,"url":"https:\/\/estrategica.com.co\/blog\/cuando-los-turistas-preguntan-toledo\/","url_meta":{"origin":3457,"position":4},"title":"Cuando los Turistas Preguntan &#8211; Toledo","author":"Juliana","date":"agosto 25, 2010","format":false,"excerpt":"[hana-flv-player video=\"\/blog\/wp-content\/uploads\/2009\/01\/20100708\/ALEJANDROTOLEDO.flv\" width=\"550\" height=\"\" description=\"Cuando los Turistas Preguntan - Toledo\" clickurl=\"\" clicktarget=\"\" player=\"4\" autoplay=\"false\" loop=\"false\" autorewind=\"true\" splashimage=\"\" skin=\"\" \/] [icon color=\"Accent-Color\" size=\"regular\" image=\"steadysets-icon-chat\"] Contexto Spot de la campa\u00f1a de Alejandro Toledo a la Presidencia de Per\u00fa, durante la contienda electoral de 2001 a nombre de Per\u00fa Posible. Toledo hab\u00eda aspirado\u2026","rel":"","context":"En \u00ab2001\u00bb","block_context":{"text":"2001","link":"https:\/\/estrategica.com.co\/blog\/category\/ano\/2001\/"},"img":{"alt_text":"","src":"https:\/\/i0.wp.com\/estrategica.com.co\/blog\/wp-content\/uploads\/2010\/07\/ALEJANDROTOLEDO_thumb.png?fit=587%2C524&ssl=1&resize=350%2C200","width":350,"height":200},"classes":[]},{"id":23058,"url":"https:\/\/estrategica.com.co\/blog\/el-ritmo-del-pueblo-toledo\/","url_meta":{"origin":3457,"position":5},"title":"El Ritmo del Pueblo &#8211; Toledo","author":"Juliana","date":"agosto 25, 2010","format":false,"excerpt":"[hana-flv-player video=\"\/blog\/wp-content\/uploads\/2009\/01\/20100708\/ALEJANDROTOLEDO2.flv\" width=\"550\" height=\"\" description=\"El Ritmo del Pueblo - Toledo\" clickurl=\"\" clicktarget=\"\" player=\"4\" autoplay=\"false\" loop=\"false\" autorewind=\"true\" splashimage=\"\" skin=\"\" \/] [icon color=\"Accent-Color\" size=\"regular\" image=\"steadysets-icon-chat\"] Contexto Spot de la campa\u00f1a de Alejandro Toledo a la Presidencia de Per\u00fa, durante la contienda electoral de 2001 a nombre de Per\u00fa Posible. Toledo hab\u00eda aspirado\u2026","rel":"","context":"En \u00ab2001\u00bb","block_context":{"text":"2001","link":"https:\/\/estrategica.com.co\/blog\/category\/ano\/2001\/"},"img":{"alt_text":"","src":"https:\/\/i0.wp.com\/estrategica.com.co\/blog\/wp-content\/uploads\/2010\/07\/ALEJANDROTOLEDO2_thumb.png?fit=551%2C484&ssl=1&resize=350%2C200","width":350,"height":200},"classes":[]}],"jetpack_sharing_enabled":true,"_links":{"self":[{"href":"https:\/\/estrategica.com.co\/blog\/wp-json\/wp\/v2\/posts\/3457","targetHints":{"allow":["GET"]}}],"collection":[{"href":"https:\/\/estrategica.com.co\/blog\/wp-json\/wp\/v2\/posts"}],"about":[{"href":"https:\/\/estrategica.com.co\/blog\/wp-json\/wp\/v2\/types\/post"}],"author":[{"embeddable":true,"href":"https:\/\/estrategica.com.co\/blog\/wp-json\/wp\/v2\/users\/4"}],"replies":[{"embeddable":true,"href":"https:\/\/estrategica.com.co\/blog\/wp-json\/wp\/v2\/comments?post=3457"}],"version-history":[{"count":4,"href":"https:\/\/estrategica.com.co\/blog\/wp-json\/wp\/v2\/posts\/3457\/revisions"}],"predecessor-version":[{"id":19819,"href":"https:\/\/estrategica.com.co\/blog\/wp-json\/wp\/v2\/posts\/3457\/revisions\/19819"}],"wp:featuredmedia":[{"embeddable":true,"href":"https:\/\/estrategica.com.co\/blog\/wp-json\/wp\/v2\/media\/3456"}],"wp:attachment":[{"href":"https:\/\/estrategica.com.co\/blog\/wp-json\/wp\/v2\/media?parent=3457"}],"wp:term":[{"taxonomy":"category","embeddable":true,"href":"https:\/\/estrategica.com.co\/blog\/wp-json\/wp\/v2\/categories?post=3457"},{"taxonomy":"post_tag","embeddable":true,"href":"https:\/\/estrategica.com.co\/blog\/wp-json\/wp\/v2\/tags?post=3457"}],"curies":[{"name":"wp","href":"https:\/\/api.w.org\/{rel}","templated":true}]}}