{"id":34932,"date":"2012-07-24T16:28:53","date_gmt":"2012-07-24T21:28:53","guid":{"rendered":"http:\/\/estrategica.com.co\/blog\/?p=34932"},"modified":"2014-09-18T23:12:53","modified_gmt":"2014-09-19T04:12:53","slug":"longthompsoncomeback","status":"publish","type":"post","link":"https:\/\/estrategica.com.co\/blog\/longthompsoncomeback\/","title":{"rendered":"Regresemos &#8211; Long Thompson"},"content":{"rendered":"<p> <script type='text\/javascript' src='https:\/\/estrategica.com.co\/blog\/wp-content\/plugins\/hana-flv-player\/flowplayer3\/example\/flowplayer-3.2.6.min.js'><\/script>\n<div >\n<div id='hana_flv_flow3_1' style='display:block;width:550px;height:413px;background-color:#555555;color:#ffffff;padding:0' title=\"*Video:regresemos - long thompson\"><\/div>\n<\/div>\n\n<script  type='text\/javascript'>\nif (typeof g_hanaFlash !== 'undefined' && !g_hanaFlash){\n    jQuery('#hana_flv_flow3_1').css( 'padding', '5px' );\n\tjQuery('#hana_flv_flow3_1').html(\"<span class='inactive_message' style='display:block'>Sorry, your browser does not support Flash Video Player<\/span> *Video:regresemos - long thompson\");\n}else{\t\t\t\n\t\tflowplayer('hana_flv_flow3_1', { src: 'https:\/\/estrategica.com.co\/blog\/wp-content\/plugins\/hana-flv-player\/flowplayer3\/flowplayer-3.2.7.swf', wmode: 'transparent' }, { \n\n\t\t\tcanvas: { backgroundColor: '#000000', backgroundGradient: 'none',},\n    \t\tclip:  { \n    \t\t\turl: '\/blog\/wp-content\/uploads\/2009\/01\/20111213\/LongThompsonComeback.flv',\n        \t\tscaling: 'fit', autoPlay: false, autoBuffering: true \n\n\t        }\n\n\t\t});\n}\n<\/script><br \/>\n<\/br><\/p>\n<p>[icon color=\u00bbAccent-Color\u00bb size=\u00bbregular\u00bb image=\u00bbsteadysets-icon-chat\u00bb] <strong>Contexto<\/strong><\/br><\/br><br \/>\nSpot de la campa\u00f1a de Jill Long Thompson a la Gobernaci\u00f3n de Indiana, durante la contienda electoral de 2008, a nombre del Partido Dem\u00f3crata. Enfrent\u00f3 a Mitch Daniels quien aspiraba a nombre del Partido Republicano y quien al final fue quien termin\u00f3 vencedora.<\/p>\n","protected":false},"excerpt":{"rendered":"<p>*Video: regresemos &#8211; long thompson [icon color=\u00bbAccent-Color\u00bb size=\u00bbregular\u00bb image=\u00bbsteadysets-icon-chat\u00bb] Contexto Spot de la campa\u00f1a de Jill Long Thompson a la Gobernaci\u00f3n de Indiana, durante la contienda electoral de 2008, a nombre del Partido Dem\u00f3crata. Enfrent\u00f3 a Mitch Daniels quien aspiraba a nombre del Partido Republicano y quien al final fue quien termin\u00f3 vencedora.<\/p>\n","protected":false},"author":5,"featured_media":34933,"comment_status":"open","ping_status":"open","sticky":false,"template":"","format":"standard","meta":{"_et_pb_use_builder":"","_et_pb_old_content":"","_et_gb_content_width":"","advanced_seo_description":"","jetpack_seo_html_title":"","jetpack_seo_noindex":false,"footnotes":""},"categories":[268,263,59,34,64,10,11,3],"tags":[93,981,121],"class_list":["post-34932","post","type-post","status-publish","format-standard","has-post-thumbnail","hentry","category-268","category-ano","category-campana-uninominal","category-electoral","category-estados-unidos","category-geo","category-temas","category-video","tag-elecciones-2008","tag-jill-long-thompson","tag-partido-democrata"],"jetpack_featured_media_url":"https:\/\/i0.wp.com\/estrategica.com.co\/blog\/wp-content\/uploads\/2012\/07\/LongThompsonComeback_thumb.png?fit=773%2C515&ssl=1","jetpack_shortlink":"https:\/\/wp.me\/p4wgsh-95q","jetpack-related-posts":[{"id":34929,"url":"https:\/\/estrategica.com.co\/blog\/longthompsonsmalltown\/","url_meta":{"origin":34932,"position":0},"title":"Ciudad Peque\u00f1a &#8211; Thompson","author":"Juliana","date":"julio 25, 2012","format":false,"excerpt":"[hana-flv-player video=\"\/blog\/wp-content\/uploads\/2009\/01\/20111213\/LongThompsonSmallTown.flv\" width=\"550\" height=\"\" description=\"Ciudad Peque\u00f1a - Thompson\" clickurl=\"\" clicktarget=\"\" player=\"4\" autoplay=\"false\" loop=\"false\" autorewind=\"false\" splashimage=\"\" skin=\"\" \/] [icon color=\"Accent-Color\" size=\"regular\" image=\"steadysets-icon-chat\"] Contexto Spot de la campa\u00f1a de Jill Long Thompson a la Gobernaci\u00f3n de Indiana, durante la contienda electoral de 2008, a nombre del Partido Dem\u00f3crata. Enfrent\u00f3 a Mitch Daniels\u2026","rel":"","context":"En \u00ab2008\u00bb","block_context":{"text":"2008","link":"https:\/\/estrategica.com.co\/blog\/category\/ano\/2008\/"},"img":{"alt_text":"","src":"https:\/\/i0.wp.com\/estrategica.com.co\/blog\/wp-content\/uploads\/2012\/07\/LongThompsonSmallTown_thumb.png?fit=599%2C470&ssl=1&resize=350%2C200","width":350,"height":200},"classes":[]},{"id":33461,"url":"https:\/\/estrategica.com.co\/blog\/schellingerrespect\/","url_meta":{"origin":34932,"position":1},"title":"Respeto &#8211; Schellinger","author":"Juliana","date":"marzo 18, 2012","format":false,"excerpt":"[hana-flv-player video=\"\/blog\/wp-content\/uploads\/2009\/01\/20111213\/SchellingerRespect.flv\" width=\"550\" height=\"\" description=\"Respeto - Schellinger\" clickurl=\"\" clicktarget=\"\" player=\"4\" autoplay=\"false\" loop=\"false\" autorewind=\"false\" splashimage=\"\" skin=\"\" \/] [icon color=\"Accent-Color\" size=\"regular\" image=\"steadysets-icon-chat\"] Contexto Spot de la campa\u00f1a de Jim Schellinger para las primarias dem\u00f3cratas para la Gobernaci\u00f3n de Indiana, durante la contienda electoral de 2008, en la cual fue derrotado por Jill\u2026","rel":"","context":"En \u00ab2008\u00bb","block_context":{"text":"2008","link":"https:\/\/estrategica.com.co\/blog\/category\/ano\/2008\/"},"img":{"alt_text":"","src":"https:\/\/i0.wp.com\/estrategica.com.co\/blog\/wp-content\/uploads\/2012\/03\/SchellingerRespect_thumb.png?fit=518%2C310&ssl=1&resize=350%2C200","width":350,"height":200},"classes":[]},{"id":33464,"url":"https:\/\/estrategica.com.co\/blog\/schellingerpickupindiana\/","url_meta":{"origin":34932,"position":2},"title":"Pick Up Indiana &#8211; Schellinger","author":"Juliana","date":"marzo 18, 2012","format":false,"excerpt":"[hana-flv-player video=\"\/blog\/wp-content\/uploads\/2009\/01\/20111213\/SchellingerPickUpIndiana.flv\" width=\"550\" height=\"\" description=\"Pick Up Indiana - Schellinger\" clickurl=\"\" clicktarget=\"\" player=\"4\" autoplay=\"false\" loop=\"false\" autorewind=\"false\" splashimage=\"\" skin=\"\" \/] [icon color=\"Accent-Color\" size=\"regular\" image=\"steadysets-icon-chat\"] Contexto Spot de la campa\u00f1a de Jim Schellinger para las primarias dem\u00f3cratas para la Gobernaci\u00f3n de Indiana, durante la contienda electoral de 2008, en la cual fue derrotado\u2026","rel":"","context":"En \u00ab2008\u00bb","block_context":{"text":"2008","link":"https:\/\/estrategica.com.co\/blog\/category\/ano\/2008\/"},"img":{"alt_text":"","src":"https:\/\/i0.wp.com\/estrategica.com.co\/blog\/wp-content\/uploads\/2012\/03\/SchellingerPickUpIndiana_thumb.png?fit=654%2C359&ssl=1&resize=350%2C200","width":350,"height":200},"classes":[]},{"id":35327,"url":"https:\/\/estrategica.com.co\/blog\/govindanielschangethatsworking\/","url_meta":{"origin":34932,"position":3},"title":"Estamos Trabajando &#8211; Daniels","author":"Juliana","date":"agosto 2, 2012","format":false,"excerpt":"[hana-flv-player video=\"\/blog\/wp-content\/uploads\/2009\/01\/20111213\/GOVINDanielsChangeThatsWorking.flv\" width=\"550\" height=\"\" description=\"Estamos Trabajando - Daniels\" clickurl=\"\" clicktarget=\"\" player=\"4\" autoplay=\"false\" loop=\"false\" autorewind=\"false\" splashimage=\"\" skin=\"\" \/] [icon color=\"Accent-Color\" size=\"regular\" image=\"steadysets-icon-chat\"] Contexto Spot de la Campa\u00f1a de Mitchell Elias \"Mitch\" Daniels, Jr. A la Gobernaci\u00f3n del Estado de Indiana durante la contienda electoral de 2008, a nombre del Partido Republicano.\u2026","rel":"","context":"En \u00ab2008\u00bb","block_context":{"text":"2008","link":"https:\/\/estrategica.com.co\/blog\/category\/ano\/2008\/"},"img":{"alt_text":"","src":"https:\/\/i0.wp.com\/estrategica.com.co\/blog\/wp-content\/uploads\/2012\/08\/GOVINDanielsChangeThatsWorking_thumb.png?fit=761%2C444&ssl=1&resize=350%2C200","width":350,"height":200},"classes":[]},{"id":34420,"url":"https:\/\/estrategica.com.co\/blog\/mittromneyviolentislamicradicalfundamentalism\/","url_meta":{"origin":34932,"position":4},"title":"Violencia Islamica &#8211; Fundamentalismo &#8211; Romney","author":"Juliana","date":"agosto 30, 2012","format":false,"excerpt":"[hana-flv-player video=\"\/blog\/wp-content\/uploads\/2009\/01\/20111213\/MittRomneyViolentIslamicRadicalFundamentalism.flv\" width=\"550\" height=\"\" description=\"Violencia Islamica - Fundamentalismo - Romney\" clickurl=\"\" clicktarget=\"\" player=\"4\" autoplay=\"false\" loop=\"false\" autorewind=\"false\" splashimage=\"\" skin=\"\" \/] [icon color=\"Accent-Color\" size=\"regular\" image=\"steadysets-icon-chat\"] Contexto Spot de la Campa\u00f1a de Mitt Romney por la candidatura republicana a la Presidencia de los Estados unidos, durante la contienda electoral de 2008. Su plataforma\u2026","rel":"","context":"En \u00ab2008\u00bb","block_context":{"text":"2008","link":"https:\/\/estrategica.com.co\/blog\/category\/ano\/2008\/"},"img":{"alt_text":"","src":"https:\/\/i0.wp.com\/estrategica.com.co\/blog\/wp-content\/uploads\/2012\/07\/MittRomneyViolentIslamicRadicalFundamentalism_thumb.png?fit=841%2C484&ssl=1&resize=350%2C200","width":350,"height":200},"classes":[]},{"id":34417,"url":"https:\/\/estrategica.com.co\/blog\/mittromneywinningcombination\/","url_meta":{"origin":34932,"position":5},"title":"Combinaci\u00f3n Ganadora &#8211; Romney","author":"Juliana","date":"agosto 30, 2012","format":false,"excerpt":"[hana-flv-player video=\"\/blog\/wp-content\/uploads\/2009\/01\/20111213\/MittRomneyWinningCombination.flv\" width=\"550\" height=\"\" description=\"Combinaci\u00f3n Ganadora - Romney\" clickurl=\"\" clicktarget=\"\" player=\"4\" autoplay=\"false\" loop=\"false\" autorewind=\"false\" splashimage=\"\" skin=\"\" \/] [icon color=\"Accent-Color\" size=\"regular\" image=\"steadysets-icon-chat\"] Contexto Spot de la Campa\u00f1a de Mitt Romney por la candidatura republicana a la Presidencia de los Estados unidos, durante la contienda electoral de 2008. Su plataforma estuvo marcada\u2026","rel":"","context":"En \u00ab2008\u00bb","block_context":{"text":"2008","link":"https:\/\/estrategica.com.co\/blog\/category\/ano\/2008\/"},"img":{"alt_text":"","src":"https:\/\/i0.wp.com\/estrategica.com.co\/blog\/wp-content\/uploads\/2012\/07\/MittRomneyWinningCombination_thumb.png?fit=783%2C450&ssl=1&resize=350%2C200","width":350,"height":200},"classes":[]}],"jetpack_sharing_enabled":true,"_links":{"self":[{"href":"https:\/\/estrategica.com.co\/blog\/wp-json\/wp\/v2\/posts\/34932","targetHints":{"allow":["GET"]}}],"collection":[{"href":"https:\/\/estrategica.com.co\/blog\/wp-json\/wp\/v2\/posts"}],"about":[{"href":"https:\/\/estrategica.com.co\/blog\/wp-json\/wp\/v2\/types\/post"}],"author":[{"embeddable":true,"href":"https:\/\/estrategica.com.co\/blog\/wp-json\/wp\/v2\/users\/5"}],"replies":[{"embeddable":true,"href":"https:\/\/estrategica.com.co\/blog\/wp-json\/wp\/v2\/comments?post=34932"}],"version-history":[{"count":5,"href":"https:\/\/estrategica.com.co\/blog\/wp-json\/wp\/v2\/posts\/34932\/revisions"}],"predecessor-version":[{"id":43370,"href":"https:\/\/estrategica.com.co\/blog\/wp-json\/wp\/v2\/posts\/34932\/revisions\/43370"}],"wp:featuredmedia":[{"embeddable":true,"href":"https:\/\/estrategica.com.co\/blog\/wp-json\/wp\/v2\/media\/34933"}],"wp:attachment":[{"href":"https:\/\/estrategica.com.co\/blog\/wp-json\/wp\/v2\/media?parent=34932"}],"wp:term":[{"taxonomy":"category","embeddable":true,"href":"https:\/\/estrategica.com.co\/blog\/wp-json\/wp\/v2\/categories?post=34932"},{"taxonomy":"post_tag","embeddable":true,"href":"https:\/\/estrategica.com.co\/blog\/wp-json\/wp\/v2\/tags?post=34932"}],"curies":[{"name":"wp","href":"https:\/\/api.w.org\/{rel}","templated":true}]}}