{"id":35330,"date":"2012-08-02T19:12:31","date_gmt":"2012-08-03T00:12:31","guid":{"rendered":"http:\/\/estrategica.com.co\/blog\/?p=35330"},"modified":"2014-09-18T11:43:11","modified_gmt":"2014-09-18T16:43:11","slug":"govdecarneychange","status":"publish","type":"post","link":"https:\/\/estrategica.com.co\/blog\/govdecarneychange\/","title":{"rendered":"Cambio &#8211; Carney"},"content":{"rendered":"<p> <script type='text\/javascript' src='https:\/\/estrategica.com.co\/blog\/wp-content\/plugins\/hana-flv-player\/flowplayer3\/example\/flowplayer-3.2.6.min.js'><\/script>\n<div >\n<div id='hana_flv_flow3_1' style='display:block;width:550px;height:413px;background-color:#555555;color:#ffffff;padding:0' title=\"*Video:cambio - carney\"><\/div>\n<\/div>\n\n<script  type='text\/javascript'>\nif (typeof g_hanaFlash !== 'undefined' && !g_hanaFlash){\n    jQuery('#hana_flv_flow3_1').css( 'padding', '5px' );\n\tjQuery('#hana_flv_flow3_1').html(\"<span class='inactive_message' style='display:block'>Sorry, your browser does not support Flash Video Player<\/span> *Video:cambio - carney\");\n}else{\t\t\t\n\t\tflowplayer('hana_flv_flow3_1', { src: 'https:\/\/estrategica.com.co\/blog\/wp-content\/plugins\/hana-flv-player\/flowplayer3\/flowplayer-3.2.7.swf', wmode: 'transparent' }, { \n\n\t\t\tcanvas: { backgroundColor: '#000000', backgroundGradient: 'none',},\n    \t\tclip:  { \n    \t\t\turl: '\/blog\/wp-content\/uploads\/2009\/01\/20111213\/GOVDECarneyChange.flv',\n        \t\tscaling: 'fit', autoPlay: false, autoBuffering: true \n\n\t        }\n\n\t\t});\n}\n<\/script><br \/>\n<\/br><\/p>\n<p>[icon color=\u00bbAccent-Color\u00bb size=\u00bbregular\u00bb image=\u00bbsteadysets-icon-chat\u00bb] <strong>Contexto<\/strong><\/br><\/br><br \/>\nSpot de la campa\u00f1a de John Charles Carney, Jr a la nominaci\u00f3n dem\u00f3crata por la Gobernaci\u00f3n de Delaware durante la contienda electoral de 2008. Carney enfrent\u00f3 a su copartidario Jack Markel quien finalmente lo venci\u00f3 en una re\u00f1ida carrera en donde el resultado final se decidio por apena un punto porcentual.<\/p>\n","protected":false},"excerpt":{"rendered":"<p>*Video: cambio &#8211; carney [icon color=\u00bbAccent-Color\u00bb size=\u00bbregular\u00bb image=\u00bbsteadysets-icon-chat\u00bb] Contexto Spot de la campa\u00f1a de John Charles Carney, Jr a la nominaci\u00f3n dem\u00f3crata por la Gobernaci\u00f3n de Delaware durante la contienda electoral de 2008. Carney enfrent\u00f3 a su copartidario Jack Markel quien finalmente lo venci\u00f3 en una re\u00f1ida carrera en donde el resultado final se decidio [&hellip;]<\/p>\n","protected":false},"author":5,"featured_media":35331,"comment_status":"open","ping_status":"open","sticky":false,"template":"","format":"standard","meta":{"_et_pb_use_builder":"","_et_pb_old_content":"","_et_gb_content_width":"","advanced_seo_description":"","jetpack_seo_html_title":"","jetpack_seo_noindex":false,"footnotes":""},"categories":[268,263,59,34,64,10,11,3],"tags":[93,991,121],"class_list":["post-35330","post","type-post","status-publish","format-standard","has-post-thumbnail","hentry","category-268","category-ano","category-campana-uninominal","category-electoral","category-estados-unidos","category-geo","category-temas","category-video","tag-elecciones-2008","tag-john-charles-carney","tag-partido-democrata"],"jetpack_featured_media_url":"https:\/\/i0.wp.com\/estrategica.com.co\/blog\/wp-content\/uploads\/2012\/08\/GOVDECarneyChange_thumb.png?fit=605%2C590&ssl=1","jetpack_shortlink":"https:\/\/wp.me\/p4wgsh-9bQ","jetpack-related-posts":[{"id":35333,"url":"https:\/\/estrategica.com.co\/blog\/govde0carneyvision\/","url_meta":{"origin":35330,"position":0},"title":"Visi\u00f3n &#8211; Carney","author":"Juliana","date":"agosto 2, 2012","format":false,"excerpt":"[hana-flv-player video=\"\/blog\/wp-content\/uploads\/2009\/01\/20111213\/GOVDE0CarneyVision.flv\" width=\"550\" height=\"\" description=\"Visi\u00f3n - Carney\" clickurl=\"\" clicktarget=\"\" player=\"4\" autoplay=\"false\" loop=\"false\" autorewind=\"false\" splashimage=\"\" skin=\"\" \/] [icon color=\"Accent-Color\" size=\"regular\" image=\"steadysets-icon-chat\"] Contexto Spot de la campa\u00f1a de John Charles Carney, Jr a la nominaci\u00f3n dem\u00f3crata por la Gobernaci\u00f3n de Delaware durante la contienda electoral de 2008. Carney enfrent\u00f3 a su copartidario\u2026","rel":"","context":"En \u00ab2008\u00bb","block_context":{"text":"2008","link":"https:\/\/estrategica.com.co\/blog\/category\/ano\/2008\/"},"img":{"alt_text":"","src":"https:\/\/i0.wp.com\/estrategica.com.co\/blog\/wp-content\/uploads\/2012\/08\/GOVDE0CarneyVision_thumb.png?fit=853%2C649&ssl=1&resize=350%2C200","width":350,"height":200},"classes":[]},{"id":35139,"url":"https:\/\/estrategica.com.co\/blog\/jimslatteryuncovered\/","url_meta":{"origin":35330,"position":1},"title":"Al Descubierto &#8211; Slattery","author":"Juliana","date":"agosto 7, 2012","format":false,"excerpt":"[hana-flv-player video=\"\/blog\/wp-content\/uploads\/2009\/01\/20111213\/JimSlatteryUncovered.flv\" width=\"550\" height=\"\" description=\"Al Descubierto - Slattery\" clickurl=\"\" clicktarget=\"\" player=\"4\" autoplay=\"false\" loop=\"false\" autorewind=\"false\" splashimage=\"\" skin=\"\" \/] [icon color=\"Accent-Color\" size=\"regular\" image=\"steadysets-icon-chat\"] Contexto Spot de la Campa\u00f1a de James Charles Slattery al Senado de los Estados Unidos en representaci\u00f3n del Estado de Kansas, durante la contienda electoral de 2008, a nombre\u2026","rel":"","context":"En \u00ab2008\u00bb","block_context":{"text":"2008","link":"https:\/\/estrategica.com.co\/blog\/category\/ano\/2008\/"},"img":{"alt_text":"","src":"https:\/\/i0.wp.com\/estrategica.com.co\/blog\/wp-content\/uploads\/2012\/08\/JimSlatteryUncovered_thumb.png?fit=662%2C559&ssl=1&resize=350%2C200","width":350,"height":200},"classes":[]},{"id":33104,"url":"https:\/\/estrategica.com.co\/blog\/sennhsununuquicker\/","url_meta":{"origin":35330,"position":2},"title":"M\u00e1s Rapido &#8211; Sununu","author":"Juliana","date":"agosto 16, 2012","format":false,"excerpt":"[hana-flv-player video=\"\/blog\/wp-content\/uploads\/2009\/01\/20111213\/SENNHSununuQuicker.flv\" width=\"550\" height=\"\" description=\"M\u00e1s Rapido - Sununu\" clickurl=\"\" clicktarget=\"\" player=\"4\" autoplay=\"false\" loop=\"false\" autorewind=\"false\" splashimage=\"\" skin=\"\" \/] [icon color=\"Accent-Color\" size=\"regular\" image=\"steadysets-icon-chat\"] Contexto Spot de la Campa\u00f1a al Senado de los Estados Unidos de John E. Sununu en Representaci\u00f3n de New Hampshire durante la contienda electoral de 2008, a nombre del\u2026","rel":"","context":"En \u00ab2008\u00bb","block_context":{"text":"2008","link":"https:\/\/estrategica.com.co\/blog\/category\/ano\/2008\/"},"img":{"alt_text":"","src":"https:\/\/i0.wp.com\/estrategica.com.co\/blog\/wp-content\/uploads\/2012\/02\/SENNHSununuQuicker_thumb.png?fit=726%2C445&ssl=1&resize=350%2C200","width":350,"height":200},"classes":[]},{"id":33107,"url":"https:\/\/estrategica.com.co\/blog\/sennhsununuinnovation\/","url_meta":{"origin":35330,"position":3},"title":"Innovaci\u00f3n &#8211; Sununu","author":"Juliana","date":"agosto 16, 2012","format":false,"excerpt":"[hana-flv-player video=\"\/blog\/wp-content\/uploads\/2009\/01\/20111213\/SENNHSununuInnovation.flv\" width=\"550\" height=\"\" description=\"Innovaci\u00f3n - Sununu\" clickurl=\"\" clicktarget=\"\" player=\"4\" autoplay=\"false\" loop=\"false\" autorewind=\"false\" splashimage=\"\" skin=\"\" \/] [icon color=\"Accent-Color\" size=\"regular\" image=\"steadysets-icon-chat\"] Contexto Spot de la Campa\u00f1a al Senado de los Estados Unidos de John E. Sununu en Representaci\u00f3n de New Hampshire durante la contienda electoral de 2008, a nombre del Partido\u2026","rel":"","context":"En \u00ab2008\u00bb","block_context":{"text":"2008","link":"https:\/\/estrategica.com.co\/blog\/category\/ano\/2008\/"},"img":{"alt_text":"","src":"https:\/\/i0.wp.com\/estrategica.com.co\/blog\/wp-content\/uploads\/2012\/02\/SENNHSununuInnovation_thumb.png?fit=709%2C407&ssl=1&resize=350%2C200","width":350,"height":200},"classes":[]},{"id":33110,"url":"https:\/\/estrategica.com.co\/blog\/sennhsununuindependent\/","url_meta":{"origin":35330,"position":4},"title":"Independiente &#8211; Sununu","author":"Juliana","date":"agosto 16, 2012","format":false,"excerpt":"[hana-flv-player video=\"\/blog\/wp-content\/uploads\/2009\/01\/20111213\/SENNHSununuIndependent.flv\" width=\"550\" height=\"\" description=\"Independiente - Sununu\" clickurl=\"\" clicktarget=\"\" player=\"4\" autoplay=\"false\" loop=\"false\" autorewind=\"false\" splashimage=\"\" skin=\"\" \/] [icon color=\"Accent-Color\" size=\"regular\" image=\"steadysets-icon-chat\"] Contexto Spot de la Campa\u00f1a al Senado de los Estados Unidos de John E. Sununu en Representaci\u00f3n de New Hampshire durante la contienda electoral de 2008, a nombre del Partido\u2026","rel":"","context":"En \u00ab2008\u00bb","block_context":{"text":"2008","link":"https:\/\/estrategica.com.co\/blog\/category\/ano\/2008\/"},"img":{"alt_text":"","src":"https:\/\/i0.wp.com\/estrategica.com.co\/blog\/wp-content\/uploads\/2012\/02\/SENNHSununuIndependent_thumb.png?fit=629%2C417&ssl=1&resize=350%2C200","width":350,"height":200},"classes":[]},{"id":35130,"url":"https:\/\/estrategica.com.co\/blog\/johnsununufiveyears\/","url_meta":{"origin":35330,"position":5},"title":"5 A\u00f1os &#8211; Sununu","author":"Juliana","date":"agosto 16, 2012","format":false,"excerpt":"[hana-flv-player video=\"\/blog\/wp-content\/uploads\/2009\/01\/20111213\/JohnSununuFiveYears.flv\" width=\"550\" height=\"\" description=\"5 A\u00f1os - Sununu\" clickurl=\"\" clicktarget=\"\" player=\"4\" autoplay=\"false\" loop=\"false\" autorewind=\"false\" splashimage=\"\" skin=\"\" \/] [icon color=\"Accent-Color\" size=\"regular\" image=\"steadysets-icon-chat\"] Contexto Spot de la Campa\u00f1a al Senado de los Estados Unidos de John E. Sununu en Representaci\u00f3n de New Hampshire durante la contienda electoral de 2008, a nombre del\u2026","rel":"","context":"En \u00ab2008\u00bb","block_context":{"text":"2008","link":"https:\/\/estrategica.com.co\/blog\/category\/ano\/2008\/"},"img":{"alt_text":"","src":"https:\/\/i0.wp.com\/estrategica.com.co\/blog\/wp-content\/uploads\/2012\/08\/JohnSununuFiveYears_thumb.png?fit=975%2C560&ssl=1&resize=350%2C200","width":350,"height":200},"classes":[]}],"jetpack_sharing_enabled":true,"_links":{"self":[{"href":"https:\/\/estrategica.com.co\/blog\/wp-json\/wp\/v2\/posts\/35330","targetHints":{"allow":["GET"]}}],"collection":[{"href":"https:\/\/estrategica.com.co\/blog\/wp-json\/wp\/v2\/posts"}],"about":[{"href":"https:\/\/estrategica.com.co\/blog\/wp-json\/wp\/v2\/types\/post"}],"author":[{"embeddable":true,"href":"https:\/\/estrategica.com.co\/blog\/wp-json\/wp\/v2\/users\/5"}],"replies":[{"embeddable":true,"href":"https:\/\/estrategica.com.co\/blog\/wp-json\/wp\/v2\/comments?post=35330"}],"version-history":[{"count":4,"href":"https:\/\/estrategica.com.co\/blog\/wp-json\/wp\/v2\/posts\/35330\/revisions"}],"predecessor-version":[{"id":43124,"href":"https:\/\/estrategica.com.co\/blog\/wp-json\/wp\/v2\/posts\/35330\/revisions\/43124"}],"wp:featuredmedia":[{"embeddable":true,"href":"https:\/\/estrategica.com.co\/blog\/wp-json\/wp\/v2\/media\/35331"}],"wp:attachment":[{"href":"https:\/\/estrategica.com.co\/blog\/wp-json\/wp\/v2\/media?parent=35330"}],"wp:term":[{"taxonomy":"category","embeddable":true,"href":"https:\/\/estrategica.com.co\/blog\/wp-json\/wp\/v2\/categories?post=35330"},{"taxonomy":"post_tag","embeddable":true,"href":"https:\/\/estrategica.com.co\/blog\/wp-json\/wp\/v2\/tags?post=35330"}],"curies":[{"name":"wp","href":"https:\/\/api.w.org\/{rel}","templated":true}]}}