{"id":371,"date":"2009-01-04T02:13:06","date_gmt":"2009-01-04T02:13:06","guid":{"rendered":"http:\/\/estrategica.com.co\/blog\/?p=371"},"modified":"2009-03-27T11:55:58","modified_gmt":"2009-03-27T11:55:58","slug":"la-mirada-positiva","status":"publish","type":"post","link":"https:\/\/estrategica.com.co\/blog\/la-mirada-positiva\/","title":{"rendered":"La mirada positiva"},"content":{"rendered":"<p><img loading=\"lazy\" decoding=\"async\" data-attachment-id=\"370\" data-permalink=\"https:\/\/estrategica.com.co\/blog\/la-mirada-positiva\/la_mirada_positiva1\/\" data-orig-file=\"https:\/\/i0.wp.com\/estrategica.com.co\/blog\/wp-content\/uploads\/2009\/01\/la_mirada_positiva1.jpg?fit=320%2C240&amp;ssl=1\" data-orig-size=\"320,240\" data-comments-opened=\"1\" data-image-meta=\"{&quot;aperture&quot;:&quot;0&quot;,&quot;credit&quot;:&quot;&quot;,&quot;camera&quot;:&quot;&quot;,&quot;caption&quot;:&quot;&quot;,&quot;created_timestamp&quot;:&quot;0&quot;,&quot;copyright&quot;:&quot;&quot;,&quot;focal_length&quot;:&quot;0&quot;,&quot;iso&quot;:&quot;0&quot;,&quot;shutter_speed&quot;:&quot;0&quot;,&quot;title&quot;:&quot;&quot;}\" data-image-title=\"la_mirada_positiva1\" data-image-description=\"\" data-image-caption=\"\" data-medium-file=\"https:\/\/i0.wp.com\/estrategica.com.co\/blog\/wp-content\/uploads\/2009\/01\/la_mirada_positiva1.jpg?fit=300%2C225&amp;ssl=1\" data-large-file=\"https:\/\/i0.wp.com\/estrategica.com.co\/blog\/wp-content\/uploads\/2009\/01\/la_mirada_positiva1.jpg?fit=320%2C240&amp;ssl=1\" class=\"alignnone size-full wp-image-370\" title=\"la_mirada_positiva1\" src=\"https:\/\/i0.wp.com\/estrategica.com.co\/blog\/wp-content\/uploads\/2009\/01\/la_mirada_positiva1.jpg?resize=320%2C240\" alt=\"la_mirada_positiva1\" width=\"320\" height=\"240\" srcset=\"https:\/\/i0.wp.com\/estrategica.com.co\/blog\/wp-content\/uploads\/2009\/01\/la_mirada_positiva1.jpg?w=320&amp;ssl=1 320w, https:\/\/i0.wp.com\/estrategica.com.co\/blog\/wp-content\/uploads\/2009\/01\/la_mirada_positiva1.jpg?resize=300%2C225&amp;ssl=1 300w\" sizes=\"(max-width: 320px) 100vw, 320px\" data-recalc-dims=\"1\" \/><\/p>\n<p style=\"text-align: justify;\">Esta fue otra de las tantas iniciativas de comunicaci\u00f3n en la err\u00e1tica campa\u00f1a del 2008 en Espa\u00f1a. \u201cLa mirada positiva\u201d har\u00eda compa\u00f1\u00eda a \u201cCon Z de ZAPATERO\u201d, a \u201cEstoy con Zapatero\u201d y a \u201cVOTA con todas tus fuerzas\u201d. Muchos mensajes, muchas est\u00e9ticas\u2026 mucha confusi\u00f3n. Por fortuna los adversarios estaban en lo mismo.<\/p>\n","protected":false},"excerpt":{"rendered":"<p>Esta fue otra de las tantas iniciativas de comunicaci\u00f3n en la err\u00e1tica campa\u00f1a del 2008 en Espa\u00f1a. \u201cLa mirada positiva\u201d har\u00eda compa\u00f1\u00eda a \u201cCon Z de ZAPATERO\u201d, a \u201cEstoy con Zapatero\u201d y a \u201cVOTA con todas tus fuerzas\u201d. Muchos mensajes, muchas est\u00e9ticas\u2026 mucha confusi\u00f3n. Por fortuna los adversarios estaban en lo mismo.<\/p>\n","protected":false},"author":2,"featured_media":59201,"comment_status":"open","ping_status":"open","sticky":false,"template":"","format":"standard","meta":{"_et_pb_use_builder":"","_et_pb_old_content":"","_et_gb_content_width":"","advanced_seo_description":"","jetpack_seo_html_title":"","jetpack_seo_noindex":false,"footnotes":""},"categories":[268,5,263,57,23,46,11],"tags":[93,91,95,94,92],"class_list":["post-371","post","type-post","status-publish","format-standard","has-post-thumbnail","hentry","category-268","category-afiches","category-ano","category-campana-presidencial","category-espana","category-fotograficos","category-temas","tag-elecciones-2008","tag-jose-luis-rodriguez-zapatero","tag-partido-socialista-espanol","tag-psoe","tag-zapatero"],"jetpack_featured_media_url":"https:\/\/i0.wp.com\/estrategica.com.co\/blog\/wp-content\/uploads\/2009\/01\/La-mirada-positiva.jpg?fit=320%2C240&ssl=1","jetpack_shortlink":"https:\/\/wp.me\/p4wgsh-5Z","jetpack-related-posts":[{"id":2835,"url":"https:\/\/estrategica.com.co\/blog\/pesimista-spot-zapatero\/","url_meta":{"origin":371,"position":0},"title":"Pesimista &#8211; Spot Zapatero","author":"Juliana","date":"enero 24, 2009","format":false,"excerpt":"[hana-flv-player video=\"\/blog\/wp-content\/uploads\/2009\/01\/ESPANA\/Zapatero_Pesimista.flv\" width=\"550\" height=\"\" description=\"Pesimista - Spot Zapatero\" clickurl=\"\" clicktarget=\"\" player=\"4\" autoplay=\"false\" loop=\"false\" autorewind=\"true\" splashimage=\"\" skin=\"\" \/] [icon color=\"Accent-Color\" size=\"regular\" image=\"steadysets-icon-chat\"] Contexto Excelente spot de campa\u00f1a que posiciona el sentido del slogan de la estrategia de Rodr\u00edguez Zapatero: \u201cLa Mirada Positiva\u201d, en donde se evidencia la personalidad del \u201cno se\u2026","rel":"","context":"En \u00abCampa\u00f1a Presidencial\u00bb","block_context":{"text":"Campa\u00f1a Presidencial","link":"https:\/\/estrategica.com.co\/blog\/category\/temas\/campana-presidencial\/"},"img":{"alt_text":"","src":"","width":0,"height":0},"classes":[]},{"id":2661,"url":"https:\/\/estrategica.com.co\/blog\/con-z-de-zapatero-5\/","url_meta":{"origin":371,"position":1},"title":"Con Z de Zapatero","author":"Juliana","date":"febrero 12, 2009","format":false,"excerpt":"[hana-flv-player video=\"\/blog\/wp-content\/uploads\/2009\/01\/ESPANA\/Con_Z_de_Zapatero.flv\" width=\"550\" height=\"\" description=\"Con Z de Zapatero\" clickurl=\"\" clicktarget=\"\" player=\"4\" autoplay=\"false\" loop=\"false\" autorewind=\"true\" splashimage=\"\" skin=\"\" \/] [icon color=\"Accent-Color\" size=\"regular\" image=\"steadysets-icon-chat\"] Contexto Video de Campa\u00f1a del Partido Socialista para las elecciones generales de 2007. En ella aparece Zapatero con vestido claro, camisa blanca y sin corbata. Trasmitiendo sencillez y frescura.\u00a0\u2026","rel":"","context":"En \u00abCampa\u00f1a Presidencial\u00bb","block_context":{"text":"Campa\u00f1a Presidencial","link":"https:\/\/estrategica.com.co\/blog\/category\/temas\/campana-presidencial\/"},"img":{"alt_text":"","src":"","width":0,"height":0},"classes":[]},{"id":342,"url":"https:\/\/estrategica.com.co\/blog\/con-z-de-zapatero-2\/","url_meta":{"origin":371,"position":2},"title":"Con Z de ZAPATERO","author":"camilorojas","date":"enero 4, 2009","format":false,"excerpt":"El lanzamiento se hizo con un video en donde Rodr\u00edguez Zapatero bromeaba con su forma de hablar mientras enfatiza la \u201cZ\u201d cundo pronuncia t\u00e9rminos como modernidad, seguridad, equidad, lealtad, solidaridad y humildad. Luego invita a los ciudadanos a conocer lo logros del gobierno en el mandato que termina. Con apariencia\u2026","rel":"","context":"En \u00ab2008\u00bb","block_context":{"text":"2008","link":"https:\/\/estrategica.com.co\/blog\/category\/ano\/2008\/"},"img":{"alt_text":"","src":"","width":0,"height":0},"classes":[]},{"id":345,"url":"https:\/\/estrategica.com.co\/blog\/con-z-de-zapatero-3\/","url_meta":{"origin":371,"position":3},"title":"Con Z de ZAPATERO","author":"camilorojas","date":"enero 4, 2009","format":false,"excerpt":"El lanzamiento se hizo con un video en donde Rodr\u00edguez Zapatero bromeaba con su forma de hablar mientras enfatiza la \u201cZ\u201d cundo pronuncia t\u00e9rminos como modernidad, seguridad, equidad, lealtad, solidaridad y humildad. Luego invita a los ciudadanos a conocer lo logros del gobierno en el mandato que termina. Con apariencia\u2026","rel":"","context":"En \u00ab2008\u00bb","block_context":{"text":"2008","link":"https:\/\/estrategica.com.co\/blog\/category\/ano\/2008\/"},"img":{"alt_text":"","src":"","width":0,"height":0},"classes":[]},{"id":339,"url":"https:\/\/estrategica.com.co\/blog\/con-z-de-zapatero\/","url_meta":{"origin":371,"position":4},"title":"Con Z de ZAPATERO","author":"camilorojas","date":"enero 4, 2009","format":false,"excerpt":"El lanzamiento se hizo con un video en donde Rodr\u00edguez Zapatero bromeaba con su forma de hablar mientras enfatiza la \u201cZ\u201d cundo pronuncia t\u00e9rminos como modernidad, seguridad, equidad, lealtad, solidaridad y humildad. Luego invita a los ciudadanos a conocer lo logros del gobierno en el mandato que termina. Con apariencia\u2026","rel":"","context":"En \u00ab2008\u00bb","block_context":{"text":"2008","link":"https:\/\/estrategica.com.co\/blog\/category\/ano\/2008\/"},"img":{"alt_text":"","src":"https:\/\/i0.wp.com\/estrategica.com.co\/blog\/wp-content\/uploads\/2009\/01\/Con-Z-de-ZAPATERO3.jpg?fit=240%2C240&ssl=1&resize=350%2C200","width":350,"height":200},"classes":[]},{"id":350,"url":"https:\/\/estrategica.com.co\/blog\/con-z-de-zapatero-4\/","url_meta":{"origin":371,"position":5},"title":"Con Z de ZAPATERO","author":"camilorojas","date":"enero 4, 2009","format":false,"excerpt":"El lanzamiento se hizo con un video en donde Rodr\u00edguez Zapatero bromeaba con su forma de hablar mientras enfatiza la \u201cZ\u201d cundo pronuncia t\u00e9rminos como modernidad, seguridad, equidad, lealtad, solidaridad y humildad. Luego invita a los ciudadanos a conocer lo logros del gobierno en el mandato que termina. Con apariencia\u2026","rel":"","context":"En \u00ab2008\u00bb","block_context":{"text":"2008","link":"https:\/\/estrategica.com.co\/blog\/category\/ano\/2008\/"},"img":{"alt_text":"","src":"https:\/\/i0.wp.com\/estrategica.com.co\/blog\/wp-content\/uploads\/2009\/01\/Con-Z-de-ZAPATERO4.jpg?fit=334%2C200&ssl=1&resize=350%2C200","width":350,"height":200},"classes":[]}],"jetpack_sharing_enabled":true,"_links":{"self":[{"href":"https:\/\/estrategica.com.co\/blog\/wp-json\/wp\/v2\/posts\/371","targetHints":{"allow":["GET"]}}],"collection":[{"href":"https:\/\/estrategica.com.co\/blog\/wp-json\/wp\/v2\/posts"}],"about":[{"href":"https:\/\/estrategica.com.co\/blog\/wp-json\/wp\/v2\/types\/post"}],"author":[{"embeddable":true,"href":"https:\/\/estrategica.com.co\/blog\/wp-json\/wp\/v2\/users\/2"}],"replies":[{"embeddable":true,"href":"https:\/\/estrategica.com.co\/blog\/wp-json\/wp\/v2\/comments?post=371"}],"version-history":[{"count":3,"href":"https:\/\/estrategica.com.co\/blog\/wp-json\/wp\/v2\/posts\/371\/revisions"}],"predecessor-version":[{"id":8530,"href":"https:\/\/estrategica.com.co\/blog\/wp-json\/wp\/v2\/posts\/371\/revisions\/8530"}],"wp:featuredmedia":[{"embeddable":true,"href":"https:\/\/estrategica.com.co\/blog\/wp-json\/wp\/v2\/media\/59201"}],"wp:attachment":[{"href":"https:\/\/estrategica.com.co\/blog\/wp-json\/wp\/v2\/media?parent=371"}],"wp:term":[{"taxonomy":"category","embeddable":true,"href":"https:\/\/estrategica.com.co\/blog\/wp-json\/wp\/v2\/categories?post=371"},{"taxonomy":"post_tag","embeddable":true,"href":"https:\/\/estrategica.com.co\/blog\/wp-json\/wp\/v2\/tags?post=371"}],"curies":[{"name":"wp","href":"https:\/\/api.w.org\/{rel}","templated":true}]}}