{"id":374,"date":"2009-01-04T18:15:58","date_gmt":"2009-01-04T18:15:58","guid":{"rendered":"http:\/\/estrategica.com.co\/blog\/?p=374"},"modified":"2009-03-27T11:56:11","modified_gmt":"2009-03-27T11:56:11","slug":"una-izquierda-valiente-para-cambiar-la-vida","status":"publish","type":"post","link":"https:\/\/estrategica.com.co\/blog\/una-izquierda-valiente-para-cambiar-la-vida\/","title":{"rendered":"Una izquierda valiente, para cambiar la vida!"},"content":{"rendered":"<p><img loading=\"lazy\" decoding=\"async\" data-attachment-id=\"373\" data-permalink=\"https:\/\/estrategica.com.co\/blog\/una-izquierda-valiente-para-cambiar-la-vida\/buffet\/\" data-orig-file=\"https:\/\/i0.wp.com\/estrategica.com.co\/blog\/wp-content\/uploads\/2009\/01\/buffet.jpg?fit=326%2C456&amp;ssl=1\" data-orig-size=\"326,456\" data-comments-opened=\"1\" data-image-meta=\"{&quot;aperture&quot;:&quot;0&quot;,&quot;credit&quot;:&quot;&quot;,&quot;camera&quot;:&quot;&quot;,&quot;caption&quot;:&quot;&quot;,&quot;created_timestamp&quot;:&quot;0&quot;,&quot;copyright&quot;:&quot;&quot;,&quot;focal_length&quot;:&quot;0&quot;,&quot;iso&quot;:&quot;0&quot;,&quot;shutter_speed&quot;:&quot;0&quot;,&quot;title&quot;:&quot;&quot;}\" data-image-title=\"buffet\" data-image-description=\"\" data-image-caption=\"\" data-medium-file=\"https:\/\/i0.wp.com\/estrategica.com.co\/blog\/wp-content\/uploads\/2009\/01\/buffet.jpg?fit=214%2C300&amp;ssl=1\" data-large-file=\"https:\/\/i0.wp.com\/estrategica.com.co\/blog\/wp-content\/uploads\/2009\/01\/buffet.jpg?fit=326%2C456&amp;ssl=1\" class=\"alignnone size-full wp-image-373\" title=\"buffet\" src=\"https:\/\/i0.wp.com\/estrategica.com.co\/blog\/wp-content\/uploads\/2009\/01\/buffet.jpg?resize=326%2C456\" alt=\"buffet\" width=\"326\" height=\"456\" srcset=\"https:\/\/i0.wp.com\/estrategica.com.co\/blog\/wp-content\/uploads\/2009\/01\/buffet.jpg?w=326&amp;ssl=1 326w, https:\/\/i0.wp.com\/estrategica.com.co\/blog\/wp-content\/uploads\/2009\/01\/buffet.jpg?resize=214%2C300&amp;ssl=1 214w\" sizes=\"(max-width: 326px) 100vw, 326px\" data-recalc-dims=\"1\" \/><\/p>\n<p style=\"text-align: justify;\">Candidata del Partido Comunista Frances. Sus planteamientos han estado dirigidos a proteger las condiciones laborales de los trabajadores. Sus planteamientos pol\u00edticos se encuadran dentro del espectro anti-liberal en donde tuvo que competir con Olivier Besancenot, Jos\u00e9 Bov\u00e9 y Arlette Laguiller. El resultado electoral que obtuvo fueron 707.628 votos, es decir, el 1.93% de la votaci\u00f3n, el resultado m\u00e1s bajo en la historia para un candidato comunista a la Presidencia de Francia. El esfuerzo comunicativo estuvo dirigido a persuadir al elector de izquierda diciendo que la izquierda deb\u00eda ser valiente y osada para cambiar las cosas para luego cerrar diciendo que se refiere a la izquierda popular y anti-liberal. Este tipo de campa\u00f1a es e gueto, busca mantener la pureza de los que est\u00e1n y no buscar persuadir a los que no est\u00e1n que es donde se encuentra la mayor parte de los ciudadanos. La foto esta bien logrado y el contraste con el rojo son llamativos. Es curioso que no aparezca el s\u00edmbolo del Partido Comunista.<\/p>\n<p style=\"text-align: justify;\">\u00a0<\/p>\n","protected":false},"excerpt":{"rendered":"<p>Candidata del Partido Comunista Frances. Sus planteamientos han estado dirigidos a proteger las condiciones laborales de los trabajadores. Sus planteamientos pol\u00edticos se encuadran dentro del espectro anti-liberal en donde tuvo que competir con Olivier Besancenot, Jos\u00e9 Bov\u00e9 y Arlette Laguiller. El resultado electoral que obtuvo fueron 707.628 votos, es decir, el 1.93% de la votaci\u00f3n, [&hellip;]<\/p>\n","protected":false},"author":2,"featured_media":59200,"comment_status":"open","ping_status":"open","sticky":false,"template":"","format":"standard","meta":{"_et_pb_use_builder":"","_et_pb_old_content":"","_et_gb_content_width":"","advanced_seo_description":"","jetpack_seo_html_title":"","jetpack_seo_noindex":false,"footnotes":""},"categories":[269,5,263,57,46,50,10,11],"tags":[52,101,102],"class_list":["post-374","post","type-post","status-publish","format-standard","has-post-thumbnail","hentry","category-269","category-afiches","category-ano","category-campana-presidencial","category-fotograficos","category-francia","category-geo","category-temas","tag-elecciones-2007","tag-marie-george-buffet","tag-partido-comunista-frances"],"jetpack_featured_media_url":"https:\/\/i0.wp.com\/estrategica.com.co\/blog\/wp-content\/uploads\/2009\/01\/Una-izquierda-valiente-para-cambiar-la-vida.jpg?fit=326%2C456&ssl=1","jetpack_shortlink":"https:\/\/wp.me\/p4wgsh-62","jetpack-related-posts":[{"id":385,"url":"https:\/\/estrategica.com.co\/blog\/mitin-comunista\/","url_meta":{"origin":374,"position":0},"title":"Mitin Comunista","author":"camilorojas","date":"enero 4, 2009","format":false,"excerpt":"Candidata del Partido Comunista Frances. Sus planteamientos han estado dirigidos a proteger las condiciones laborales de los trabajadores. Sus planteamientos pol\u00edticos se encuadran dentro del espectro anti-liberal en donde tuvo que competir con Olivier Besancenot, Jos\u00e9 Bov\u00e9 y Arlette Laguiller. El resultado electoral que obtuvo fueron 707.628 votos, es decir,\u2026","rel":"","context":"En \u00ab2007\u00bb","block_context":{"text":"2007","link":"https:\/\/estrategica.com.co\/blog\/category\/ano\/2007\/"},"img":{"alt_text":"","src":"https:\/\/i0.wp.com\/estrategica.com.co\/blog\/wp-content\/uploads\/2009\/01\/Mitin-Comunista1.jpg?fit=814%2C655&ssl=1&resize=350%2C200","width":350,"height":200},"classes":[]},{"id":388,"url":"https:\/\/estrategica.com.co\/blog\/vivir-mejor-es-un-derecho\/","url_meta":{"origin":374,"position":1},"title":"VIVIR MEJOR, ES UN DERECHO","author":"camilorojas","date":"enero 4, 2009","format":false,"excerpt":"Candidata del Partido Comunista Frances. Sus planteamientos han estado dirigidos a proteger las condiciones laborales de los trabajadores. Sus planteamientos pol\u00edticos se encuadran dentro del espectro anti-liberal en donde tuvo que competir con Olivier Besancenot, Jos\u00e9 Bov\u00e9 y Arlette Laguiller. El resultado electoral que obtuvo fueron 707.628 votos, es decir,\u2026","rel":"","context":"En \u00ab2007\u00bb","block_context":{"text":"2007","link":"https:\/\/estrategica.com.co\/blog\/category\/ano\/2007\/"},"img":{"alt_text":"","src":"https:\/\/i0.wp.com\/estrategica.com.co\/blog\/wp-content\/uploads\/2009\/01\/VIVIR-MEJOR-ES-UN-DERECHO2.jpg?fit=758%2C432&ssl=1&resize=350%2C200","width":350,"height":200},"classes":[]},{"id":147,"url":"https:\/\/estrategica.com.co\/blog\/pour-une-alternative-a-gauche\/","url_meta":{"origin":374,"position":2},"title":"Por una Alternativa de Izquierda","author":"camilorojas","date":"diciembre 31, 2008","format":false,"excerpt":"Jos\u00e9 Bov\u00e9 se lanza a la Presidencia en una entrevista al diario Lib\u00e9ration el 13 de junio de 2006 con la intenci\u00f3n de agrupar a la izquierda antiliberal, es decir, a lo que \u00e9l mismo denomin\u00f3 \u201cla izquierda de la izquierda\u201d. Sin embargo, sus diferencias con el candidato del Partido\u2026","rel":"","context":"En \u00ab2007\u00bb","block_context":{"text":"2007","link":"https:\/\/estrategica.com.co\/blog\/category\/ano\/2007\/"},"img":{"alt_text":"","src":"https:\/\/i0.wp.com\/estrategica.com.co\/blog\/wp-content\/uploads\/2008\/12\/Por-una-Alternativa-de-Izquierda.jpg?fit=306%2C400&ssl=1&resize=350%2C200","width":350,"height":200},"classes":[]},{"id":284,"url":"https:\/\/estrategica.com.co\/blog\/un-presidente-que-nos-congregue\/","url_meta":{"origin":374,"position":3},"title":"UN PRESIDENTE QUE NOS CONGREGUE","author":"camilorojas","date":"enero 3, 2009","format":false,"excerpt":"Fran\u00e7ois Bayrou es el candidato de centro en las elecciones de 2007. Por la favorabilidad que lleg\u00f3 a tener ante la opini\u00f3n p\u00fablica se pens\u00f3 que si los franceses ten\u00edan que escoger entre Sarkozy y Bayrou o entre Royal y Bayrou, votar\u00edan, mayoritariamente, al centrista. Su campa\u00f1a estuvo dirigida a\u2026","rel":"","context":"En \u00ab2007\u00bb","block_context":{"text":"2007","link":"https:\/\/estrategica.com.co\/blog\/category\/ano\/2007\/"},"img":{"alt_text":"","src":"https:\/\/i0.wp.com\/estrategica.com.co\/blog\/wp-content\/uploads\/2009\/01\/UN-PRESIDENTE-QUE-NOS-CONGREGUE2.jpg?fit=448%2C600&ssl=1&resize=350%2C200","width":350,"height":200},"classes":[]},{"id":297,"url":"https:\/\/estrategica.com.co\/blog\/francia-de-todas-nuestras-fuerzas\/","url_meta":{"origin":374,"position":4},"title":"FRANCIA DE TODAS NUESTRAS FUERZAS","author":"camilorojas","date":"enero 3, 2009","format":false,"excerpt":"Fran\u00e7ois Bayrou es el candidato de centro en las elecciones de 2007. Por la favorabilidad que lleg\u00f3 a tener ante la opini\u00f3n p\u00fablica se pens\u00f3 que si los franceses ten\u00edan que escoger entre Sarkozy y Bayrou o entre Royal y Bayrou, votar\u00edan, mayoritariamente, al centrista. Su campa\u00f1a estuvo dirigida a\u2026","rel":"","context":"En \u00ab2007\u00bb","block_context":{"text":"2007","link":"https:\/\/estrategica.com.co\/blog\/category\/ano\/2007\/"},"img":{"alt_text":"","src":"https:\/\/i0.wp.com\/estrategica.com.co\/blog\/wp-content\/uploads\/2009\/01\/FRANCIA-DE-TODAS-NUESTRAS-FUERZAS2.jpg?fit=500%2C417&ssl=1&resize=350%2C200","width":350,"height":200},"classes":[]},{"id":290,"url":"https:\/\/estrategica.com.co\/blog\/queremos-un-presidente-que-nos-respete\/","url_meta":{"origin":374,"position":5},"title":"QUEREMOS UN PRESIDENTE QUE NOS RESPETE","author":"camilorojas","date":"enero 3, 2009","format":false,"excerpt":"Fran\u00e7ois Bayrou es el candidato de centro en las elecciones de 2007. Por la favorabilidad que lleg\u00f3 a tener ante la opini\u00f3n p\u00fablica se pens\u00f3 que si los franceses ten\u00edan que escoger entre Sarkozy y Bayrou o entre Royal y Bayrou, votar\u00edan, mayoritariamente, al centrista. Su campa\u00f1a estuvo dirigida a\u2026","rel":"","context":"En \u00ab2007\u00bb","block_context":{"text":"2007","link":"https:\/\/estrategica.com.co\/blog\/category\/ano\/2007\/"},"img":{"alt_text":"","src":"https:\/\/i0.wp.com\/estrategica.com.co\/blog\/wp-content\/uploads\/2009\/01\/QUEREMOS-UN-PRESIDENTE-QUE-NOS-RESPETE.jpg?fit=437%2C600&ssl=1&resize=350%2C200","width":350,"height":200},"classes":[]}],"jetpack_sharing_enabled":true,"_links":{"self":[{"href":"https:\/\/estrategica.com.co\/blog\/wp-json\/wp\/v2\/posts\/374","targetHints":{"allow":["GET"]}}],"collection":[{"href":"https:\/\/estrategica.com.co\/blog\/wp-json\/wp\/v2\/posts"}],"about":[{"href":"https:\/\/estrategica.com.co\/blog\/wp-json\/wp\/v2\/types\/post"}],"author":[{"embeddable":true,"href":"https:\/\/estrategica.com.co\/blog\/wp-json\/wp\/v2\/users\/2"}],"replies":[{"embeddable":true,"href":"https:\/\/estrategica.com.co\/blog\/wp-json\/wp\/v2\/comments?post=374"}],"version-history":[{"count":4,"href":"https:\/\/estrategica.com.co\/blog\/wp-json\/wp\/v2\/posts\/374\/revisions"}],"predecessor-version":[{"id":8531,"href":"https:\/\/estrategica.com.co\/blog\/wp-json\/wp\/v2\/posts\/374\/revisions\/8531"}],"wp:featuredmedia":[{"embeddable":true,"href":"https:\/\/estrategica.com.co\/blog\/wp-json\/wp\/v2\/media\/59200"}],"wp:attachment":[{"href":"https:\/\/estrategica.com.co\/blog\/wp-json\/wp\/v2\/media?parent=374"}],"wp:term":[{"taxonomy":"category","embeddable":true,"href":"https:\/\/estrategica.com.co\/blog\/wp-json\/wp\/v2\/categories?post=374"},{"taxonomy":"post_tag","embeddable":true,"href":"https:\/\/estrategica.com.co\/blog\/wp-json\/wp\/v2\/tags?post=374"}],"curies":[{"name":"wp","href":"https:\/\/api.w.org\/{rel}","templated":true}]}}