{"id":377,"date":"2009-01-04T18:47:37","date_gmt":"2009-01-04T18:47:37","guid":{"rendered":"http:\/\/estrategica.com.co\/blog\/?p=377"},"modified":"2009-03-27T11:56:21","modified_gmt":"2009-03-27T11:56:21","slug":"elegir-la-revolucion-ecologica","status":"publish","type":"post","link":"https:\/\/estrategica.com.co\/blog\/elegir-la-revolucion-ecologica\/","title":{"rendered":"Elegir la Revoluci\u00f3n Ecol\u00f3gica"},"content":{"rendered":"<p><img loading=\"lazy\" decoding=\"async\" data-attachment-id=\"378\" data-permalink=\"https:\/\/estrategica.com.co\/blog\/elegir-la-revolucion-ecologica\/352662795_101c3d3ffd1\/\" data-orig-file=\"https:\/\/i0.wp.com\/estrategica.com.co\/blog\/wp-content\/uploads\/2009\/01\/352662795_101c3d3ffd1.jpg?fit=349%2C500&amp;ssl=1\" data-orig-size=\"349,500\" data-comments-opened=\"1\" data-image-meta=\"{&quot;aperture&quot;:&quot;0&quot;,&quot;credit&quot;:&quot;&quot;,&quot;camera&quot;:&quot;&quot;,&quot;caption&quot;:&quot;&quot;,&quot;created_timestamp&quot;:&quot;0&quot;,&quot;copyright&quot;:&quot;&quot;,&quot;focal_length&quot;:&quot;0&quot;,&quot;iso&quot;:&quot;0&quot;,&quot;shutter_speed&quot;:&quot;0&quot;,&quot;title&quot;:&quot;&quot;}\" data-image-title=\"352662795_101c3d3ffd1\" data-image-description=\"\" data-image-caption=\"\" data-medium-file=\"https:\/\/i0.wp.com\/estrategica.com.co\/blog\/wp-content\/uploads\/2009\/01\/352662795_101c3d3ffd1.jpg?fit=209%2C300&amp;ssl=1\" data-large-file=\"https:\/\/i0.wp.com\/estrategica.com.co\/blog\/wp-content\/uploads\/2009\/01\/352662795_101c3d3ffd1.jpg?fit=349%2C500&amp;ssl=1\" class=\"alignnone size-full wp-image-378\" title=\"352662795_101c3d3ffd1\" src=\"https:\/\/i0.wp.com\/estrategica.com.co\/blog\/wp-content\/uploads\/2009\/01\/352662795_101c3d3ffd1.jpg?resize=349%2C500\" alt=\"352662795_101c3d3ffd1\" width=\"349\" height=\"500\" srcset=\"https:\/\/i0.wp.com\/estrategica.com.co\/blog\/wp-content\/uploads\/2009\/01\/352662795_101c3d3ffd1.jpg?w=349&amp;ssl=1 349w, https:\/\/i0.wp.com\/estrategica.com.co\/blog\/wp-content\/uploads\/2009\/01\/352662795_101c3d3ffd1.jpg?resize=209%2C300&amp;ssl=1 209w\" sizes=\"(max-width: 349px) 100vw, 349px\" data-recalc-dims=\"1\" \/><\/p>\n<p style=\"text-align: justify;\">Candidata a la presidencia por el partido Verde. El partido es ecologista y paneuropeo, es decir, lucha para que Europa sea una federaci\u00f3n. En la primera vuelta electoral obtuvo 576,666 votos que representaron el 1,57% de la votaci\u00f3n total. El afiche muestra la imagen de la candidata en un primer plano con una expresi\u00f3n tranquila pero no invitadora, el planeta y el verde de fondo comunican claramente lo que esa opci\u00f3n pol\u00edtica representa. La imagen de la tierra es algo predecible en temas ambientales se hubiera podido ser un poco m\u00e1s osado en la comunicaci\u00f3n y llamar as\u00ed la atenci\u00f3n.<\/p>\n","protected":false},"excerpt":{"rendered":"<p>Candidata a la presidencia por el partido Verde. El partido es ecologista y paneuropeo, es decir, lucha para que Europa sea una federaci\u00f3n. En la primera vuelta electoral obtuvo 576,666 votos que representaron el 1,57% de la votaci\u00f3n total. El afiche muestra la imagen de la candidata en un primer plano con una expresi\u00f3n tranquila [&hellip;]<\/p>\n","protected":false},"author":2,"featured_media":59196,"comment_status":"open","ping_status":"open","sticky":false,"template":"","format":"standard","meta":{"_et_pb_use_builder":"","_et_pb_old_content":"","_et_gb_content_width":"","advanced_seo_description":"","jetpack_seo_html_title":"","jetpack_seo_noindex":false,"footnotes":""},"categories":[269,5,263,57,46,50,10,11],"tags":[90,52,103],"class_list":["post-377","post","type-post","status-publish","format-standard","has-post-thumbnail","hentry","category-269","category-afiches","category-ano","category-campana-presidencial","category-fotograficos","category-francia","category-geo","category-temas","tag-dominique-voynet","tag-elecciones-2007","tag-los-verdes"],"jetpack_featured_media_url":"https:\/\/i0.wp.com\/estrategica.com.co\/blog\/wp-content\/uploads\/2009\/01\/Elegir-la-Revoluci\u00f3n-Ecol\u00f3gica.jpg?fit=349%2C500&ssl=1","jetpack_shortlink":"https:\/\/wp.me\/p4wgsh-65","jetpack-related-posts":[{"id":32,"url":"https:\/\/estrategica.com.co\/blog\/pipa-y-bigote\/","url_meta":{"origin":377,"position":0},"title":"Pipa y Bigote &#8211; Bov\u00e9","author":"camilorojas","date":"diciembre 30, 2008","format":false,"excerpt":"Jos\u00e9 Bov\u00e9 se lanza a la Presidencia en una entrevista al diario Lib\u00e9ration el 13 de junio de 2006 con la intenci\u00f3n de agrupar a la izquierda antiliberal, es decir, a lo que \u00e9l mismo denomin\u00f3 \u201cla izquierda de la izquierda\u201d. Sin embargo, sus diferencias con el candidato del Partido\u2026","rel":"","context":"En \u00ab2007\u00bb","block_context":{"text":"2007","link":"https:\/\/estrategica.com.co\/blog\/category\/ano\/2007\/"},"img":{"alt_text":"","src":"https:\/\/i0.wp.com\/estrategica.com.co\/blog\/wp-content\/uploads\/2008\/12\/Pipa-y-Bigote-\u2013-Bov\u00e9.jpg?fit=800%2C599&ssl=1&resize=350%2C200","width":350,"height":200},"classes":[]},{"id":40,"url":"https:\/\/estrategica.com.co\/blog\/otro-mundo-es-posible-bove\/","url_meta":{"origin":377,"position":1},"title":"Otro Mundo es Posible &#8211; Bov\u00e9","author":"camilorojas","date":"diciembre 30, 2008","format":false,"excerpt":"Jos\u00e9 Bov\u00e9 se lanza a la Presidencia en una entrevista al diario Lib\u00e9ration el 13 de junio de 2006 con la intenci\u00f3n de agrupar a la izquierda antiliberal, es decir, a lo que \u00e9l mismo denomin\u00f3 \u201cla izquierda de la izquierda\u201d. Sin embargo, sus diferencias con el candidato del Partido\u2026","rel":"","context":"En \u00ab2007\u00bb","block_context":{"text":"2007","link":"https:\/\/estrategica.com.co\/blog\/category\/ano\/2007\/"},"img":{"alt_text":"","src":"https:\/\/i0.wp.com\/estrategica.com.co\/blog\/wp-content\/uploads\/2008\/12\/Otro-Mundo-es-Posible-\u2013-Bov\u00e9.jpg?fit=421%2C600&ssl=1&resize=350%2C200","width":350,"height":200},"classes":[]},{"id":44,"url":"https:\/\/estrategica.com.co\/blog\/unidos-jose-bove\/","url_meta":{"origin":377,"position":2},"title":"Unidos &#8211; Bov\u00e9","author":"camilorojas","date":"diciembre 30, 2008","format":false,"excerpt":"Jos\u00e9 Bov\u00e9 se lanza a la Presidencia en una entrevista al diario Lib\u00e9ration el 13 de junio de 2006 con la intenci\u00f3n de agrupar a la izquierda antiliberal, es decir, a lo que \u00e9l mismo denomin\u00f3 \u201cla izquierda de la izquierda\u201d. Sin embargo, sus diferencias con el candidato del Partido\u2026","rel":"","context":"En \u00ab2007\u00bb","block_context":{"text":"2007","link":"https:\/\/estrategica.com.co\/blog\/category\/ano\/2007\/"},"img":{"alt_text":"","src":"https:\/\/i0.wp.com\/estrategica.com.co\/blog\/wp-content\/uploads\/2008\/12\/Unidos-\u2013-Bov\u00e9.jpg?fit=500%2C304&ssl=1&resize=350%2C200","width":350,"height":200},"classes":[]},{"id":48,"url":"https:\/\/estrategica.com.co\/blog\/por-otra-realidad-bove\/","url_meta":{"origin":377,"position":3},"title":"Por Otra Realidad &#8211; Bov\u00e9","author":"camilorojas","date":"diciembre 30, 2008","format":false,"excerpt":"Jos\u00e9 Bov\u00e9 se lanza a la Presidencia en una entrevista al diario Lib\u00e9ration el 13 de junio de 2006 con la intenci\u00f3n de agrupar a la izquierda antiliberal, es decir, a lo que \u00e9l mismo denomin\u00f3 \u201cla izquierda de la izquierda\u201d. Sin embargo, sus diferencias con el candidato del Partido\u2026","rel":"","context":"En \u00ab2007\u00bb","block_context":{"text":"2007","link":"https:\/\/estrategica.com.co\/blog\/category\/ano\/2007\/"},"img":{"alt_text":"","src":"https:\/\/i0.wp.com\/estrategica.com.co\/blog\/wp-content\/uploads\/2008\/12\/Por-Otra-Realidad-\u2013-Bov\u00e9.jpg?fit=424%2C600&ssl=1&resize=350%2C200","width":350,"height":200},"classes":[]},{"id":64,"url":"https:\/\/estrategica.com.co\/blog\/otro-mundo-esta-en-marcha-bove\/","url_meta":{"origin":377,"position":4},"title":"Otro Mundo esta en Marcha &#8211; Bov\u00e9","author":"camilorojas","date":"diciembre 30, 2008","format":false,"excerpt":"Jos\u00e9 Bov\u00e9 se lanza a la Presidencia en una entrevista al diario Lib\u00e9ration el 13 de junio de 2006 con la intenci\u00f3n de agrupar a la izquierda antiliberal, es decir, a lo que \u00e9l mismo denomin\u00f3 \u201cla izquierda de la izquierda\u201d. Sin embargo, sus diferencias con el candidato del Partido\u2026","rel":"","context":"En \u00ab2007\u00bb","block_context":{"text":"2007","link":"https:\/\/estrategica.com.co\/blog\/category\/ano\/2007\/"},"img":{"alt_text":"","src":"https:\/\/i0.wp.com\/estrategica.com.co\/blog\/wp-content\/uploads\/2008\/12\/Otro-Mundo-esta-en-Marcha-\u2013-Bov\u00e9.gif?fit=399%2C600&ssl=1&resize=350%2C200","width":350,"height":200},"classes":[]},{"id":396,"url":"https:\/\/estrategica.com.co\/blog\/candidata-de-lucha-obrera\/","url_meta":{"origin":377,"position":5},"title":"Candidata de Lucha Obrera","author":"camilorojas","date":"enero 4, 2009","format":false,"excerpt":"Candidata del Partido Lucha Obrera. Se ha desempe\u00f1ado como l\u00edder sindical y ha sido candidata a la presidencia en 6 oportundades. Su mejor momento fue en las elecciones de 2002 en donde obtuvo el quinto lugar y recibi\u00f3 el 5,72% de los votos. En las elecciones de 2007 obtuvo el\u2026","rel":"","context":"En \u00ab2007\u00bb","block_context":{"text":"2007","link":"https:\/\/estrategica.com.co\/blog\/category\/ano\/2007\/"},"img":{"alt_text":"","src":"https:\/\/i0.wp.com\/estrategica.com.co\/blog\/wp-content\/uploads\/2009\/01\/Candidata-de-Lucha-Obrera.jpg?fit=322%2C456&ssl=1&resize=350%2C200","width":350,"height":200},"classes":[]}],"jetpack_sharing_enabled":true,"_links":{"self":[{"href":"https:\/\/estrategica.com.co\/blog\/wp-json\/wp\/v2\/posts\/377","targetHints":{"allow":["GET"]}}],"collection":[{"href":"https:\/\/estrategica.com.co\/blog\/wp-json\/wp\/v2\/posts"}],"about":[{"href":"https:\/\/estrategica.com.co\/blog\/wp-json\/wp\/v2\/types\/post"}],"author":[{"embeddable":true,"href":"https:\/\/estrategica.com.co\/blog\/wp-json\/wp\/v2\/users\/2"}],"replies":[{"embeddable":true,"href":"https:\/\/estrategica.com.co\/blog\/wp-json\/wp\/v2\/comments?post=377"}],"version-history":[{"count":3,"href":"https:\/\/estrategica.com.co\/blog\/wp-json\/wp\/v2\/posts\/377\/revisions"}],"predecessor-version":[{"id":8532,"href":"https:\/\/estrategica.com.co\/blog\/wp-json\/wp\/v2\/posts\/377\/revisions\/8532"}],"wp:featuredmedia":[{"embeddable":true,"href":"https:\/\/estrategica.com.co\/blog\/wp-json\/wp\/v2\/media\/59196"}],"wp:attachment":[{"href":"https:\/\/estrategica.com.co\/blog\/wp-json\/wp\/v2\/media?parent=377"}],"wp:term":[{"taxonomy":"category","embeddable":true,"href":"https:\/\/estrategica.com.co\/blog\/wp-json\/wp\/v2\/categories?post=377"},{"taxonomy":"post_tag","embeddable":true,"href":"https:\/\/estrategica.com.co\/blog\/wp-json\/wp\/v2\/tags?post=377"}],"curies":[{"name":"wp","href":"https:\/\/api.w.org\/{rel}","templated":true}]}}