{"id":381,"date":"2009-01-04T19:04:30","date_gmt":"2009-01-04T19:04:30","guid":{"rendered":"http:\/\/estrategica.com.co\/blog\/?p=381"},"modified":"2009-03-27T11:56:29","modified_gmt":"2009-03-27T11:56:29","slug":"la-republica-que-respetamos","status":"publish","type":"post","link":"https:\/\/estrategica.com.co\/blog\/la-republica-que-respetamos\/","title":{"rendered":"La Rep\u00fablica que respetamos"},"content":{"rendered":"<p><img loading=\"lazy\" decoding=\"async\" data-attachment-id=\"380\" data-permalink=\"https:\/\/estrategica.com.co\/blog\/la-republica-que-respetamos\/affichetaubira2002\/\" data-orig-file=\"https:\/\/i0.wp.com\/estrategica.com.co\/blog\/wp-content\/uploads\/2009\/01\/affichetaubira2002.jpg?fit=283%2C400&amp;ssl=1\" data-orig-size=\"283,400\" data-comments-opened=\"1\" data-image-meta=\"{&quot;aperture&quot;:&quot;0&quot;,&quot;credit&quot;:&quot;&quot;,&quot;camera&quot;:&quot;&quot;,&quot;caption&quot;:&quot;&quot;,&quot;created_timestamp&quot;:&quot;0&quot;,&quot;copyright&quot;:&quot;&quot;,&quot;focal_length&quot;:&quot;0&quot;,&quot;iso&quot;:&quot;0&quot;,&quot;shutter_speed&quot;:&quot;0&quot;,&quot;title&quot;:&quot;&quot;}\" data-image-title=\"affichetaubira2002\" data-image-description=\"\" data-image-caption=\"\" data-medium-file=\"https:\/\/i0.wp.com\/estrategica.com.co\/blog\/wp-content\/uploads\/2009\/01\/affichetaubira2002.jpg?fit=212%2C300&amp;ssl=1\" data-large-file=\"https:\/\/i0.wp.com\/estrategica.com.co\/blog\/wp-content\/uploads\/2009\/01\/affichetaubira2002.jpg?fit=283%2C400&amp;ssl=1\" class=\"alignnone size-full wp-image-380\" title=\"affichetaubira2002\" src=\"https:\/\/i0.wp.com\/estrategica.com.co\/blog\/wp-content\/uploads\/2009\/01\/affichetaubira2002.jpg?resize=283%2C400\" alt=\"affichetaubira2002\" width=\"283\" height=\"400\" srcset=\"https:\/\/i0.wp.com\/estrategica.com.co\/blog\/wp-content\/uploads\/2009\/01\/affichetaubira2002.jpg?w=283&amp;ssl=1 283w, https:\/\/i0.wp.com\/estrategica.com.co\/blog\/wp-content\/uploads\/2009\/01\/affichetaubira2002.jpg?resize=212%2C300&amp;ssl=1 212w\" sizes=\"(max-width: 283px) 100vw, 283px\" data-recalc-dims=\"1\" \/><\/p>\n<p style=\"text-align: justify;\">Candidata del partido Radical de Izquierda a la Presidencia e Francia en las elecciones de 2002. Obtuvo 660.447 votos que representaron 2,32% de la votaci\u00f3n. El afiche es llamativo, aparece la candidata en un primer plano, vestida de negro, con una sonrisa bonita. La frase: \u201cLa Rep\u00fablica que respetamos\u201d es acompa\u00f1ada con otras que flotan en amarillo sobre el fondo rojo: Libertad, Igualdad, Fraternidad, Dignidad, Europa, Empleo\u2026 ah\u00ed hay mucho discurso para desarrollar.<\/p>\n","protected":false},"excerpt":{"rendered":"<p>Candidata del partido Radical de Izquierda a la Presidencia e Francia en las elecciones de 2002. Obtuvo 660.447 votos que representaron 2,32% de la votaci\u00f3n. El afiche es llamativo, aparece la candidata en un primer plano, vestida de negro, con una sonrisa bonita. La frase: \u201cLa Rep\u00fablica que respetamos\u201d es acompa\u00f1ada con otras que flotan [&hellip;]<\/p>\n","protected":false},"author":2,"featured_media":59195,"comment_status":"open","ping_status":"open","sticky":false,"template":"","format":"standard","meta":{"_et_pb_use_builder":"","_et_pb_old_content":"","_et_gb_content_width":"","advanced_seo_description":"","jetpack_seo_html_title":"","jetpack_seo_noindex":false,"footnotes":""},"categories":[269,5,263,57,46,50,10,11],"tags":[105,104,106],"class_list":["post-381","post","type-post","status-publish","format-standard","has-post-thumbnail","hentry","category-269","category-afiches","category-ano","category-campana-presidencial","category-fotograficos","category-francia","category-geo","category-temas","tag-christiane-taubira","tag-elecciones-2002","tag-partido-radical-de-izquierda"],"jetpack_featured_media_url":"https:\/\/i0.wp.com\/estrategica.com.co\/blog\/wp-content\/uploads\/2009\/01\/La-Rep\u00fablica-que-respetamos.jpg?fit=283%2C400&ssl=1","jetpack_shortlink":"https:\/\/wp.me\/p4wgsh-69","jetpack-related-posts":[{"id":3352,"url":"https:\/\/estrategica.com.co\/blog\/francia-del-respeto-con-jacques-chirac\/","url_meta":{"origin":381,"position":0},"title":"Francia del respeto con Jacques Chirac","author":"estrategica.com","date":"febrero 4, 2009","format":false,"excerpt":"Afiche de campa\u00f1a de Jacques Chirac para las elecciones de 2002, en la primera vuelta electoral. El gobierno se encuentra desprestigiado, las acusaciones contra el Presidente por corrupci\u00f3n cuando se desempe\u00f1\u00f3 como alcalde de Paris le han hecho da\u00f1o y debilitan sus posibilidades de reelecci\u00f3n. La estrategia de campa\u00f1a giro,\u2026","rel":"","context":"En \u00abAFICHES\u00bb","block_context":{"text":"AFICHES","link":"https:\/\/estrategica.com.co\/blog\/category\/afiches\/"},"img":{"alt_text":"","src":"https:\/\/i0.wp.com\/estrategica.com.co\/blog\/wp-content\/uploads\/2009\/02\/affichechirac200202emetour.jpg?fit=591%2C400&ssl=1&resize=350%2C200","width":350,"height":200},"classes":[]},{"id":3152,"url":"https:\/\/estrategica.com.co\/blog\/le-pen-presidente-2\/","url_meta":{"origin":381,"position":1},"title":"LE PEN PRESIDENTE","author":"estrategica.com","date":"enero 31, 2009","format":false,"excerpt":"Afiche del Frente Nacional para la campa\u00f1a presidencial de 2002. El certamen estuvo marcado por la apat\u00eda y el desinter\u00e9s. Ninguna de las campa\u00f1as supo persuadir emocionalmente a los electores. Esa situaci\u00f3n se tradujo en abstenci\u00f3n (casi el 28%) y en el hecho de que Por primera vez en la\u2026","rel":"","context":"En \u00abAFICHES\u00bb","block_context":{"text":"AFICHES","link":"https:\/\/estrategica.com.co\/blog\/category\/afiches\/"},"img":{"alt_text":"","src":"https:\/\/i0.wp.com\/estrategica.com.co\/blog\/wp-content\/uploads\/2009\/01\/31d6_1.jpg?fit=288%2C400&ssl=1&resize=350%2C200","width":350,"height":200},"classes":[]},{"id":2970,"url":"https:\/\/estrategica.com.co\/blog\/presidir-de-otra-forma-una-francia-mas-justa\/","url_meta":{"origin":381,"position":2},"title":"Presidir de Otra Forma &#8211; Una Francia m\u00e1s Justa","author":"estrategica.com","date":"enero 30, 2009","format":false,"excerpt":"Durante la campa\u00f1a electoral de 2002 lo electores no tuvieron claridad entre lo que representaba Chirac y lo que encarnaba Jospin. El candidato socialista nunca pudo trasmitir el fervor de un mensaje y quedo atrapado en esa imagen de aburrido y poco carism\u00e1tico que encontraban los franceses en \u00e9l. No\u2026","rel":"","context":"En \u00ab2002\u00bb","block_context":{"text":"2002","link":"https:\/\/estrategica.com.co\/blog\/category\/ano\/2002\/"},"img":{"alt_text":"","src":"https:\/\/i0.wp.com\/estrategica.com.co\/blog\/wp-content\/uploads\/2009\/01\/m-lionel_jospin_mai2002.jpg?fit=300%2C397&ssl=1&resize=350%2C200","width":350,"height":200},"classes":[]},{"id":2965,"url":"https:\/\/estrategica.com.co\/blog\/presidir-de-otra-forma\/","url_meta":{"origin":381,"position":3},"title":"Presidir de Otra Forma","author":"estrategica.com","date":"enero 30, 2009","format":false,"excerpt":"Durante la campa\u00f1a electoral de 2002 lo electores no tuvieron claridad entre lo que representaba Chirac y lo que encarnaba Jospin. El candidato socialista nunca pudo trasmitir el fervor de un mensaje y quedo atrapado en esa imagen de aburrido y poco carism\u00e1tico que encontraban los franceses en \u00e9l. No\u2026","rel":"","context":"En \u00ab2002\u00bb","block_context":{"text":"2002","link":"https:\/\/estrategica.com.co\/blog\/category\/ano\/2002\/"},"img":{"alt_text":"","src":"https:\/\/i0.wp.com\/estrategica.com.co\/blog\/wp-content\/uploads\/2009\/01\/affichejospin2002.jpg?fit=534%2C400&ssl=1&resize=350%2C200","width":350,"height":200},"classes":[]},{"id":406,"url":"https:\/\/estrategica.com.co\/blog\/la-disminucion-de-nuestro-poder-adquisitivo\/","url_meta":{"origin":381,"position":4},"title":"Nuestras vidas valen m\u00e1s que sus beneficios","author":"camilorojas","date":"enero 4, 2009","format":false,"excerpt":"Candidato a la presidencia por la Liga Comunista Revolucionaria. Su slogan fue \u201cNuestras vidas valen m\u00e1s que sus beneficios\u201d e impuls\u00f3 iniciativas tales como redistribuci\u00f3n del ingreso, aumento del salario m\u00ednimo, prohibici\u00f3n de despidos en empresas entables y aumento de los impuestos al capital de especulaci\u00f3n. Obtuvo 1.498,581 votos que\u2026","rel":"","context":"En \u00ab2007\u00bb","block_context":{"text":"2007","link":"https:\/\/estrategica.com.co\/blog\/category\/ano\/2007\/"},"img":{"alt_text":"","src":"https:\/\/i0.wp.com\/estrategica.com.co\/blog\/wp-content\/uploads\/2009\/01\/Nuestras-vidas-valen-m\u00e1s-que-sus-beneficios.jpg?fit=339%2C482&ssl=1&resize=350%2C200","width":350,"height":200},"classes":[]},{"id":3349,"url":"https:\/\/estrategica.com.co\/blog\/francia-en-grande-francia-juntos\/","url_meta":{"origin":381,"position":5},"title":"Francia en grande Francia juntos","author":"estrategica.com","date":"febrero 4, 2009","format":false,"excerpt":"Afiche de campa\u00f1a de Jacques Chirac para las elecciones de 2002, en la primera vuelta electoral. El gobierno se encuentra desprestigiado, las acusaciones contra el Presidente por corrupci\u00f3n cuando se desempe\u00f1\u00f3 como alcalde de Paris le han hecho da\u00f1o y debilitan sus posibilidades de reelecci\u00f3n. La estrategia de campa\u00f1a giro,\u2026","rel":"","context":"En \u00abAFICHES\u00bb","block_context":{"text":"AFICHES","link":"https:\/\/estrategica.com.co\/blog\/category\/afiches\/"},"img":{"alt_text":"","src":"https:\/\/i0.wp.com\/estrategica.com.co\/blog\/wp-content\/uploads\/2009\/02\/affichechirac2002.jpg?fit=533%2C400&ssl=1&resize=350%2C200","width":350,"height":200},"classes":[]}],"jetpack_sharing_enabled":true,"_links":{"self":[{"href":"https:\/\/estrategica.com.co\/blog\/wp-json\/wp\/v2\/posts\/381","targetHints":{"allow":["GET"]}}],"collection":[{"href":"https:\/\/estrategica.com.co\/blog\/wp-json\/wp\/v2\/posts"}],"about":[{"href":"https:\/\/estrategica.com.co\/blog\/wp-json\/wp\/v2\/types\/post"}],"author":[{"embeddable":true,"href":"https:\/\/estrategica.com.co\/blog\/wp-json\/wp\/v2\/users\/2"}],"replies":[{"embeddable":true,"href":"https:\/\/estrategica.com.co\/blog\/wp-json\/wp\/v2\/comments?post=381"}],"version-history":[{"count":4,"href":"https:\/\/estrategica.com.co\/blog\/wp-json\/wp\/v2\/posts\/381\/revisions"}],"predecessor-version":[{"id":8533,"href":"https:\/\/estrategica.com.co\/blog\/wp-json\/wp\/v2\/posts\/381\/revisions\/8533"}],"wp:featuredmedia":[{"embeddable":true,"href":"https:\/\/estrategica.com.co\/blog\/wp-json\/wp\/v2\/media\/59195"}],"wp:attachment":[{"href":"https:\/\/estrategica.com.co\/blog\/wp-json\/wp\/v2\/media?parent=381"}],"wp:term":[{"taxonomy":"category","embeddable":true,"href":"https:\/\/estrategica.com.co\/blog\/wp-json\/wp\/v2\/categories?post=381"},{"taxonomy":"post_tag","embeddable":true,"href":"https:\/\/estrategica.com.co\/blog\/wp-json\/wp\/v2\/tags?post=381"}],"curies":[{"name":"wp","href":"https:\/\/api.w.org\/{rel}","templated":true}]}}