{"id":385,"date":"2009-01-04T19:12:35","date_gmt":"2009-01-04T19:12:35","guid":{"rendered":"http:\/\/estrategica.com.co\/blog\/?p=385"},"modified":"2009-03-27T11:56:39","modified_gmt":"2009-03-27T11:56:39","slug":"mitin-comunista","status":"publish","type":"post","link":"https:\/\/estrategica.com.co\/blog\/mitin-comunista\/","title":{"rendered":"Mitin Comunista"},"content":{"rendered":"<p><img loading=\"lazy\" decoding=\"async\" data-attachment-id=\"384\" data-permalink=\"https:\/\/estrategica.com.co\/blog\/mitin-comunista\/mgb_jc_2\/\" data-orig-file=\"https:\/\/i0.wp.com\/estrategica.com.co\/blog\/wp-content\/uploads\/2009\/01\/mgb_jc_2.jpg?fit=814%2C655&amp;ssl=1\" data-orig-size=\"814,655\" data-comments-opened=\"1\" data-image-meta=\"{&quot;aperture&quot;:&quot;6.3&quot;,&quot;credit&quot;:&quot;&quot;,&quot;camera&quot;:&quot;NIKON D70&quot;,&quot;caption&quot;:&quot;&quot;,&quot;created_timestamp&quot;:&quot;1142725685&quot;,&quot;copyright&quot;:&quot;&quot;,&quot;focal_length&quot;:&quot;120&quot;,&quot;iso&quot;:&quot;0&quot;,&quot;shutter_speed&quot;:&quot;0.008&quot;,&quot;title&quot;:&quot;&quot;}\" data-image-title=\"mgb_jc_2\" data-image-description=\"\" data-image-caption=\"\" data-medium-file=\"https:\/\/i0.wp.com\/estrategica.com.co\/blog\/wp-content\/uploads\/2009\/01\/mgb_jc_2.jpg?fit=300%2C241&amp;ssl=1\" data-large-file=\"https:\/\/i0.wp.com\/estrategica.com.co\/blog\/wp-content\/uploads\/2009\/01\/mgb_jc_2.jpg?fit=814%2C655&amp;ssl=1\" class=\"alignnone size-full wp-image-384\" title=\"mgb_jc_2\" src=\"https:\/\/i0.wp.com\/estrategica.com.co\/blog\/wp-content\/uploads\/2009\/01\/mgb_jc_2.jpg?resize=586%2C472\" alt=\"mgb_jc_2\" width=\"586\" height=\"472\" srcset=\"https:\/\/i0.wp.com\/estrategica.com.co\/blog\/wp-content\/uploads\/2009\/01\/mgb_jc_2.jpg?w=814&amp;ssl=1 814w, https:\/\/i0.wp.com\/estrategica.com.co\/blog\/wp-content\/uploads\/2009\/01\/mgb_jc_2.jpg?resize=300%2C241&amp;ssl=1 300w\" sizes=\"(max-width: 586px) 100vw, 586px\" data-recalc-dims=\"1\" \/><\/p>\n<p>Candidata del Partido Comunista Frances. Sus planteamientos han estado dirigidos a proteger las condiciones laborales de los trabajadores. Sus planteamientos pol\u00edticos se encuadran dentro del espectro anti-liberal en donde tuvo que competir con Olivier Besancenot, Jos\u00e9 Bov\u00e9 y Arlette Laguiller. El resultado electoral que obtuvo fueron 707.628 votos, es decir, el 1.93% de la votaci\u00f3n, el resultado m\u00e1s bajo en la historia para un candidato comunista a la Presidencia de Francia. Este afiche con el que se convoca a un mitin logra una imagen atractiva de la candidata en medio de una manifestaci\u00f3n. Los colores son atractivos y llamativos, tal vez hubieran podido ser m\u00e1s sint\u00e9ticos en el texto.<\/p>\n","protected":false},"excerpt":{"rendered":"<p>Candidata del Partido Comunista Frances. Sus planteamientos han estado dirigidos a proteger las condiciones laborales de los trabajadores. Sus planteamientos pol\u00edticos se encuadran dentro del espectro anti-liberal en donde tuvo que competir con Olivier Besancenot, Jos\u00e9 Bov\u00e9 y Arlette Laguiller. El resultado electoral que obtuvo fueron 707.628 votos, es decir, el 1.93% de la votaci\u00f3n, [&hellip;]<\/p>\n","protected":false},"author":2,"featured_media":59194,"comment_status":"open","ping_status":"open","sticky":false,"template":"","format":"standard","meta":{"_et_pb_use_builder":"","_et_pb_old_content":"","_et_gb_content_width":"","advanced_seo_description":"","jetpack_seo_html_title":"","jetpack_seo_noindex":false,"footnotes":""},"categories":[269,5,263,57,46,50,10,11],"tags":[52,101,102],"class_list":["post-385","post","type-post","status-publish","format-standard","has-post-thumbnail","hentry","category-269","category-afiches","category-ano","category-campana-presidencial","category-fotograficos","category-francia","category-geo","category-temas","tag-elecciones-2007","tag-marie-george-buffet","tag-partido-comunista-frances"],"jetpack_featured_media_url":"https:\/\/i0.wp.com\/estrategica.com.co\/blog\/wp-content\/uploads\/2009\/01\/Mitin-Comunista1.jpg?fit=814%2C655&ssl=1","jetpack_shortlink":"https:\/\/wp.me\/p4wgsh-6d","jetpack-related-posts":[{"id":388,"url":"https:\/\/estrategica.com.co\/blog\/vivir-mejor-es-un-derecho\/","url_meta":{"origin":385,"position":0},"title":"VIVIR MEJOR, ES UN DERECHO","author":"camilorojas","date":"enero 4, 2009","format":false,"excerpt":"Candidata del Partido Comunista Frances. Sus planteamientos han estado dirigidos a proteger las condiciones laborales de los trabajadores. Sus planteamientos pol\u00edticos se encuadran dentro del espectro anti-liberal en donde tuvo que competir con Olivier Besancenot, Jos\u00e9 Bov\u00e9 y Arlette Laguiller. El resultado electoral que obtuvo fueron 707.628 votos, es decir,\u2026","rel":"","context":"En \u00ab2007\u00bb","block_context":{"text":"2007","link":"https:\/\/estrategica.com.co\/blog\/category\/ano\/2007\/"},"img":{"alt_text":"","src":"https:\/\/i0.wp.com\/estrategica.com.co\/blog\/wp-content\/uploads\/2009\/01\/VIVIR-MEJOR-ES-UN-DERECHO2.jpg?fit=758%2C432&ssl=1&resize=350%2C200","width":350,"height":200},"classes":[]},{"id":374,"url":"https:\/\/estrategica.com.co\/blog\/una-izquierda-valiente-para-cambiar-la-vida\/","url_meta":{"origin":385,"position":1},"title":"Una izquierda valiente, para cambiar la vida!","author":"camilorojas","date":"enero 4, 2009","format":false,"excerpt":"Candidata del Partido Comunista Frances. Sus planteamientos han estado dirigidos a proteger las condiciones laborales de los trabajadores. Sus planteamientos pol\u00edticos se encuadran dentro del espectro anti-liberal en donde tuvo que competir con Olivier Besancenot, Jos\u00e9 Bov\u00e9 y Arlette Laguiller. El resultado electoral que obtuvo fueron 707.628 votos, es decir,\u2026","rel":"","context":"En \u00ab2007\u00bb","block_context":{"text":"2007","link":"https:\/\/estrategica.com.co\/blog\/category\/ano\/2007\/"},"img":{"alt_text":"","src":"https:\/\/i0.wp.com\/estrategica.com.co\/blog\/wp-content\/uploads\/2009\/01\/Una-izquierda-valiente-para-cambiar-la-vida.jpg?fit=326%2C456&ssl=1&resize=350%2C200","width":350,"height":200},"classes":[]},{"id":411,"url":"https:\/\/estrategica.com.co\/blog\/frances-tome-el-poder\/","url_meta":{"origin":385,"position":2},"title":"Franc\u00e9s, tome el poder!","author":"camilorojas","date":"enero 4, 2009","format":false,"excerpt":"Candidato a la presidencia de Francia a nombre de su propio partido, pero retir\u00f3 su candidatura al no conseguir las firmas necesarias para viabilizar su aspiraci\u00f3n. Se encuentra en la derecha del espectro pol\u00edtico. Su afiche es fresco y llamativo. La foto es agradable y el slogan es una buena\u2026","rel":"","context":"En \u00ab2007\u00bb","block_context":{"text":"2007","link":"https:\/\/estrategica.com.co\/blog\/category\/ano\/2007\/"},"img":{"alt_text":"","src":"https:\/\/i0.wp.com\/estrategica.com.co\/blog\/wp-content\/uploads\/2009\/01\/Franc\u00e9s-tome-el-poder.jpg?fit=479%2C482&ssl=1&resize=350%2C200","width":350,"height":200},"classes":[]},{"id":122,"url":"https:\/\/estrategica.com.co\/blog\/pour-que-ca-change-fort\/","url_meta":{"origin":385,"position":3},"title":"Para Que el Cambio sea Fuerte","author":"camilorojas","date":"diciembre 30, 2008","format":false,"excerpt":"S\u00e9gol\u00e8ne Royal pertenece a una generaci\u00f3n que no vivi\u00f3 la Segunda Guerra Mundial ni el pre\u00e1mbulo de la integraci\u00f3n europea. En el espectro pol\u00edtico de izquierda encarna el socialismo moderado. El esfuerzo electoral estuvo dirigido a persuadir el centro. La candidata era un fascinante desaf\u00edo para los estrategas y publicistas\u2026","rel":"","context":"En \u00ab2007\u00bb","block_context":{"text":"2007","link":"https:\/\/estrategica.com.co\/blog\/category\/ano\/2007\/"},"img":{"alt_text":"","src":"https:\/\/i0.wp.com\/estrategica.com.co\/blog\/wp-content\/uploads\/2008\/12\/Para-Que-el-Cambio-sea-Fuerte.jpg?fit=452%2C600&ssl=1&resize=350%2C200","width":350,"height":200},"classes":[]},{"id":396,"url":"https:\/\/estrategica.com.co\/blog\/candidata-de-lucha-obrera\/","url_meta":{"origin":385,"position":4},"title":"Candidata de Lucha Obrera","author":"camilorojas","date":"enero 4, 2009","format":false,"excerpt":"Candidata del Partido Lucha Obrera. Se ha desempe\u00f1ado como l\u00edder sindical y ha sido candidata a la presidencia en 6 oportundades. Su mejor momento fue en las elecciones de 2002 en donde obtuvo el quinto lugar y recibi\u00f3 el 5,72% de los votos. En las elecciones de 2007 obtuvo el\u2026","rel":"","context":"En \u00ab2007\u00bb","block_context":{"text":"2007","link":"https:\/\/estrategica.com.co\/blog\/category\/ano\/2007\/"},"img":{"alt_text":"","src":"https:\/\/i0.wp.com\/estrategica.com.co\/blog\/wp-content\/uploads\/2009\/01\/Candidata-de-Lucha-Obrera.jpg?fit=322%2C456&ssl=1&resize=350%2C200","width":350,"height":200},"classes":[]},{"id":233,"url":"https:\/\/estrategica.com.co\/blog\/con-le-pen-todos-juntos-tomaremos-nuestra-francia\/","url_meta":{"origin":385,"position":5},"title":"CON LE PEN, todos juntos, tomaremos nuestra Francia!","author":"camilorojas","date":"enero 3, 2009","format":false,"excerpt":"Jean-Marie Le Pen es el representante de la extrema derecha pol\u00edtica a trav\u00e9s del partido Frente Nacional a nombre del cual ha sido candidato a la presidencia de Francia. En la campa\u00f1a de 2007 Le Pen tiene casi 79 a\u00f1os convirti\u00e9ndose en el aspirante m\u00e1s viejo en la historia de\u2026","rel":"","context":"En \u00ab2007\u00bb","block_context":{"text":"2007","link":"https:\/\/estrategica.com.co\/blog\/category\/ano\/2007\/"},"img":{"alt_text":"","src":"https:\/\/i0.wp.com\/estrategica.com.co\/blog\/wp-content\/uploads\/2009\/01\/CON-LE-PEN-todos-juntos-tomaremos-nuestra-Francia.jpg?fit=800%2C600&ssl=1&resize=350%2C200","width":350,"height":200},"classes":[]}],"jetpack_sharing_enabled":true,"_links":{"self":[{"href":"https:\/\/estrategica.com.co\/blog\/wp-json\/wp\/v2\/posts\/385","targetHints":{"allow":["GET"]}}],"collection":[{"href":"https:\/\/estrategica.com.co\/blog\/wp-json\/wp\/v2\/posts"}],"about":[{"href":"https:\/\/estrategica.com.co\/blog\/wp-json\/wp\/v2\/types\/post"}],"author":[{"embeddable":true,"href":"https:\/\/estrategica.com.co\/blog\/wp-json\/wp\/v2\/users\/2"}],"replies":[{"embeddable":true,"href":"https:\/\/estrategica.com.co\/blog\/wp-json\/wp\/v2\/comments?post=385"}],"version-history":[{"count":3,"href":"https:\/\/estrategica.com.co\/blog\/wp-json\/wp\/v2\/posts\/385\/revisions"}],"predecessor-version":[{"id":8534,"href":"https:\/\/estrategica.com.co\/blog\/wp-json\/wp\/v2\/posts\/385\/revisions\/8534"}],"wp:featuredmedia":[{"embeddable":true,"href":"https:\/\/estrategica.com.co\/blog\/wp-json\/wp\/v2\/media\/59194"}],"wp:attachment":[{"href":"https:\/\/estrategica.com.co\/blog\/wp-json\/wp\/v2\/media?parent=385"}],"wp:term":[{"taxonomy":"category","embeddable":true,"href":"https:\/\/estrategica.com.co\/blog\/wp-json\/wp\/v2\/categories?post=385"},{"taxonomy":"post_tag","embeddable":true,"href":"https:\/\/estrategica.com.co\/blog\/wp-json\/wp\/v2\/tags?post=385"}],"curies":[{"name":"wp","href":"https:\/\/api.w.org\/{rel}","templated":true}]}}