{"id":388,"date":"2009-01-04T19:23:22","date_gmt":"2009-01-04T19:23:22","guid":{"rendered":"http:\/\/estrategica.com.co\/blog\/?p=388"},"modified":"2009-03-27T11:56:46","modified_gmt":"2009-03-27T11:56:46","slug":"vivir-mejor-es-un-derecho","status":"publish","type":"post","link":"https:\/\/estrategica.com.co\/blog\/vivir-mejor-es-un-derecho\/","title":{"rendered":"VIVIR MEJOR, ES UN DERECHO"},"content":{"rendered":"<p><img loading=\"lazy\" decoding=\"async\" data-attachment-id=\"387\" data-permalink=\"https:\/\/estrategica.com.co\/blog\/vivir-mejor-es-un-derecho\/cheminots_mgb\/\" data-orig-file=\"https:\/\/i0.wp.com\/estrategica.com.co\/blog\/wp-content\/uploads\/2009\/01\/cheminots_mgb.jpg?fit=758%2C432&amp;ssl=1\" data-orig-size=\"758,432\" data-comments-opened=\"1\" data-image-meta=\"{&quot;aperture&quot;:&quot;0&quot;,&quot;credit&quot;:&quot;&quot;,&quot;camera&quot;:&quot;&quot;,&quot;caption&quot;:&quot;&quot;,&quot;created_timestamp&quot;:&quot;0&quot;,&quot;copyright&quot;:&quot;&quot;,&quot;focal_length&quot;:&quot;0&quot;,&quot;iso&quot;:&quot;0&quot;,&quot;shutter_speed&quot;:&quot;0&quot;,&quot;title&quot;:&quot;&quot;}\" data-image-title=\"cheminots_mgb\" data-image-description=\"\" data-image-caption=\"\" data-medium-file=\"https:\/\/i0.wp.com\/estrategica.com.co\/blog\/wp-content\/uploads\/2009\/01\/cheminots_mgb.jpg?fit=300%2C170&amp;ssl=1\" data-large-file=\"https:\/\/i0.wp.com\/estrategica.com.co\/blog\/wp-content\/uploads\/2009\/01\/cheminots_mgb.jpg?fit=758%2C432&amp;ssl=1\" class=\"alignnone size-full wp-image-387\" title=\"cheminots_mgb\" src=\"https:\/\/i0.wp.com\/estrategica.com.co\/blog\/wp-content\/uploads\/2009\/01\/cheminots_mgb.jpg?resize=606%2C346\" alt=\"cheminots_mgb\" width=\"606\" height=\"346\" srcset=\"https:\/\/i0.wp.com\/estrategica.com.co\/blog\/wp-content\/uploads\/2009\/01\/cheminots_mgb.jpg?w=758&amp;ssl=1 758w, https:\/\/i0.wp.com\/estrategica.com.co\/blog\/wp-content\/uploads\/2009\/01\/cheminots_mgb.jpg?resize=300%2C170&amp;ssl=1 300w\" sizes=\"(max-width: 606px) 100vw, 606px\" data-recalc-dims=\"1\" \/><\/p>\n<p style=\"text-align: justify;\">Candidata del Partido Comunista Frances. Sus planteamientos han estado dirigidos a proteger las condiciones laborales de los trabajadores. Sus planteamientos pol\u00edticos se encuadran dentro del espectro anti-liberal en donde tuvo que competir con Olivier Besancenot, Jos\u00e9 Bov\u00e9 y Arlette Laguiller. El resultado electoral que obtuvo fueron 707.628 votos, es decir, el 1.93% de la votaci\u00f3n, el resultado m\u00e1s bajo en la historia para un candidato comunista a la Presidencia de Francia. Una imagen y un mensaje que llama la atenci\u00f3n y esta dirigido al ciudadano com\u00fan y corriente m\u00e1s all\u00e1 si es comunista o no. \u201cVivir mejor, es un derecho\u201d es un slogan con el que se puede persuadir electores de otros espectros pol\u00edticos. La foto esta bien logrado y el contraste con el rojo son llamativos. Es curioso que no aparezca el s\u00edmbolo del Partido Comunista.<\/p>\n","protected":false},"excerpt":{"rendered":"<p>Candidata del Partido Comunista Frances. Sus planteamientos han estado dirigidos a proteger las condiciones laborales de los trabajadores. Sus planteamientos pol\u00edticos se encuadran dentro del espectro anti-liberal en donde tuvo que competir con Olivier Besancenot, Jos\u00e9 Bov\u00e9 y Arlette Laguiller. El resultado electoral que obtuvo fueron 707.628 votos, es decir, el 1.93% de la votaci\u00f3n, [&hellip;]<\/p>\n","protected":false},"author":2,"featured_media":59197,"comment_status":"open","ping_status":"open","sticky":false,"template":"","format":"standard","meta":{"_et_pb_use_builder":"","_et_pb_old_content":"","_et_gb_content_width":"","advanced_seo_description":"","jetpack_seo_html_title":"","jetpack_seo_noindex":false,"footnotes":""},"categories":[269,5,263,57,46,50,10,11],"tags":[52,101,102],"class_list":["post-388","post","type-post","status-publish","format-standard","has-post-thumbnail","hentry","category-269","category-afiches","category-ano","category-campana-presidencial","category-fotograficos","category-francia","category-geo","category-temas","tag-elecciones-2007","tag-marie-george-buffet","tag-partido-comunista-frances"],"jetpack_featured_media_url":"https:\/\/i0.wp.com\/estrategica.com.co\/blog\/wp-content\/uploads\/2009\/01\/VIVIR-MEJOR-ES-UN-DERECHO2.jpg?fit=758%2C432&ssl=1","jetpack_shortlink":"https:\/\/wp.me\/p4wgsh-6g","jetpack-related-posts":[{"id":385,"url":"https:\/\/estrategica.com.co\/blog\/mitin-comunista\/","url_meta":{"origin":388,"position":0},"title":"Mitin Comunista","author":"camilorojas","date":"enero 4, 2009","format":false,"excerpt":"Candidata del Partido Comunista Frances. Sus planteamientos han estado dirigidos a proteger las condiciones laborales de los trabajadores. Sus planteamientos pol\u00edticos se encuadran dentro del espectro anti-liberal en donde tuvo que competir con Olivier Besancenot, Jos\u00e9 Bov\u00e9 y Arlette Laguiller. El resultado electoral que obtuvo fueron 707.628 votos, es decir,\u2026","rel":"","context":"En \u00ab2007\u00bb","block_context":{"text":"2007","link":"https:\/\/estrategica.com.co\/blog\/category\/ano\/2007\/"},"img":{"alt_text":"","src":"https:\/\/i0.wp.com\/estrategica.com.co\/blog\/wp-content\/uploads\/2009\/01\/Mitin-Comunista1.jpg?fit=814%2C655&ssl=1&resize=350%2C200","width":350,"height":200},"classes":[]},{"id":374,"url":"https:\/\/estrategica.com.co\/blog\/una-izquierda-valiente-para-cambiar-la-vida\/","url_meta":{"origin":388,"position":1},"title":"Una izquierda valiente, para cambiar la vida!","author":"camilorojas","date":"enero 4, 2009","format":false,"excerpt":"Candidata del Partido Comunista Frances. Sus planteamientos han estado dirigidos a proteger las condiciones laborales de los trabajadores. Sus planteamientos pol\u00edticos se encuadran dentro del espectro anti-liberal en donde tuvo que competir con Olivier Besancenot, Jos\u00e9 Bov\u00e9 y Arlette Laguiller. El resultado electoral que obtuvo fueron 707.628 votos, es decir,\u2026","rel":"","context":"En \u00ab2007\u00bb","block_context":{"text":"2007","link":"https:\/\/estrategica.com.co\/blog\/category\/ano\/2007\/"},"img":{"alt_text":"","src":"https:\/\/i0.wp.com\/estrategica.com.co\/blog\/wp-content\/uploads\/2009\/01\/Una-izquierda-valiente-para-cambiar-la-vida.jpg?fit=326%2C456&ssl=1&resize=350%2C200","width":350,"height":200},"classes":[]},{"id":411,"url":"https:\/\/estrategica.com.co\/blog\/frances-tome-el-poder\/","url_meta":{"origin":388,"position":2},"title":"Franc\u00e9s, tome el poder!","author":"camilorojas","date":"enero 4, 2009","format":false,"excerpt":"Candidato a la presidencia de Francia a nombre de su propio partido, pero retir\u00f3 su candidatura al no conseguir las firmas necesarias para viabilizar su aspiraci\u00f3n. Se encuentra en la derecha del espectro pol\u00edtico. Su afiche es fresco y llamativo. La foto es agradable y el slogan es una buena\u2026","rel":"","context":"En \u00ab2007\u00bb","block_context":{"text":"2007","link":"https:\/\/estrategica.com.co\/blog\/category\/ano\/2007\/"},"img":{"alt_text":"","src":"https:\/\/i0.wp.com\/estrategica.com.co\/blog\/wp-content\/uploads\/2009\/01\/Franc\u00e9s-tome-el-poder.jpg?fit=479%2C482&ssl=1&resize=350%2C200","width":350,"height":200},"classes":[]},{"id":153,"url":"https:\/\/estrategica.com.co\/blog\/la-presidente-de-francia\/","url_meta":{"origin":388,"position":3},"title":"La Presidente de Francia","author":"camilorojas","date":"diciembre 31, 2008","format":false,"excerpt":"S\u00e9gol\u00e8ne Royal pertenece a una generaci\u00f3n que no vivi\u00f3 la Segunda Guerra Mundial ni el pre\u00e1mbulo de la integraci\u00f3n europea. En el espectro pol\u00edtico de izquierda encarna el socialismo moderado. El esfuerzo electoral estuvo dirigido a persuadir el centro. La candidata era un fascinante desaf\u00edo para los estrategas y publicistas\u2026","rel":"","context":"En \u00ab2007\u00bb","block_context":{"text":"2007","link":"https:\/\/estrategica.com.co\/blog\/category\/ano\/2007\/"},"img":{"alt_text":"","src":"https:\/\/i0.wp.com\/estrategica.com.co\/blog\/wp-content\/uploads\/2008\/12\/La-Presidente-de-Francia.jpg?fit=278%2C374&ssl=1&resize=350%2C200","width":350,"height":200},"classes":[]},{"id":81,"url":"https:\/\/estrategica.com.co\/blog\/mas-justa-francia-sera-mas-fuerte\/","url_meta":{"origin":388,"position":4},"title":"M\u00e1s Justa, Francia ser\u00e1 M\u00e1s Fuerte","author":"camilorojas","date":"diciembre 30, 2008","format":false,"excerpt":"S\u00e9gol\u00e8ne Royal pertenece a una generaci\u00f3n que no vivi\u00f3 la Segunda Guerra Mundial ni el pre\u00e1mbulo de la integraci\u00f3n europea. En el espectro pol\u00edtico de izquierda encarna el socialismo moderado. El esfuerzo electoral estuvo dirigido a persuadir el centro. La candidata era un fascinante desaf\u00edo para los estrategas y publicistas\u2026","rel":"","context":"En \u00ab2007\u00bb","block_context":{"text":"2007","link":"https:\/\/estrategica.com.co\/blog\/category\/ano\/2007\/"},"img":{"alt_text":"","src":"https:\/\/i0.wp.com\/estrategica.com.co\/blog\/wp-content\/uploads\/2008\/12\/M\u00e1s-Justa-Francia-ser\u00e1-M\u00e1s-Fuerte-...gif?fit=800%2C390&ssl=1&resize=350%2C200","width":350,"height":200},"classes":[]},{"id":100,"url":"https:\/\/estrategica.com.co\/blog\/mas-justa-francia-sera-mas-fuerte-2\/","url_meta":{"origin":388,"position":5},"title":"M\u00e1s Justa, Francia ser\u00e1 M\u00e1s Fuerte","author":"camilorojas","date":"diciembre 30, 2008","format":false,"excerpt":"S\u00e9gol\u00e8ne Royal pertenece a una generaci\u00f3n que no vivi\u00f3 la Segunda Guerra Mundial ni el pre\u00e1mbulo de la integraci\u00f3n europea. En el espectro pol\u00edtico de izquierda encarna el socialismo moderado. El esfuerzo electoral estuvo dirigido a persuadir el centro. La candidata era un fascinante desaf\u00edo para los estrategas y publicistas\u2026","rel":"","context":"En \u00ab2007\u00bb","block_context":{"text":"2007","link":"https:\/\/estrategica.com.co\/blog\/category\/ano\/2007\/"},"img":{"alt_text":"","src":"https:\/\/i0.wp.com\/estrategica.com.co\/blog\/wp-content\/uploads\/2008\/12\/M\u00e1s-Justa-Francia-ser\u00e1-M\u00e1s-Fuerte.gif?fit=800%2C394&ssl=1&resize=350%2C200","width":350,"height":200},"classes":[]}],"jetpack_sharing_enabled":true,"_links":{"self":[{"href":"https:\/\/estrategica.com.co\/blog\/wp-json\/wp\/v2\/posts\/388","targetHints":{"allow":["GET"]}}],"collection":[{"href":"https:\/\/estrategica.com.co\/blog\/wp-json\/wp\/v2\/posts"}],"about":[{"href":"https:\/\/estrategica.com.co\/blog\/wp-json\/wp\/v2\/types\/post"}],"author":[{"embeddable":true,"href":"https:\/\/estrategica.com.co\/blog\/wp-json\/wp\/v2\/users\/2"}],"replies":[{"embeddable":true,"href":"https:\/\/estrategica.com.co\/blog\/wp-json\/wp\/v2\/comments?post=388"}],"version-history":[{"count":5,"href":"https:\/\/estrategica.com.co\/blog\/wp-json\/wp\/v2\/posts\/388\/revisions"}],"predecessor-version":[{"id":8535,"href":"https:\/\/estrategica.com.co\/blog\/wp-json\/wp\/v2\/posts\/388\/revisions\/8535"}],"wp:featuredmedia":[{"embeddable":true,"href":"https:\/\/estrategica.com.co\/blog\/wp-json\/wp\/v2\/media\/59197"}],"wp:attachment":[{"href":"https:\/\/estrategica.com.co\/blog\/wp-json\/wp\/v2\/media?parent=388"}],"wp:term":[{"taxonomy":"category","embeddable":true,"href":"https:\/\/estrategica.com.co\/blog\/wp-json\/wp\/v2\/categories?post=388"},{"taxonomy":"post_tag","embeddable":true,"href":"https:\/\/estrategica.com.co\/blog\/wp-json\/wp\/v2\/tags?post=388"}],"curies":[{"name":"wp","href":"https:\/\/api.w.org\/{rel}","templated":true}]}}