{"id":393,"date":"2009-01-04T19:44:56","date_gmt":"2009-01-04T19:44:56","guid":{"rendered":"http:\/\/estrategica.com.co\/blog\/?p=393"},"modified":"2009-03-27T11:56:56","modified_gmt":"2009-03-27T11:56:56","slug":"quien-puede-hablar-mas-honestamente-de-los-trabajadores","status":"publish","type":"post","link":"https:\/\/estrategica.com.co\/blog\/quien-puede-hablar-mas-honestamente-de-los-trabajadores\/","title":{"rendered":"Qui\u00e9n puede hablar m\u00e1s honestamente de los trabajadores"},"content":{"rendered":"<p><img loading=\"lazy\" decoding=\"async\" data-attachment-id=\"392\" data-permalink=\"https:\/\/estrategica.com.co\/blog\/quien-puede-hablar-mas-honestamente-de-los-trabajadores\/laguille\/\" data-orig-file=\"https:\/\/i0.wp.com\/estrategica.com.co\/blog\/wp-content\/uploads\/2009\/01\/laguille.jpg?fit=520%2C404&amp;ssl=1\" data-orig-size=\"520,404\" data-comments-opened=\"1\" data-image-meta=\"{&quot;aperture&quot;:&quot;0&quot;,&quot;credit&quot;:&quot;&quot;,&quot;camera&quot;:&quot;&quot;,&quot;caption&quot;:&quot;&quot;,&quot;created_timestamp&quot;:&quot;0&quot;,&quot;copyright&quot;:&quot;&quot;,&quot;focal_length&quot;:&quot;0&quot;,&quot;iso&quot;:&quot;0&quot;,&quot;shutter_speed&quot;:&quot;0&quot;,&quot;title&quot;:&quot;&quot;}\" data-image-title=\"laguille\" data-image-description=\"\" data-image-caption=\"\" data-medium-file=\"https:\/\/i0.wp.com\/estrategica.com.co\/blog\/wp-content\/uploads\/2009\/01\/laguille.jpg?fit=300%2C233&amp;ssl=1\" data-large-file=\"https:\/\/i0.wp.com\/estrategica.com.co\/blog\/wp-content\/uploads\/2009\/01\/laguille.jpg?fit=520%2C404&amp;ssl=1\" class=\"alignnone size-full wp-image-392\" title=\"laguille\" src=\"https:\/\/i0.wp.com\/estrategica.com.co\/blog\/wp-content\/uploads\/2009\/01\/laguille.jpg?resize=520%2C404\" alt=\"laguille\" width=\"520\" height=\"404\" srcset=\"https:\/\/i0.wp.com\/estrategica.com.co\/blog\/wp-content\/uploads\/2009\/01\/laguille.jpg?w=520&amp;ssl=1 520w, https:\/\/i0.wp.com\/estrategica.com.co\/blog\/wp-content\/uploads\/2009\/01\/laguille.jpg?resize=300%2C233&amp;ssl=1 300w\" sizes=\"(max-width: 520px) 100vw, 520px\" data-recalc-dims=\"1\" \/><\/p>\n<p style=\"text-align: justify;\">Candidata del Partido Lucha Obrera. Se ha desempe\u00f1ado como l\u00edder sindical y ha sido candidata a la presidencia en 6 oportundades. Su mejor momento fue en las elecciones de 2002 en donde obtuvo el quinto lugar y recibi\u00f3 el 5,72% de los votos. En las elecciones de 2007 obtuvo el 9 lugar con 487,857 votos que representaron el 1,33% de los votos. En la segunda vuelta, por primera vez pues siempre se manten\u00eda neutral, apoyo a S\u00e9gol\u00e8ne Royal del Partido Socialista. Su slogan: \u201cQui\u00e9n puede hablar m\u00e1s honestamente de los trabajadores\u201d sueno no solo pretencioso sino que genera adversidad en quien lo lee. No es un afiche bien logrado ni en la foto ni en el mensaje.<\/p>\n","protected":false},"excerpt":{"rendered":"<p>Candidata del Partido Lucha Obrera. Se ha desempe\u00f1ado como l\u00edder sindical y ha sido candidata a la presidencia en 6 oportundades. Su mejor momento fue en las elecciones de 2002 en donde obtuvo el quinto lugar y recibi\u00f3 el 5,72% de los votos. En las elecciones de 2007 obtuvo el 9 lugar con 487,857 votos [&hellip;]<\/p>\n","protected":false},"author":2,"featured_media":59192,"comment_status":"open","ping_status":"open","sticky":false,"template":"","format":"standard","meta":{"_et_pb_use_builder":"","_et_pb_old_content":"","_et_gb_content_width":"","advanced_seo_description":"","jetpack_seo_html_title":"","jetpack_seo_noindex":false,"footnotes":""},"categories":[269,5,263,57,46,50,10,11],"tags":[88,52,107],"class_list":["post-393","post","type-post","status-publish","format-standard","has-post-thumbnail","hentry","category-269","category-afiches","category-ano","category-campana-presidencial","category-fotograficos","category-francia","category-geo","category-temas","tag-arlette-laguiller","tag-elecciones-2007","tag-partido-lucha-obrera"],"jetpack_featured_media_url":"https:\/\/i0.wp.com\/estrategica.com.co\/blog\/wp-content\/uploads\/2009\/01\/Qui\u00e9n-puede-hablar-m\u00e1s-honestamente-de-los-trabajadores.jpg?fit=520%2C404&ssl=1","jetpack_shortlink":"https:\/\/wp.me\/p4wgsh-6l","jetpack-related-posts":[{"id":396,"url":"https:\/\/estrategica.com.co\/blog\/candidata-de-lucha-obrera\/","url_meta":{"origin":393,"position":0},"title":"Candidata de Lucha Obrera","author":"camilorojas","date":"enero 4, 2009","format":false,"excerpt":"Candidata del Partido Lucha Obrera. Se ha desempe\u00f1ado como l\u00edder sindical y ha sido candidata a la presidencia en 6 oportundades. Su mejor momento fue en las elecciones de 2002 en donde obtuvo el quinto lugar y recibi\u00f3 el 5,72% de los votos. En las elecciones de 2007 obtuvo el\u2026","rel":"","context":"En \u00ab2007\u00bb","block_context":{"text":"2007","link":"https:\/\/estrategica.com.co\/blog\/category\/ano\/2007\/"},"img":{"alt_text":"","src":"https:\/\/i0.wp.com\/estrategica.com.co\/blog\/wp-content\/uploads\/2009\/01\/Candidata-de-Lucha-Obrera.jpg?fit=322%2C456&ssl=1&resize=350%2C200","width":350,"height":200},"classes":[]},{"id":399,"url":"https:\/\/estrategica.com.co\/blog\/para-romper-con-la-union-europea\/","url_meta":{"origin":393,"position":1},"title":"PARA ROMPER CON LA UNION EUROPEA","author":"camilorojas","date":"enero 4, 2009","format":false,"excerpt":"Es el candidato del Partido de los Trabajadores. En la campa\u00f1a, auque tenia otros temas, Eligio la vocer\u00eda de izquierda contra el tratado de Maastricht. En las elecciones de 2007 obtuvo 123,540 votos que representaban el 0,34% de la votaci\u00f3n. En la segunda vuelta no apoyo a nadie. Su afiche\u2026","rel":"","context":"En \u00ab2007\u00bb","block_context":{"text":"2007","link":"https:\/\/estrategica.com.co\/blog\/category\/ano\/2007\/"},"img":{"alt_text":"","src":"https:\/\/i0.wp.com\/estrategica.com.co\/blog\/wp-content\/uploads\/2009\/01\/PARA-ROMPER-CON-LA-UNION-EUROPEA.jpg?fit=339%2C456&ssl=1&resize=350%2C200","width":350,"height":200},"classes":[]},{"id":377,"url":"https:\/\/estrategica.com.co\/blog\/elegir-la-revolucion-ecologica\/","url_meta":{"origin":393,"position":2},"title":"Elegir la Revoluci\u00f3n Ecol\u00f3gica","author":"camilorojas","date":"enero 4, 2009","format":false,"excerpt":"Candidata a la presidencia por el partido Verde. El partido es ecologista y paneuropeo, es decir, lucha para que Europa sea una federaci\u00f3n. En la primera vuelta electoral obtuvo 576,666 votos que representaron el 1,57% de la votaci\u00f3n total. El afiche muestra la imagen de la candidata en un primer\u2026","rel":"","context":"En \u00ab2007\u00bb","block_context":{"text":"2007","link":"https:\/\/estrategica.com.co\/blog\/category\/ano\/2007\/"},"img":{"alt_text":"","src":"https:\/\/i0.wp.com\/estrategica.com.co\/blog\/wp-content\/uploads\/2009\/01\/Elegir-la-Revoluci\u00f3n-Ecol\u00f3gica.jpg?fit=349%2C500&ssl=1&resize=350%2C200","width":350,"height":200},"classes":[]},{"id":385,"url":"https:\/\/estrategica.com.co\/blog\/mitin-comunista\/","url_meta":{"origin":393,"position":3},"title":"Mitin Comunista","author":"camilorojas","date":"enero 4, 2009","format":false,"excerpt":"Candidata del Partido Comunista Frances. Sus planteamientos han estado dirigidos a proteger las condiciones laborales de los trabajadores. Sus planteamientos pol\u00edticos se encuadran dentro del espectro anti-liberal en donde tuvo que competir con Olivier Besancenot, Jos\u00e9 Bov\u00e9 y Arlette Laguiller. El resultado electoral que obtuvo fueron 707.628 votos, es decir,\u2026","rel":"","context":"En \u00ab2007\u00bb","block_context":{"text":"2007","link":"https:\/\/estrategica.com.co\/blog\/category\/ano\/2007\/"},"img":{"alt_text":"","src":"https:\/\/i0.wp.com\/estrategica.com.co\/blog\/wp-content\/uploads\/2009\/01\/Mitin-Comunista1.jpg?fit=814%2C655&ssl=1&resize=350%2C200","width":350,"height":200},"classes":[]},{"id":406,"url":"https:\/\/estrategica.com.co\/blog\/la-disminucion-de-nuestro-poder-adquisitivo\/","url_meta":{"origin":393,"position":4},"title":"Nuestras vidas valen m\u00e1s que sus beneficios","author":"camilorojas","date":"enero 4, 2009","format":false,"excerpt":"Candidato a la presidencia por la Liga Comunista Revolucionaria. Su slogan fue \u201cNuestras vidas valen m\u00e1s que sus beneficios\u201d e impuls\u00f3 iniciativas tales como redistribuci\u00f3n del ingreso, aumento del salario m\u00ednimo, prohibici\u00f3n de despidos en empresas entables y aumento de los impuestos al capital de especulaci\u00f3n. Obtuvo 1.498,581 votos que\u2026","rel":"","context":"En \u00ab2007\u00bb","block_context":{"text":"2007","link":"https:\/\/estrategica.com.co\/blog\/category\/ano\/2007\/"},"img":{"alt_text":"","src":"https:\/\/i0.wp.com\/estrategica.com.co\/blog\/wp-content\/uploads\/2009\/01\/Nuestras-vidas-valen-m\u00e1s-que-sus-beneficios.jpg?fit=339%2C482&ssl=1&resize=350%2C200","width":350,"height":200},"classes":[]},{"id":906,"url":"https:\/\/estrategica.com.co\/blog\/vota-psoe\/","url_meta":{"origin":393,"position":5},"title":"VOTA PSOE","author":"estrategica.com","date":"enero 12, 2009","format":false,"excerpt":"Interesante afiche del PSOE para la campa\u00f1a electoral de 1977. La grafica es una ilustraci\u00f3n tradicional de la izquierda en donde se muestra un obrero, un trabajador de los puertos, un ciudadano urbano y una campesina, y en el centro de ellos, Felipe Gonz\u00e1lez, el candidato. Cada protagonista de la\u2026","rel":"","context":"En \u00abAFICHES\u00bb","block_context":{"text":"AFICHES","link":"https:\/\/estrategica.com.co\/blog\/category\/afiches\/"},"img":{"alt_text":"","src":"https:\/\/i0.wp.com\/estrategica.com.co\/blog\/wp-content\/uploads\/2009\/01\/p61500911.jpg?fit=617%2C394&ssl=1&resize=350%2C200","width":350,"height":200},"classes":[]}],"jetpack_sharing_enabled":true,"_links":{"self":[{"href":"https:\/\/estrategica.com.co\/blog\/wp-json\/wp\/v2\/posts\/393","targetHints":{"allow":["GET"]}}],"collection":[{"href":"https:\/\/estrategica.com.co\/blog\/wp-json\/wp\/v2\/posts"}],"about":[{"href":"https:\/\/estrategica.com.co\/blog\/wp-json\/wp\/v2\/types\/post"}],"author":[{"embeddable":true,"href":"https:\/\/estrategica.com.co\/blog\/wp-json\/wp\/v2\/users\/2"}],"replies":[{"embeddable":true,"href":"https:\/\/estrategica.com.co\/blog\/wp-json\/wp\/v2\/comments?post=393"}],"version-history":[{"count":3,"href":"https:\/\/estrategica.com.co\/blog\/wp-json\/wp\/v2\/posts\/393\/revisions"}],"predecessor-version":[{"id":8536,"href":"https:\/\/estrategica.com.co\/blog\/wp-json\/wp\/v2\/posts\/393\/revisions\/8536"}],"wp:featuredmedia":[{"embeddable":true,"href":"https:\/\/estrategica.com.co\/blog\/wp-json\/wp\/v2\/media\/59192"}],"wp:attachment":[{"href":"https:\/\/estrategica.com.co\/blog\/wp-json\/wp\/v2\/media?parent=393"}],"wp:term":[{"taxonomy":"category","embeddable":true,"href":"https:\/\/estrategica.com.co\/blog\/wp-json\/wp\/v2\/categories?post=393"},{"taxonomy":"post_tag","embeddable":true,"href":"https:\/\/estrategica.com.co\/blog\/wp-json\/wp\/v2\/tags?post=393"}],"curies":[{"name":"wp","href":"https:\/\/api.w.org\/{rel}","templated":true}]}}