{"id":396,"date":"2009-01-04T19:49:29","date_gmt":"2009-01-04T19:49:29","guid":{"rendered":"http:\/\/estrategica.com.co\/blog\/?p=396"},"modified":"2009-03-27T11:57:10","modified_gmt":"2009-03-27T11:57:10","slug":"candidata-de-lucha-obrera","status":"publish","type":"post","link":"https:\/\/estrategica.com.co\/blog\/candidata-de-lucha-obrera\/","title":{"rendered":"Candidata de Lucha Obrera"},"content":{"rendered":"<p><img loading=\"lazy\" decoding=\"async\" data-attachment-id=\"395\" data-permalink=\"https:\/\/estrategica.com.co\/blog\/candidata-de-lucha-obrera\/laguille1\/\" data-orig-file=\"https:\/\/i0.wp.com\/estrategica.com.co\/blog\/wp-content\/uploads\/2009\/01\/laguille1.jpg?fit=322%2C456&amp;ssl=1\" data-orig-size=\"322,456\" data-comments-opened=\"1\" data-image-meta=\"{&quot;aperture&quot;:&quot;0&quot;,&quot;credit&quot;:&quot;&quot;,&quot;camera&quot;:&quot;&quot;,&quot;caption&quot;:&quot;&quot;,&quot;created_timestamp&quot;:&quot;0&quot;,&quot;copyright&quot;:&quot;&quot;,&quot;focal_length&quot;:&quot;0&quot;,&quot;iso&quot;:&quot;0&quot;,&quot;shutter_speed&quot;:&quot;0&quot;,&quot;title&quot;:&quot;&quot;}\" data-image-title=\"laguille1\" data-image-description=\"\" data-image-caption=\"\" data-medium-file=\"https:\/\/i0.wp.com\/estrategica.com.co\/blog\/wp-content\/uploads\/2009\/01\/laguille1.jpg?fit=211%2C300&amp;ssl=1\" data-large-file=\"https:\/\/i0.wp.com\/estrategica.com.co\/blog\/wp-content\/uploads\/2009\/01\/laguille1.jpg?fit=322%2C456&amp;ssl=1\" class=\"alignnone size-full wp-image-395\" title=\"laguille1\" src=\"https:\/\/i0.wp.com\/estrategica.com.co\/blog\/wp-content\/uploads\/2009\/01\/laguille1.jpg?resize=322%2C456\" alt=\"laguille1\" width=\"322\" height=\"456\" srcset=\"https:\/\/i0.wp.com\/estrategica.com.co\/blog\/wp-content\/uploads\/2009\/01\/laguille1.jpg?w=322&amp;ssl=1 322w, https:\/\/i0.wp.com\/estrategica.com.co\/blog\/wp-content\/uploads\/2009\/01\/laguille1.jpg?resize=211%2C300&amp;ssl=1 211w\" sizes=\"(max-width: 322px) 100vw, 322px\" data-recalc-dims=\"1\" \/><\/p>\n<p style=\"text-align: justify;\">Candidata del Partido Lucha Obrera. Se ha desempe\u00f1ado como l\u00edder sindical y ha sido candidata a la presidencia en 6 oportundades. Su mejor momento fue en las elecciones de 2002 en donde obtuvo el quinto lugar y recibi\u00f3 el 5,72% de los votos. En las elecciones de 2007 obtuvo el 9 lugar con 487,857 votos que representaron el 1,33% de los votos. En la segunda vuelta, por primera vez pues siempre se manten\u00eda neutral, apoyo a S\u00e9gol\u00e8ne Royal del Partido Socialista. Este es un cartel en donde se difunde el programa de la candidata, es poco atractivo y llama a todo menos a leerlo. La imagen de la candidata mirando hacia otro lado es contraproducente pues hace sentir al que se acerca que no lo est\u00e1n mirando y por lo tanto no lo hacen sentir importante. No es un afiche bien logrado.<\/p>\n","protected":false},"excerpt":{"rendered":"<p>Candidata del Partido Lucha Obrera. Se ha desempe\u00f1ado como l\u00edder sindical y ha sido candidata a la presidencia en 6 oportundades. Su mejor momento fue en las elecciones de 2002 en donde obtuvo el quinto lugar y recibi\u00f3 el 5,72% de los votos. En las elecciones de 2007 obtuvo el 9 lugar con 487,857 votos [&hellip;]<\/p>\n","protected":false},"author":2,"featured_media":59191,"comment_status":"open","ping_status":"open","sticky":false,"template":"","format":"standard","meta":{"_et_pb_use_builder":"","_et_pb_old_content":"","_et_gb_content_width":"","advanced_seo_description":"","jetpack_seo_html_title":"","jetpack_seo_noindex":false,"footnotes":""},"categories":[269,5,263,57,46,50,10,11,47],"tags":[88,52,107],"class_list":["post-396","post","type-post","status-publish","format-standard","has-post-thumbnail","hentry","category-269","category-afiches","category-ano","category-campana-presidencial","category-fotograficos","category-francia","category-geo","category-temas","category-tipograficos","tag-arlette-laguiller","tag-elecciones-2007","tag-partido-lucha-obrera"],"jetpack_featured_media_url":"https:\/\/i0.wp.com\/estrategica.com.co\/blog\/wp-content\/uploads\/2009\/01\/Candidata-de-Lucha-Obrera.jpg?fit=322%2C456&ssl=1","jetpack_shortlink":"https:\/\/wp.me\/p4wgsh-6o","jetpack-related-posts":[{"id":393,"url":"https:\/\/estrategica.com.co\/blog\/quien-puede-hablar-mas-honestamente-de-los-trabajadores\/","url_meta":{"origin":396,"position":0},"title":"Qui\u00e9n puede hablar m\u00e1s honestamente de los trabajadores","author":"camilorojas","date":"enero 4, 2009","format":false,"excerpt":"Candidata del Partido Lucha Obrera. Se ha desempe\u00f1ado como l\u00edder sindical y ha sido candidata a la presidencia en 6 oportundades. Su mejor momento fue en las elecciones de 2002 en donde obtuvo el quinto lugar y recibi\u00f3 el 5,72% de los votos. En las elecciones de 2007 obtuvo el\u2026","rel":"","context":"En \u00ab2007\u00bb","block_context":{"text":"2007","link":"https:\/\/estrategica.com.co\/blog\/category\/ano\/2007\/"},"img":{"alt_text":"","src":"https:\/\/i0.wp.com\/estrategica.com.co\/blog\/wp-content\/uploads\/2009\/01\/Qui\u00e9n-puede-hablar-m\u00e1s-honestamente-de-los-trabajadores.jpg?fit=520%2C404&ssl=1&resize=350%2C200","width":350,"height":200},"classes":[]},{"id":377,"url":"https:\/\/estrategica.com.co\/blog\/elegir-la-revolucion-ecologica\/","url_meta":{"origin":396,"position":1},"title":"Elegir la Revoluci\u00f3n Ecol\u00f3gica","author":"camilorojas","date":"enero 4, 2009","format":false,"excerpt":"Candidata a la presidencia por el partido Verde. El partido es ecologista y paneuropeo, es decir, lucha para que Europa sea una federaci\u00f3n. En la primera vuelta electoral obtuvo 576,666 votos que representaron el 1,57% de la votaci\u00f3n total. El afiche muestra la imagen de la candidata en un primer\u2026","rel":"","context":"En \u00ab2007\u00bb","block_context":{"text":"2007","link":"https:\/\/estrategica.com.co\/blog\/category\/ano\/2007\/"},"img":{"alt_text":"","src":"https:\/\/i0.wp.com\/estrategica.com.co\/blog\/wp-content\/uploads\/2009\/01\/Elegir-la-Revoluci\u00f3n-Ecol\u00f3gica.jpg?fit=349%2C500&ssl=1&resize=350%2C200","width":350,"height":200},"classes":[]},{"id":406,"url":"https:\/\/estrategica.com.co\/blog\/la-disminucion-de-nuestro-poder-adquisitivo\/","url_meta":{"origin":396,"position":2},"title":"Nuestras vidas valen m\u00e1s que sus beneficios","author":"camilorojas","date":"enero 4, 2009","format":false,"excerpt":"Candidato a la presidencia por la Liga Comunista Revolucionaria. Su slogan fue \u201cNuestras vidas valen m\u00e1s que sus beneficios\u201d e impuls\u00f3 iniciativas tales como redistribuci\u00f3n del ingreso, aumento del salario m\u00ednimo, prohibici\u00f3n de despidos en empresas entables y aumento de los impuestos al capital de especulaci\u00f3n. Obtuvo 1.498,581 votos que\u2026","rel":"","context":"En \u00ab2007\u00bb","block_context":{"text":"2007","link":"https:\/\/estrategica.com.co\/blog\/category\/ano\/2007\/"},"img":{"alt_text":"","src":"https:\/\/i0.wp.com\/estrategica.com.co\/blog\/wp-content\/uploads\/2009\/01\/Nuestras-vidas-valen-m\u00e1s-que-sus-beneficios.jpg?fit=339%2C482&ssl=1&resize=350%2C200","width":350,"height":200},"classes":[]},{"id":8156,"url":"https:\/\/estrategica.com.co\/blog\/palabra-de-zoido\/","url_meta":{"origin":396,"position":3},"title":"Palabra de Zoido","author":"Juliana","date":"marzo 29, 2009","format":false,"excerpt":"[hana-flv-player video=\"\/blog\/wp-content\/uploads\/2009\/01\/Spot_de_campana.flv\" width=\"550\" height=\"\" description=\"Palabra de Zoido\" clickurl=\"\" clicktarget=\"\" player=\"4\" autoplay=\"false\" loop=\"false\" autorewind=\"true\" splashimage=\"\" skin=\"\" \/] [icon color=\"Accent-Color\" size=\"regular\" image=\"steadysets-icon-chat\"] Contexto Spot del Partido Popular durante la campa\u00f1a a la alcald\u00eda de Sevilla en las elecciones de 2007. El candidato Juan Ignacio Zoido va formando su imagen con sus propuestas\u2026","rel":"","context":"En \u00abCampa\u00f1a Uninominal\u00bb","block_context":{"text":"Campa\u00f1a Uninominal","link":"https:\/\/estrategica.com.co\/blog\/category\/temas\/campana-uninominal\/"},"img":{"alt_text":"","src":"","width":0,"height":0},"classes":[]},{"id":9135,"url":"https:\/\/estrategica.com.co\/blog\/mejor-penalosa\/","url_meta":{"origin":396,"position":4},"title":"Mejor Pe\u00f1alosa","author":"estrategica.com","date":"marzo 30, 2009","format":false,"excerpt":"Campa\u00f1a de Enrique Pe\u00f1alosa a la Alcald\u00eda de Bogot\u00e1 durante las elecciones de 2007.\u00a0 El concepto fue desarrollado por Angel Beccassino. El candidato ya hab\u00eda sido Alcalde de la ciudad y hab\u00eda generado un concepto de ciudad propio fundamentado en conceptos de igualdad que ten\u00edan consecuencias reales en espacio p\u00fablico,\u2026","rel":"","context":"En \u00abAFICHES\u00bb","block_context":{"text":"AFICHES","link":"https:\/\/estrategica.com.co\/blog\/category\/afiches\/"},"img":{"alt_text":"","src":"https:\/\/i0.wp.com\/estrategica.com.co\/blog\/wp-content\/uploads\/2009\/03\/bicivalla-penalosa.jpg?fit=1000%2C733&ssl=1&resize=350%2C200","width":350,"height":200},"classes":[]},{"id":906,"url":"https:\/\/estrategica.com.co\/blog\/vota-psoe\/","url_meta":{"origin":396,"position":5},"title":"VOTA PSOE","author":"estrategica.com","date":"enero 12, 2009","format":false,"excerpt":"Interesante afiche del PSOE para la campa\u00f1a electoral de 1977. La grafica es una ilustraci\u00f3n tradicional de la izquierda en donde se muestra un obrero, un trabajador de los puertos, un ciudadano urbano y una campesina, y en el centro de ellos, Felipe Gonz\u00e1lez, el candidato. Cada protagonista de la\u2026","rel":"","context":"En \u00abAFICHES\u00bb","block_context":{"text":"AFICHES","link":"https:\/\/estrategica.com.co\/blog\/category\/afiches\/"},"img":{"alt_text":"","src":"https:\/\/i0.wp.com\/estrategica.com.co\/blog\/wp-content\/uploads\/2009\/01\/p61500911.jpg?fit=617%2C394&ssl=1&resize=350%2C200","width":350,"height":200},"classes":[]}],"jetpack_sharing_enabled":true,"_links":{"self":[{"href":"https:\/\/estrategica.com.co\/blog\/wp-json\/wp\/v2\/posts\/396","targetHints":{"allow":["GET"]}}],"collection":[{"href":"https:\/\/estrategica.com.co\/blog\/wp-json\/wp\/v2\/posts"}],"about":[{"href":"https:\/\/estrategica.com.co\/blog\/wp-json\/wp\/v2\/types\/post"}],"author":[{"embeddable":true,"href":"https:\/\/estrategica.com.co\/blog\/wp-json\/wp\/v2\/users\/2"}],"replies":[{"embeddable":true,"href":"https:\/\/estrategica.com.co\/blog\/wp-json\/wp\/v2\/comments?post=396"}],"version-history":[{"count":3,"href":"https:\/\/estrategica.com.co\/blog\/wp-json\/wp\/v2\/posts\/396\/revisions"}],"predecessor-version":[{"id":8537,"href":"https:\/\/estrategica.com.co\/blog\/wp-json\/wp\/v2\/posts\/396\/revisions\/8537"}],"wp:featuredmedia":[{"embeddable":true,"href":"https:\/\/estrategica.com.co\/blog\/wp-json\/wp\/v2\/media\/59191"}],"wp:attachment":[{"href":"https:\/\/estrategica.com.co\/blog\/wp-json\/wp\/v2\/media?parent=396"}],"wp:term":[{"taxonomy":"category","embeddable":true,"href":"https:\/\/estrategica.com.co\/blog\/wp-json\/wp\/v2\/categories?post=396"},{"taxonomy":"post_tag","embeddable":true,"href":"https:\/\/estrategica.com.co\/blog\/wp-json\/wp\/v2\/tags?post=396"}],"curies":[{"name":"wp","href":"https:\/\/api.w.org\/{rel}","templated":true}]}}