{"id":399,"date":"2009-01-04T19:59:51","date_gmt":"2009-01-04T19:59:51","guid":{"rendered":"http:\/\/estrategica.com.co\/blog\/?p=399"},"modified":"2009-03-27T11:57:19","modified_gmt":"2009-03-27T11:57:19","slug":"para-romper-con-la-union-europea","status":"publish","type":"post","link":"https:\/\/estrategica.com.co\/blog\/para-romper-con-la-union-europea\/","title":{"rendered":"PARA ROMPER CON LA UNION EUROPEA"},"content":{"rendered":"<p><img loading=\"lazy\" decoding=\"async\" data-attachment-id=\"398\" data-permalink=\"https:\/\/estrategica.com.co\/blog\/para-romper-con-la-union-europea\/schivard\/\" data-orig-file=\"https:\/\/i0.wp.com\/estrategica.com.co\/blog\/wp-content\/uploads\/2009\/01\/schivard.jpg?fit=339%2C456&amp;ssl=1\" data-orig-size=\"339,456\" data-comments-opened=\"1\" data-image-meta=\"{&quot;aperture&quot;:&quot;0&quot;,&quot;credit&quot;:&quot;&quot;,&quot;camera&quot;:&quot;&quot;,&quot;caption&quot;:&quot;&quot;,&quot;created_timestamp&quot;:&quot;0&quot;,&quot;copyright&quot;:&quot;&quot;,&quot;focal_length&quot;:&quot;0&quot;,&quot;iso&quot;:&quot;0&quot;,&quot;shutter_speed&quot;:&quot;0&quot;,&quot;title&quot;:&quot;&quot;}\" data-image-title=\"schivard\" data-image-description=\"\" data-image-caption=\"\" data-medium-file=\"https:\/\/i0.wp.com\/estrategica.com.co\/blog\/wp-content\/uploads\/2009\/01\/schivard.jpg?fit=223%2C300&amp;ssl=1\" data-large-file=\"https:\/\/i0.wp.com\/estrategica.com.co\/blog\/wp-content\/uploads\/2009\/01\/schivard.jpg?fit=339%2C456&amp;ssl=1\" class=\"alignnone size-full wp-image-398\" title=\"schivard\" src=\"https:\/\/i0.wp.com\/estrategica.com.co\/blog\/wp-content\/uploads\/2009\/01\/schivard.jpg?resize=339%2C456\" alt=\"schivard\" width=\"339\" height=\"456\" srcset=\"https:\/\/i0.wp.com\/estrategica.com.co\/blog\/wp-content\/uploads\/2009\/01\/schivard.jpg?w=339&amp;ssl=1 339w, https:\/\/i0.wp.com\/estrategica.com.co\/blog\/wp-content\/uploads\/2009\/01\/schivard.jpg?resize=223%2C300&amp;ssl=1 223w\" sizes=\"(max-width: 339px) 100vw, 339px\" data-recalc-dims=\"1\" \/><\/p>\n<p style=\"text-align: justify;\">Es el candidato del Partido de los Trabajadores. En la campa\u00f1a, auque tenia otros temas, Eligio la vocer\u00eda de izquierda contra el tratado de Maastricht. En las elecciones de 2007 obtuvo 123,540 votos que representaban el 0,34% de la votaci\u00f3n. En la segunda vuelta no apoyo a nadie. Su afiche es llamativo por los colores, pero en cuanto el mensaje no es claro si la ruptura de la Uni\u00f3n Europea es suficiente bandera para llevar a alguien a la presidencia.<\/p>\n","protected":false},"excerpt":{"rendered":"<p>Es el candidato del Partido de los Trabajadores. En la campa\u00f1a, auque tenia otros temas, Eligio la vocer\u00eda de izquierda contra el tratado de Maastricht. En las elecciones de 2007 obtuvo 123,540 votos que representaban el 0,34% de la votaci\u00f3n. En la segunda vuelta no apoyo a nadie. Su afiche es llamativo por los colores, [&hellip;]<\/p>\n","protected":false},"author":2,"featured_media":59190,"comment_status":"open","ping_status":"open","sticky":false,"template":"","format":"standard","meta":{"_et_pb_use_builder":"","_et_pb_old_content":"","_et_gb_content_width":"","advanced_seo_description":"","jetpack_seo_html_title":"","jetpack_seo_noindex":false,"footnotes":""},"categories":[269,5,263,57,46,50,10,11,47],"tags":[52,108,109],"class_list":["post-399","post","type-post","status-publish","format-standard","has-post-thumbnail","hentry","category-269","category-afiches","category-ano","category-campana-presidencial","category-fotograficos","category-francia","category-geo","category-temas","category-tipograficos","tag-elecciones-2007","tag-gerard-schivardi","tag-partido-de-los-trabajadores"],"jetpack_featured_media_url":"https:\/\/i0.wp.com\/estrategica.com.co\/blog\/wp-content\/uploads\/2009\/01\/PARA-ROMPER-CON-LA-UNION-EUROPEA.jpg?fit=339%2C456&ssl=1","jetpack_shortlink":"https:\/\/wp.me\/p4wgsh-6r","jetpack-related-posts":[{"id":233,"url":"https:\/\/estrategica.com.co\/blog\/con-le-pen-todos-juntos-tomaremos-nuestra-francia\/","url_meta":{"origin":399,"position":0},"title":"CON LE PEN, todos juntos, tomaremos nuestra Francia!","author":"camilorojas","date":"enero 3, 2009","format":false,"excerpt":"Jean-Marie Le Pen es el representante de la extrema derecha pol\u00edtica a trav\u00e9s del partido Frente Nacional a nombre del cual ha sido candidato a la presidencia de Francia. En la campa\u00f1a de 2007 Le Pen tiene casi 79 a\u00f1os convirti\u00e9ndose en el aspirante m\u00e1s viejo en la historia de\u2026","rel":"","context":"En \u00ab2007\u00bb","block_context":{"text":"2007","link":"https:\/\/estrategica.com.co\/blog\/category\/ano\/2007\/"},"img":{"alt_text":"","src":"https:\/\/i0.wp.com\/estrategica.com.co\/blog\/wp-content\/uploads\/2009\/01\/CON-LE-PEN-todos-juntos-tomaremos-nuestra-Francia.jpg?fit=800%2C600&ssl=1&resize=350%2C200","width":350,"height":200},"classes":[]},{"id":246,"url":"https:\/\/estrategica.com.co\/blog\/derechaizquierda-lo-han-roto-todo-4\/","url_meta":{"origin":399,"position":1},"title":"DERECHA\/IZQUIERDA Lo han roto todo!","author":"camilorojas","date":"enero 3, 2009","format":false,"excerpt":"Jean-Marie Le Pen es el representante de la extrema derecha pol\u00edtica a trav\u00e9s del partido Frente Nacional a nombre del cual ha sido candidato a la presidencia de Francia. En la campa\u00f1a de 2007 Le Pen tiene casi 79 a\u00f1os convirti\u00e9ndose en el aspirante m\u00e1s viejo en la historia de\u2026","rel":"","context":"En \u00ab2007\u00bb","block_context":{"text":"2007","link":"https:\/\/estrategica.com.co\/blog\/category\/ano\/2007\/"},"img":{"alt_text":"","src":"https:\/\/i0.wp.com\/estrategica.com.co\/blog\/wp-content\/uploads\/2009\/01\/DERECHAIZQUIERDA-Lo-han-roto-todo4.jpg?fit=800%2C600&ssl=1&resize=350%2C200","width":350,"height":200},"classes":[]},{"id":249,"url":"https:\/\/estrategica.com.co\/blog\/derechaizquierda-lo-han-roto-todo-5\/","url_meta":{"origin":399,"position":2},"title":"DERECHA\/IZQUIERDA Lo han roto todo!","author":"camilorojas","date":"enero 3, 2009","format":false,"excerpt":"Jean-Marie Le Pen es el representante de la extrema derecha pol\u00edtica a trav\u00e9s del partido Frente Nacional a nombre del cual ha sido candidato a la presidencia de Francia. En la campa\u00f1a de 2007 Le Pen tiene casi 79 a\u00f1os convirti\u00e9ndose en el aspirante m\u00e1s viejo en la historia de\u2026","rel":"","context":"En \u00ab2007\u00bb","block_context":{"text":"2007","link":"https:\/\/estrategica.com.co\/blog\/category\/ano\/2007\/"},"img":{"alt_text":"","src":"https:\/\/i0.wp.com\/estrategica.com.co\/blog\/wp-content\/uploads\/2009\/01\/DERECHAIZQUIERDA-Lo-han-roto-todo2.jpg?fit=800%2C600&ssl=1&resize=350%2C200","width":350,"height":200},"classes":[]},{"id":252,"url":"https:\/\/estrategica.com.co\/blog\/derechaizquierda-lo-han-roto-todo-6\/","url_meta":{"origin":399,"position":3},"title":"DERECHA\/IZQUIERDA Lo han roto todo!","author":"camilorojas","date":"enero 3, 2009","format":false,"excerpt":"Jean-Marie Le Pen es el representante de la extrema derecha pol\u00edtica a trav\u00e9s del partido Frente Nacional a nombre del cual ha sido candidato a la presidencia de Francia. En la campa\u00f1a de 2007 Le Pen tiene casi 79 a\u00f1os convirti\u00e9ndose en el aspirante m\u00e1s viejo en la historia de\u2026","rel":"","context":"En \u00ab2007\u00bb","block_context":{"text":"2007","link":"https:\/\/estrategica.com.co\/blog\/category\/ano\/2007\/"},"img":{"alt_text":"","src":"https:\/\/i0.wp.com\/estrategica.com.co\/blog\/wp-content\/uploads\/2009\/01\/DERECHAIZQUIERDA-Lo-han-roto-todo1.jpg?fit=800%2C600&ssl=1&resize=350%2C200","width":350,"height":200},"classes":[]},{"id":270,"url":"https:\/\/estrategica.com.co\/blog\/vote-le-pen\/","url_meta":{"origin":399,"position":4},"title":"VOTE LE PEN","author":"camilorojas","date":"enero 3, 2009","format":false,"excerpt":"Jean-Marie Le Pen es el representante de la extrema derecha pol\u00edtica a trav\u00e9s del partido Frente Nacional a nombre del cual ha sido candidato a la presidencia de Francia. En la campa\u00f1a de 2007 Le Pen tiene casi 79 convirti\u00e9ndose en el aspirante m\u00e1s viejo en la historia de Francia.\u2026","rel":"","context":"En \u00ab2007\u00bb","block_context":{"text":"2007","link":"https:\/\/estrategica.com.co\/blog\/category\/ano\/2007\/"},"img":{"alt_text":"","src":"https:\/\/i0.wp.com\/estrategica.com.co\/blog\/wp-content\/uploads\/2009\/01\/VOTE-LE-PEN.jpg?fit=324%2C456&ssl=1&resize=350%2C200","width":350,"height":200},"classes":[]},{"id":240,"url":"https:\/\/estrategica.com.co\/blog\/derechaizquierda-lo-han-roto-todo-2\/","url_meta":{"origin":399,"position":5},"title":"DERECHA\/IZQUIERDA Lo han roto todo!","author":"camilorojas","date":"enero 3, 2009","format":false,"excerpt":"Jean-Marie Le Pen es el representante de la extrema derecha pol\u00edtica a trav\u00e9s del partido Frente Nacional a nombre del cual ha sido candidato a la presidencia de Francia. En la campa\u00f1a de 2007 Le Pen tiene casi 79 a\u00f1os convirti\u00e9ndose en el aspirante m\u00e1s viejo en la historia de\u2026","rel":"","context":"En \u00ab2007\u00bb","block_context":{"text":"2007","link":"https:\/\/estrategica.com.co\/blog\/category\/ano\/2007\/"},"img":{"alt_text":"","src":"https:\/\/i0.wp.com\/estrategica.com.co\/blog\/wp-content\/uploads\/2009\/01\/DERECHAIZQUIERDA-Lo-han-roto-todo41.jpg?fit=800%2C600&ssl=1&resize=350%2C200","width":350,"height":200},"classes":[]}],"jetpack_sharing_enabled":true,"_links":{"self":[{"href":"https:\/\/estrategica.com.co\/blog\/wp-json\/wp\/v2\/posts\/399","targetHints":{"allow":["GET"]}}],"collection":[{"href":"https:\/\/estrategica.com.co\/blog\/wp-json\/wp\/v2\/posts"}],"about":[{"href":"https:\/\/estrategica.com.co\/blog\/wp-json\/wp\/v2\/types\/post"}],"author":[{"embeddable":true,"href":"https:\/\/estrategica.com.co\/blog\/wp-json\/wp\/v2\/users\/2"}],"replies":[{"embeddable":true,"href":"https:\/\/estrategica.com.co\/blog\/wp-json\/wp\/v2\/comments?post=399"}],"version-history":[{"count":3,"href":"https:\/\/estrategica.com.co\/blog\/wp-json\/wp\/v2\/posts\/399\/revisions"}],"predecessor-version":[{"id":8538,"href":"https:\/\/estrategica.com.co\/blog\/wp-json\/wp\/v2\/posts\/399\/revisions\/8538"}],"wp:featuredmedia":[{"embeddable":true,"href":"https:\/\/estrategica.com.co\/blog\/wp-json\/wp\/v2\/media\/59190"}],"wp:attachment":[{"href":"https:\/\/estrategica.com.co\/blog\/wp-json\/wp\/v2\/media?parent=399"}],"wp:term":[{"taxonomy":"category","embeddable":true,"href":"https:\/\/estrategica.com.co\/blog\/wp-json\/wp\/v2\/categories?post=399"},{"taxonomy":"post_tag","embeddable":true,"href":"https:\/\/estrategica.com.co\/blog\/wp-json\/wp\/v2\/tags?post=399"}],"curies":[{"name":"wp","href":"https:\/\/api.w.org\/{rel}","templated":true}]}}