{"id":40,"date":"2008-12-30T00:14:20","date_gmt":"2008-12-30T00:14:20","guid":{"rendered":"http:\/\/estrategica.com.co\/blog\/?p=40"},"modified":"2009-02-21T13:27:08","modified_gmt":"2009-02-21T13:27:08","slug":"otro-mundo-es-posible-bove","status":"publish","type":"post","link":"https:\/\/estrategica.com.co\/blog\/otro-mundo-es-posible-bove\/","title":{"rendered":"Otro Mundo es Posible &#8211; Bov\u00e9"},"content":{"rendered":"<p><img loading=\"lazy\" decoding=\"async\" data-attachment-id=\"39\" data-permalink=\"https:\/\/estrategica.com.co\/blog\/otro-mundo-es-posible-bove\/affichebove2007_02\/\" data-orig-file=\"https:\/\/i0.wp.com\/estrategica.com.co\/blog\/wp-content\/uploads\/2008\/12\/affichebove2007_02.jpg?fit=421%2C600&amp;ssl=1\" data-orig-size=\"421,600\" data-comments-opened=\"1\" data-image-meta=\"{&quot;aperture&quot;:&quot;0&quot;,&quot;credit&quot;:&quot;&quot;,&quot;camera&quot;:&quot;&quot;,&quot;caption&quot;:&quot;&quot;,&quot;created_timestamp&quot;:&quot;0&quot;,&quot;copyright&quot;:&quot;&quot;,&quot;focal_length&quot;:&quot;0&quot;,&quot;iso&quot;:&quot;0&quot;,&quot;shutter_speed&quot;:&quot;0&quot;,&quot;title&quot;:&quot;&quot;}\" data-image-title=\"affichebove2007_02\" data-image-description=\"\" data-image-caption=\"\" data-medium-file=\"https:\/\/i0.wp.com\/estrategica.com.co\/blog\/wp-content\/uploads\/2008\/12\/affichebove2007_02.jpg?fit=210%2C300&amp;ssl=1\" data-large-file=\"https:\/\/i0.wp.com\/estrategica.com.co\/blog\/wp-content\/uploads\/2008\/12\/affichebove2007_02.jpg?fit=421%2C600&amp;ssl=1\" class=\"alignnone size-full wp-image-39\" title=\"affichebove2007_02\" src=\"https:\/\/i0.wp.com\/estrategica.com.co\/blog\/wp-content\/uploads\/2008\/12\/affichebove2007_02.jpg?resize=421%2C600\" alt=\"affichebove2007_02\" width=\"421\" height=\"600\" srcset=\"https:\/\/i0.wp.com\/estrategica.com.co\/blog\/wp-content\/uploads\/2008\/12\/affichebove2007_02.jpg?w=421&amp;ssl=1 421w, https:\/\/i0.wp.com\/estrategica.com.co\/blog\/wp-content\/uploads\/2008\/12\/affichebove2007_02.jpg?resize=210%2C300&amp;ssl=1 210w\" sizes=\"(max-width: 421px) 100vw, 421px\" data-recalc-dims=\"1\" \/><\/p>\n<p style=\"text-align: justify;\">Jos\u00e9 Bov\u00e9 se lanza a la Presidencia en una entrevista al diario Lib\u00e9ration el 13 de junio de 2006 con la intenci\u00f3n de agrupar a la izquierda antiliberal, es decir, a lo que \u00e9l mismo denomin\u00f3 \u201cla izquierda de la izquierda\u201d. Sin embargo, sus diferencias con el candidato del Partido Comunista de Francia, Marie-George Buffet, impidieron dicho prop\u00f3sito y la izquierda liberal se present\u00f3 dividida en 5 candidatos: Olivier Besancenot, Marie-George Buffet, Arlette Laguiller, G\u00e9rard Schivardi y el mismo Bov\u00e9. Ante la imposibilidad de la uni\u00f3n Bov\u00e9 se inscribe por firmas el 16 de marzo de 2007 y en la primera vuelta electoral, el 22 de abril de 2007, obtiene 483.008 votos que representaron el 1,32% de la participaci\u00f3n total. La publicidad de Bov\u00e9 es fresca y sencilla, buscando, seguramente, con sus colores, sus tipograf\u00edas y sus frases optimistas ablandar los mensajes anticapitalistas y antiliberales que mostraron a Bov\u00e9 como un l\u00edder radical participe del movimiento antiglobalizacion. El afiche que muestra un bigote con una pipa con la frase \u201cPresident 2007\u201d presume el alto nivel de conocimiento de Bov\u00e9, pues los creativos infieren que todo el mundo sabe a qui\u00e9n se refieren y de qu\u00e9 se trata. En los otros prima el mensaje optimista lleno de flores rojas que dejan en claro no solo el compromiso ecol\u00f3gico sino la posibilidad de un mundo id\u00edlico en donde el campo es lo primero, no en vano Bov\u00e9 participa del movimiento sindical agr\u00edcola. Es curiosa la imagen sombreada de aquel afiche en donde Bov\u00e9, el cual se infiere por el bigote silueteado, habla a trav\u00e9s de una flor, que hace las veces de meg\u00e1fono, mientras algunas semillas vuelan con la presumible intenci\u00f3n de sembrar el mensaje que se difunde. En conclusi\u00f3n fue una campa\u00f1a fresca visualmente pero ineficaz electoralmente. Seis motivos distintos de afiches en la misma campa\u00f1a muestran no solo dispersi\u00f3n de recursos sino indisciplina de mensaje visual y desorden. Muchos mensajes no posicionan ninguno.<\/p>\n","protected":false},"excerpt":{"rendered":"<p>Jos\u00e9 Bov\u00e9 se lanza a la Presidencia en una entrevista al diario Lib\u00e9ration el 13 de junio de 2006 con la intenci\u00f3n de agrupar a la izquierda antiliberal, es decir, a lo que \u00e9l mismo denomin\u00f3 \u201cla izquierda de la izquierda\u201d. Sin embargo, sus diferencias con el candidato del Partido Comunista de Francia, Marie-George Buffet, [&hellip;]<\/p>\n","protected":false},"author":2,"featured_media":59141,"comment_status":"open","ping_status":"open","sticky":false,"template":"","format":"standard","meta":{"_et_pb_use_builder":"","_et_pb_old_content":"","_et_gb_content_width":"","advanced_seo_description":"","jetpack_seo_html_title":"","jetpack_seo_noindex":false,"footnotes":""},"categories":[269,5,263,57,50,10,45,11,47],"tags":[52,51],"class_list":["post-40","post","type-post","status-publish","format-standard","has-post-thumbnail","hentry","category-269","category-afiches","category-ano","category-campana-presidencial","category-francia","category-geo","category-ilustracion","category-temas","category-tipograficos","tag-elecciones-2007","tag-jose-bove"],"jetpack_featured_media_url":"https:\/\/i0.wp.com\/estrategica.com.co\/blog\/wp-content\/uploads\/2008\/12\/Otro-Mundo-es-Posible-\u2013-Bov\u00e9.jpg?fit=421%2C600&ssl=1","jetpack_shortlink":"https:\/\/wp.me\/p4wgsh-E","jetpack-related-posts":[{"id":147,"url":"https:\/\/estrategica.com.co\/blog\/pour-une-alternative-a-gauche\/","url_meta":{"origin":40,"position":0},"title":"Por una Alternativa de Izquierda","author":"camilorojas","date":"diciembre 31, 2008","format":false,"excerpt":"Jos\u00e9 Bov\u00e9 se lanza a la Presidencia en una entrevista al diario Lib\u00e9ration el 13 de junio de 2006 con la intenci\u00f3n de agrupar a la izquierda antiliberal, es decir, a lo que \u00e9l mismo denomin\u00f3 \u201cla izquierda de la izquierda\u201d. Sin embargo, sus diferencias con el candidato del Partido\u2026","rel":"","context":"En \u00ab2007\u00bb","block_context":{"text":"2007","link":"https:\/\/estrategica.com.co\/blog\/category\/ano\/2007\/"},"img":{"alt_text":"","src":"https:\/\/i0.wp.com\/estrategica.com.co\/blog\/wp-content\/uploads\/2008\/12\/Por-una-Alternativa-de-Izquierda.jpg?fit=306%2C400&ssl=1&resize=350%2C200","width":350,"height":200},"classes":[]},{"id":44,"url":"https:\/\/estrategica.com.co\/blog\/unidos-jose-bove\/","url_meta":{"origin":40,"position":1},"title":"Unidos &#8211; Bov\u00e9","author":"camilorojas","date":"diciembre 30, 2008","format":false,"excerpt":"Jos\u00e9 Bov\u00e9 se lanza a la Presidencia en una entrevista al diario Lib\u00e9ration el 13 de junio de 2006 con la intenci\u00f3n de agrupar a la izquierda antiliberal, es decir, a lo que \u00e9l mismo denomin\u00f3 \u201cla izquierda de la izquierda\u201d. Sin embargo, sus diferencias con el candidato del Partido\u2026","rel":"","context":"En \u00ab2007\u00bb","block_context":{"text":"2007","link":"https:\/\/estrategica.com.co\/blog\/category\/ano\/2007\/"},"img":{"alt_text":"","src":"https:\/\/i0.wp.com\/estrategica.com.co\/blog\/wp-content\/uploads\/2008\/12\/Unidos-\u2013-Bov\u00e9.jpg?fit=500%2C304&ssl=1&resize=350%2C200","width":350,"height":200},"classes":[]},{"id":48,"url":"https:\/\/estrategica.com.co\/blog\/por-otra-realidad-bove\/","url_meta":{"origin":40,"position":2},"title":"Por Otra Realidad &#8211; Bov\u00e9","author":"camilorojas","date":"diciembre 30, 2008","format":false,"excerpt":"Jos\u00e9 Bov\u00e9 se lanza a la Presidencia en una entrevista al diario Lib\u00e9ration el 13 de junio de 2006 con la intenci\u00f3n de agrupar a la izquierda antiliberal, es decir, a lo que \u00e9l mismo denomin\u00f3 \u201cla izquierda de la izquierda\u201d. Sin embargo, sus diferencias con el candidato del Partido\u2026","rel":"","context":"En \u00ab2007\u00bb","block_context":{"text":"2007","link":"https:\/\/estrategica.com.co\/blog\/category\/ano\/2007\/"},"img":{"alt_text":"","src":"https:\/\/i0.wp.com\/estrategica.com.co\/blog\/wp-content\/uploads\/2008\/12\/Por-Otra-Realidad-\u2013-Bov\u00e9.jpg?fit=424%2C600&ssl=1&resize=350%2C200","width":350,"height":200},"classes":[]},{"id":64,"url":"https:\/\/estrategica.com.co\/blog\/otro-mundo-esta-en-marcha-bove\/","url_meta":{"origin":40,"position":3},"title":"Otro Mundo esta en Marcha &#8211; Bov\u00e9","author":"camilorojas","date":"diciembre 30, 2008","format":false,"excerpt":"Jos\u00e9 Bov\u00e9 se lanza a la Presidencia en una entrevista al diario Lib\u00e9ration el 13 de junio de 2006 con la intenci\u00f3n de agrupar a la izquierda antiliberal, es decir, a lo que \u00e9l mismo denomin\u00f3 \u201cla izquierda de la izquierda\u201d. Sin embargo, sus diferencias con el candidato del Partido\u2026","rel":"","context":"En \u00ab2007\u00bb","block_context":{"text":"2007","link":"https:\/\/estrategica.com.co\/blog\/category\/ano\/2007\/"},"img":{"alt_text":"","src":"https:\/\/i0.wp.com\/estrategica.com.co\/blog\/wp-content\/uploads\/2008\/12\/Otro-Mundo-esta-en-Marcha-\u2013-Bov\u00e9.gif?fit=399%2C600&ssl=1&resize=350%2C200","width":350,"height":200},"classes":[]},{"id":32,"url":"https:\/\/estrategica.com.co\/blog\/pipa-y-bigote\/","url_meta":{"origin":40,"position":4},"title":"Pipa y Bigote &#8211; Bov\u00e9","author":"camilorojas","date":"diciembre 30, 2008","format":false,"excerpt":"Jos\u00e9 Bov\u00e9 se lanza a la Presidencia en una entrevista al diario Lib\u00e9ration el 13 de junio de 2006 con la intenci\u00f3n de agrupar a la izquierda antiliberal, es decir, a lo que \u00e9l mismo denomin\u00f3 \u201cla izquierda de la izquierda\u201d. Sin embargo, sus diferencias con el candidato del Partido\u2026","rel":"","context":"En \u00ab2007\u00bb","block_context":{"text":"2007","link":"https:\/\/estrategica.com.co\/blog\/category\/ano\/2007\/"},"img":{"alt_text":"","src":"https:\/\/i0.wp.com\/estrategica.com.co\/blog\/wp-content\/uploads\/2008\/12\/Pipa-y-Bigote-\u2013-Bov\u00e9.jpg?fit=800%2C599&ssl=1&resize=350%2C200","width":350,"height":200},"classes":[]},{"id":374,"url":"https:\/\/estrategica.com.co\/blog\/una-izquierda-valiente-para-cambiar-la-vida\/","url_meta":{"origin":40,"position":5},"title":"Una izquierda valiente, para cambiar la vida!","author":"camilorojas","date":"enero 4, 2009","format":false,"excerpt":"Candidata del Partido Comunista Frances. Sus planteamientos han estado dirigidos a proteger las condiciones laborales de los trabajadores. Sus planteamientos pol\u00edticos se encuadran dentro del espectro anti-liberal en donde tuvo que competir con Olivier Besancenot, Jos\u00e9 Bov\u00e9 y Arlette Laguiller. El resultado electoral que obtuvo fueron 707.628 votos, es decir,\u2026","rel":"","context":"En \u00ab2007\u00bb","block_context":{"text":"2007","link":"https:\/\/estrategica.com.co\/blog\/category\/ano\/2007\/"},"img":{"alt_text":"","src":"https:\/\/i0.wp.com\/estrategica.com.co\/blog\/wp-content\/uploads\/2009\/01\/Una-izquierda-valiente-para-cambiar-la-vida.jpg?fit=326%2C456&ssl=1&resize=350%2C200","width":350,"height":200},"classes":[]}],"jetpack_sharing_enabled":true,"_links":{"self":[{"href":"https:\/\/estrategica.com.co\/blog\/wp-json\/wp\/v2\/posts\/40","targetHints":{"allow":["GET"]}}],"collection":[{"href":"https:\/\/estrategica.com.co\/blog\/wp-json\/wp\/v2\/posts"}],"about":[{"href":"https:\/\/estrategica.com.co\/blog\/wp-json\/wp\/v2\/types\/post"}],"author":[{"embeddable":true,"href":"https:\/\/estrategica.com.co\/blog\/wp-json\/wp\/v2\/users\/2"}],"replies":[{"embeddable":true,"href":"https:\/\/estrategica.com.co\/blog\/wp-json\/wp\/v2\/comments?post=40"}],"version-history":[{"count":8,"href":"https:\/\/estrategica.com.co\/blog\/wp-json\/wp\/v2\/posts\/40\/revisions"}],"predecessor-version":[{"id":4028,"href":"https:\/\/estrategica.com.co\/blog\/wp-json\/wp\/v2\/posts\/40\/revisions\/4028"}],"wp:featuredmedia":[{"embeddable":true,"href":"https:\/\/estrategica.com.co\/blog\/wp-json\/wp\/v2\/media\/59141"}],"wp:attachment":[{"href":"https:\/\/estrategica.com.co\/blog\/wp-json\/wp\/v2\/media?parent=40"}],"wp:term":[{"taxonomy":"category","embeddable":true,"href":"https:\/\/estrategica.com.co\/blog\/wp-json\/wp\/v2\/categories?post=40"},{"taxonomy":"post_tag","embeddable":true,"href":"https:\/\/estrategica.com.co\/blog\/wp-json\/wp\/v2\/tags?post=40"}],"curies":[{"name":"wp","href":"https:\/\/api.w.org\/{rel}","templated":true}]}}