{"id":403,"date":"2009-01-04T20:26:08","date_gmt":"2009-01-04T20:26:08","guid":{"rendered":"http:\/\/estrategica.com.co\/blog\/?p=403"},"modified":"2009-03-27T11:57:27","modified_gmt":"2009-03-27T11:57:27","slug":"ciudadano-castro-roland","status":"publish","type":"post","link":"https:\/\/estrategica.com.co\/blog\/ciudadano-castro-roland\/","title":{"rendered":"Ciudadano CASTRO Roland"},"content":{"rendered":"<p><img loading=\"lazy\" decoding=\"async\" data-attachment-id=\"402\" data-permalink=\"https:\/\/estrategica.com.co\/blog\/ciudadano-castro-roland\/castro1\/\" data-orig-file=\"https:\/\/i0.wp.com\/estrategica.com.co\/blog\/wp-content\/uploads\/2009\/01\/castro1.jpg?fit=330%2C481&amp;ssl=1\" data-orig-size=\"330,481\" data-comments-opened=\"1\" data-image-meta=\"{&quot;aperture&quot;:&quot;0&quot;,&quot;credit&quot;:&quot;&quot;,&quot;camera&quot;:&quot;&quot;,&quot;caption&quot;:&quot;&quot;,&quot;created_timestamp&quot;:&quot;0&quot;,&quot;copyright&quot;:&quot;&quot;,&quot;focal_length&quot;:&quot;0&quot;,&quot;iso&quot;:&quot;0&quot;,&quot;shutter_speed&quot;:&quot;0&quot;,&quot;title&quot;:&quot;&quot;}\" data-image-title=\"castro1\" data-image-description=\"\" data-image-caption=\"\" data-medium-file=\"https:\/\/i0.wp.com\/estrategica.com.co\/blog\/wp-content\/uploads\/2009\/01\/castro1.jpg?fit=205%2C300&amp;ssl=1\" data-large-file=\"https:\/\/i0.wp.com\/estrategica.com.co\/blog\/wp-content\/uploads\/2009\/01\/castro1.jpg?fit=330%2C481&amp;ssl=1\" class=\"alignnone size-full wp-image-402\" title=\"castro1\" src=\"https:\/\/i0.wp.com\/estrategica.com.co\/blog\/wp-content\/uploads\/2009\/01\/castro1.jpg?resize=330%2C481\" alt=\"castro1\" width=\"330\" height=\"481\" srcset=\"https:\/\/i0.wp.com\/estrategica.com.co\/blog\/wp-content\/uploads\/2009\/01\/castro1.jpg?w=330&amp;ssl=1 330w, https:\/\/i0.wp.com\/estrategica.com.co\/blog\/wp-content\/uploads\/2009\/01\/castro1.jpg?resize=205%2C300&amp;ssl=1 205w\" sizes=\"(max-width: 330px) 100vw, 330px\" data-recalc-dims=\"1\" \/><\/p>\n<p style=\"text-align: justify;\">Candidato del Movimiento Utop\u00eda Concreta. Retir\u00f3 su candidatura el 12 de marzo de 2007 por falta de patrocinio. Su afiche no es atractivo, la mirada esta perdida y no hace un gesto persuasivo. No mira al observador pero tampoco trasmite mirar hacia el porvenir o el firmamento, simplemente esta distra\u00eddo en la actitud. Aprovecha para poner algunos de sus propuestas y termina no d\u00e1ndole visibilidad a ninguna. No entiende uno porqu\u00e9 pone \u201cCiudadano CASTRO Roland\u201d como si estuvieran llamando lista en el ejercito.<\/p>\n","protected":false},"excerpt":{"rendered":"<p>Candidato del Movimiento Utop\u00eda Concreta. Retir\u00f3 su candidatura el 12 de marzo de 2007 por falta de patrocinio. Su afiche no es atractivo, la mirada esta perdida y no hace un gesto persuasivo. No mira al observador pero tampoco trasmite mirar hacia el porvenir o el firmamento, simplemente esta distra\u00eddo en la actitud. Aprovecha para [&hellip;]<\/p>\n","protected":false},"author":2,"featured_media":59189,"comment_status":"open","ping_status":"open","sticky":false,"template":"","format":"standard","meta":{"_et_pb_use_builder":"","_et_pb_old_content":"","_et_gb_content_width":"","advanced_seo_description":"","jetpack_seo_html_title":"","jetpack_seo_noindex":false,"footnotes":""},"categories":[269,5,263,57,46,50,10,11],"tags":[52,110],"class_list":["post-403","post","type-post","status-publish","format-standard","has-post-thumbnail","hentry","category-269","category-afiches","category-ano","category-campana-presidencial","category-fotograficos","category-francia","category-geo","category-temas","tag-elecciones-2007","tag-roland-castro"],"jetpack_featured_media_url":"https:\/\/i0.wp.com\/estrategica.com.co\/blog\/wp-content\/uploads\/2009\/01\/Ciudadano-CASTRO-Roland.jpg?fit=330%2C481&ssl=1","jetpack_shortlink":"https:\/\/wp.me\/p4wgsh-6v","jetpack-related-posts":[{"id":147,"url":"https:\/\/estrategica.com.co\/blog\/pour-une-alternative-a-gauche\/","url_meta":{"origin":403,"position":0},"title":"Por una Alternativa de Izquierda","author":"camilorojas","date":"diciembre 31, 2008","format":false,"excerpt":"Jos\u00e9 Bov\u00e9 se lanza a la Presidencia en una entrevista al diario Lib\u00e9ration el 13 de junio de 2006 con la intenci\u00f3n de agrupar a la izquierda antiliberal, es decir, a lo que \u00e9l mismo denomin\u00f3 \u201cla izquierda de la izquierda\u201d. Sin embargo, sus diferencias con el candidato del Partido\u2026","rel":"","context":"En \u00ab2007\u00bb","block_context":{"text":"2007","link":"https:\/\/estrategica.com.co\/blog\/category\/ano\/2007\/"},"img":{"alt_text":"","src":"https:\/\/i0.wp.com\/estrategica.com.co\/blog\/wp-content\/uploads\/2008\/12\/Por-una-Alternativa-de-Izquierda.jpg?fit=306%2C400&ssl=1&resize=350%2C200","width":350,"height":200},"classes":[]},{"id":396,"url":"https:\/\/estrategica.com.co\/blog\/candidata-de-lucha-obrera\/","url_meta":{"origin":403,"position":1},"title":"Candidata de Lucha Obrera","author":"camilorojas","date":"enero 4, 2009","format":false,"excerpt":"Candidata del Partido Lucha Obrera. Se ha desempe\u00f1ado como l\u00edder sindical y ha sido candidata a la presidencia en 6 oportundades. Su mejor momento fue en las elecciones de 2002 en donde obtuvo el quinto lugar y recibi\u00f3 el 5,72% de los votos. En las elecciones de 2007 obtuvo el\u2026","rel":"","context":"En \u00ab2007\u00bb","block_context":{"text":"2007","link":"https:\/\/estrategica.com.co\/blog\/category\/ano\/2007\/"},"img":{"alt_text":"","src":"https:\/\/i0.wp.com\/estrategica.com.co\/blog\/wp-content\/uploads\/2009\/01\/Candidata-de-Lucha-Obrera.jpg?fit=322%2C456&ssl=1&resize=350%2C200","width":350,"height":200},"classes":[]},{"id":190,"url":"https:\/\/estrategica.com.co\/blog\/juntos-todo-se-vuelve-posible\/","url_meta":{"origin":403,"position":2},"title":"JUNTOS TODO ES POSIBLE","author":"camilorojas","date":"enero 3, 2009","format":false,"excerpt":"Un afiche curioso que rompe la coherencia comunicativa que primo en la campa\u00f1a. Ac\u00e1 permanece la mirada directa y amigable pero desaparece la campi\u00f1a francesa, el firmamento y hasta el ave que vuela en solitario. No esta tampoco la may\u00fascula de la palabra \u201ctodo\u201d. El azul es remplazado por el\u2026","rel":"","context":"En \u00ab2007\u00bb","block_context":{"text":"2007","link":"https:\/\/estrategica.com.co\/blog\/category\/ano\/2007\/"},"img":{"alt_text":"","src":"https:\/\/i0.wp.com\/estrategica.com.co\/blog\/wp-content\/uploads\/2009\/01\/JUNTOS-TODO-ES-POSIBLE2.jpg?fit=324%2C450&ssl=1&resize=350%2C200","width":350,"height":200},"classes":[]},{"id":205,"url":"https:\/\/estrategica.com.co\/blog\/juntos-todo-es-posible-5\/","url_meta":{"origin":403,"position":3},"title":"JUNTOS TODO ES POSIBLE","author":"camilorojas","date":"enero 3, 2009","format":false,"excerpt":"Otro de los afiches con los que se fractura la coherencia comunicativa que prim\u00f3 en la campa\u00f1a Sarkozy. Ac\u00e1 se pierde la mirada directa y amigable, la campi\u00f1a francesa, el firmamento y hasta el ave que vuela en solitario. Se mantiene el \u00e9nfasis de la palabra todo y el azul\u2026","rel":"","context":"En \u00ab2007\u00bb","block_context":{"text":"2007","link":"https:\/\/estrategica.com.co\/blog\/category\/ano\/2007\/"},"img":{"alt_text":"","src":"https:\/\/i0.wp.com\/estrategica.com.co\/blog\/wp-content\/uploads\/2009\/01\/JUNTOS-TODO-ES-POSIBLE.jpg?fit=250%2C400&ssl=1&resize=350%2C200","width":350,"height":200},"classes":[]},{"id":3265,"url":"https:\/\/estrategica.com.co\/blog\/contra-el-matrimonio-homo\/","url_meta":{"origin":403,"position":4},"title":"Contra el matrimonio homo&#8230;","author":"estrategica.com","date":"febrero 1, 2009","format":false,"excerpt":"Afiche del Movimiento por Francia para las elecciones de 2007. Phillipe de Villiers encarna una opci\u00f3n conservadora en el espectro pol\u00edtico franc\u00e9s. Es uno de los representantes de los euroesc\u00e9pticos que son aquellos que se oponen al proceso de integraci\u00f3n europea. Fue uno de los l\u00edderes por el No a\u2026","rel":"","context":"En \u00abAFICHES\u00bb","block_context":{"text":"AFICHES","link":"https:\/\/estrategica.com.co\/blog\/category\/afiches\/"},"img":{"alt_text":"","src":"https:\/\/i0.wp.com\/estrategica.com.co\/blog\/wp-content\/uploads\/2009\/02\/affichedevilliers2007_15.jpg?fit=798%2C600&ssl=1&resize=350%2C200","width":350,"height":200},"classes":[]},{"id":3269,"url":"https:\/\/estrategica.com.co\/blog\/yo-tambien\/","url_meta":{"origin":403,"position":5},"title":"Yo Tambien","author":"estrategica.com","date":"febrero 1, 2009","format":false,"excerpt":"Afiche del Movimiento por Francia para las elecciones de 2007. Phillipe de Villiers encarna una opci\u00f3n conservadora en el espectro pol\u00edtico franc\u00e9s. Es uno de los representantes de los euroesc\u00e9pticos que son aquellos que se oponen al proceso de integraci\u00f3n europea. Fue uno de los l\u00edderes por el No a\u2026","rel":"","context":"En \u00abAFICHES\u00bb","block_context":{"text":"AFICHES","link":"https:\/\/estrategica.com.co\/blog\/category\/afiches\/"},"img":{"alt_text":"","src":"https:\/\/i0.wp.com\/estrategica.com.co\/blog\/wp-content\/uploads\/2009\/02\/312.jpg?fit=468%2C352&ssl=1&resize=350%2C200","width":350,"height":200},"classes":[]}],"jetpack_sharing_enabled":true,"_links":{"self":[{"href":"https:\/\/estrategica.com.co\/blog\/wp-json\/wp\/v2\/posts\/403","targetHints":{"allow":["GET"]}}],"collection":[{"href":"https:\/\/estrategica.com.co\/blog\/wp-json\/wp\/v2\/posts"}],"about":[{"href":"https:\/\/estrategica.com.co\/blog\/wp-json\/wp\/v2\/types\/post"}],"author":[{"embeddable":true,"href":"https:\/\/estrategica.com.co\/blog\/wp-json\/wp\/v2\/users\/2"}],"replies":[{"embeddable":true,"href":"https:\/\/estrategica.com.co\/blog\/wp-json\/wp\/v2\/comments?post=403"}],"version-history":[{"count":3,"href":"https:\/\/estrategica.com.co\/blog\/wp-json\/wp\/v2\/posts\/403\/revisions"}],"predecessor-version":[{"id":8539,"href":"https:\/\/estrategica.com.co\/blog\/wp-json\/wp\/v2\/posts\/403\/revisions\/8539"}],"wp:featuredmedia":[{"embeddable":true,"href":"https:\/\/estrategica.com.co\/blog\/wp-json\/wp\/v2\/media\/59189"}],"wp:attachment":[{"href":"https:\/\/estrategica.com.co\/blog\/wp-json\/wp\/v2\/media?parent=403"}],"wp:term":[{"taxonomy":"category","embeddable":true,"href":"https:\/\/estrategica.com.co\/blog\/wp-json\/wp\/v2\/categories?post=403"},{"taxonomy":"post_tag","embeddable":true,"href":"https:\/\/estrategica.com.co\/blog\/wp-json\/wp\/v2\/tags?post=403"}],"curies":[{"name":"wp","href":"https:\/\/api.w.org\/{rel}","templated":true}]}}