{"id":406,"date":"2009-01-04T20:35:06","date_gmt":"2009-01-04T20:35:06","guid":{"rendered":"http:\/\/estrategica.com.co\/blog\/?p=406"},"modified":"2009-03-27T11:57:53","modified_gmt":"2009-03-27T11:57:53","slug":"la-disminucion-de-nuestro-poder-adquisitivo","status":"publish","type":"post","link":"https:\/\/estrategica.com.co\/blog\/la-disminucion-de-nuestro-poder-adquisitivo\/","title":{"rendered":"Nuestras vidas valen m\u00e1s que sus beneficios"},"content":{"rendered":"<p><img loading=\"lazy\" decoding=\"async\" data-attachment-id=\"405\" data-permalink=\"https:\/\/estrategica.com.co\/blog\/la-disminucion-de-nuestro-poder-adquisitivo\/besancen\/\" data-orig-file=\"https:\/\/i0.wp.com\/estrategica.com.co\/blog\/wp-content\/uploads\/2009\/01\/besancen.jpg?fit=339%2C482&amp;ssl=1\" data-orig-size=\"339,482\" data-comments-opened=\"1\" data-image-meta=\"{&quot;aperture&quot;:&quot;0&quot;,&quot;credit&quot;:&quot;&quot;,&quot;camera&quot;:&quot;&quot;,&quot;caption&quot;:&quot;&quot;,&quot;created_timestamp&quot;:&quot;0&quot;,&quot;copyright&quot;:&quot;&quot;,&quot;focal_length&quot;:&quot;0&quot;,&quot;iso&quot;:&quot;0&quot;,&quot;shutter_speed&quot;:&quot;0&quot;,&quot;title&quot;:&quot;&quot;}\" data-image-title=\"besancen\" data-image-description=\"\" data-image-caption=\"\" data-medium-file=\"https:\/\/i0.wp.com\/estrategica.com.co\/blog\/wp-content\/uploads\/2009\/01\/besancen.jpg?fit=210%2C300&amp;ssl=1\" data-large-file=\"https:\/\/i0.wp.com\/estrategica.com.co\/blog\/wp-content\/uploads\/2009\/01\/besancen.jpg?fit=339%2C482&amp;ssl=1\" class=\"alignnone size-full wp-image-405\" title=\"besancen\" src=\"https:\/\/i0.wp.com\/estrategica.com.co\/blog\/wp-content\/uploads\/2009\/01\/besancen.jpg?resize=339%2C482\" alt=\"besancen\" width=\"339\" height=\"482\" srcset=\"https:\/\/i0.wp.com\/estrategica.com.co\/blog\/wp-content\/uploads\/2009\/01\/besancen.jpg?w=339&amp;ssl=1 339w, https:\/\/i0.wp.com\/estrategica.com.co\/blog\/wp-content\/uploads\/2009\/01\/besancen.jpg?resize=210%2C300&amp;ssl=1 210w\" sizes=\"(max-width: 339px) 100vw, 339px\" data-recalc-dims=\"1\" \/><\/p>\n<p style=\"text-align: justify;\">Candidato a la presidencia por la Liga Comunista Revolucionaria. Su slogan fue \u201cNuestras vidas valen m\u00e1s que sus beneficios\u201d e impuls\u00f3 iniciativas tales como redistribuci\u00f3n del ingreso, aumento del salario m\u00ednimo, prohibici\u00f3n de despidos en empresas entables y aumento de los impuestos al capital de especulaci\u00f3n. Obtuvo 1.498,581 votos que representan el 4,08% de la votaci\u00f3n, es decir, casi 300.000 votos m\u00e1s de los que obtuvo en la elecciones de 2002, siendo el candidato m\u00e1s votado de la izquierda radical. En la segunda vuelta dijo que no apoyaba a S\u00e9gol\u00e8ne Royal sino que hab\u00eda que votar contra Nicolas Sarkozy. Sus afiches son llamativos pero con mucho texto, se hubiera podido hacer un esfuerzo de s\u00edntesis para decir lo mismo en menos palabras. Falto asesor\u00eda en comunicaci\u00f3n para construir consignas, y eso que los comunistas son expertos en eso. La pregunta era c\u00f3mo sintetizar: \u201cLa disminuci\u00f3n de nuestro poder adquisitivo, mientras el explotador se beneficia. Y la distribuci\u00f3n de la riqueza, Cu\u00e1ndo?\u201d<\/p>\n","protected":false},"excerpt":{"rendered":"<p>Candidato a la presidencia por la Liga Comunista Revolucionaria. Su slogan fue \u201cNuestras vidas valen m\u00e1s que sus beneficios\u201d e impuls\u00f3 iniciativas tales como redistribuci\u00f3n del ingreso, aumento del salario m\u00ednimo, prohibici\u00f3n de despidos en empresas entables y aumento de los impuestos al capital de especulaci\u00f3n. Obtuvo 1.498,581 votos que representan el 4,08% de la [&hellip;]<\/p>\n","protected":false},"author":2,"featured_media":59188,"comment_status":"open","ping_status":"open","sticky":false,"template":"","format":"standard","meta":{"_et_pb_use_builder":"","_et_pb_old_content":"","_et_gb_content_width":"","advanced_seo_description":"","jetpack_seo_html_title":"","jetpack_seo_noindex":false,"footnotes":""},"categories":[269,5,263,57,46,50,10,11,47],"tags":[52,87],"class_list":["post-406","post","type-post","status-publish","format-standard","has-post-thumbnail","hentry","category-269","category-afiches","category-ano","category-campana-presidencial","category-fotograficos","category-francia","category-geo","category-temas","category-tipograficos","tag-elecciones-2007","tag-olivier-besancenot"],"jetpack_featured_media_url":"https:\/\/i0.wp.com\/estrategica.com.co\/blog\/wp-content\/uploads\/2009\/01\/Nuestras-vidas-valen-m\u00e1s-que-sus-beneficios.jpg?fit=339%2C482&ssl=1","jetpack_shortlink":"https:\/\/wp.me\/p4wgsh-6y","jetpack-related-posts":[{"id":393,"url":"https:\/\/estrategica.com.co\/blog\/quien-puede-hablar-mas-honestamente-de-los-trabajadores\/","url_meta":{"origin":406,"position":0},"title":"Qui\u00e9n puede hablar m\u00e1s honestamente de los trabajadores","author":"camilorojas","date":"enero 4, 2009","format":false,"excerpt":"Candidata del Partido Lucha Obrera. Se ha desempe\u00f1ado como l\u00edder sindical y ha sido candidata a la presidencia en 6 oportundades. Su mejor momento fue en las elecciones de 2002 en donde obtuvo el quinto lugar y recibi\u00f3 el 5,72% de los votos. En las elecciones de 2007 obtuvo el\u2026","rel":"","context":"En \u00ab2007\u00bb","block_context":{"text":"2007","link":"https:\/\/estrategica.com.co\/blog\/category\/ano\/2007\/"},"img":{"alt_text":"","src":"https:\/\/i0.wp.com\/estrategica.com.co\/blog\/wp-content\/uploads\/2009\/01\/Qui\u00e9n-puede-hablar-m\u00e1s-honestamente-de-los-trabajadores.jpg?fit=520%2C404&ssl=1&resize=350%2C200","width":350,"height":200},"classes":[]},{"id":396,"url":"https:\/\/estrategica.com.co\/blog\/candidata-de-lucha-obrera\/","url_meta":{"origin":406,"position":1},"title":"Candidata de Lucha Obrera","author":"camilorojas","date":"enero 4, 2009","format":false,"excerpt":"Candidata del Partido Lucha Obrera. Se ha desempe\u00f1ado como l\u00edder sindical y ha sido candidata a la presidencia en 6 oportundades. Su mejor momento fue en las elecciones de 2002 en donde obtuvo el quinto lugar y recibi\u00f3 el 5,72% de los votos. En las elecciones de 2007 obtuvo el\u2026","rel":"","context":"En \u00ab2007\u00bb","block_context":{"text":"2007","link":"https:\/\/estrategica.com.co\/blog\/category\/ano\/2007\/"},"img":{"alt_text":"","src":"https:\/\/i0.wp.com\/estrategica.com.co\/blog\/wp-content\/uploads\/2009\/01\/Candidata-de-Lucha-Obrera.jpg?fit=322%2C456&ssl=1&resize=350%2C200","width":350,"height":200},"classes":[]},{"id":385,"url":"https:\/\/estrategica.com.co\/blog\/mitin-comunista\/","url_meta":{"origin":406,"position":2},"title":"Mitin Comunista","author":"camilorojas","date":"enero 4, 2009","format":false,"excerpt":"Candidata del Partido Comunista Frances. Sus planteamientos han estado dirigidos a proteger las condiciones laborales de los trabajadores. Sus planteamientos pol\u00edticos se encuadran dentro del espectro anti-liberal en donde tuvo que competir con Olivier Besancenot, Jos\u00e9 Bov\u00e9 y Arlette Laguiller. El resultado electoral que obtuvo fueron 707.628 votos, es decir,\u2026","rel":"","context":"En \u00ab2007\u00bb","block_context":{"text":"2007","link":"https:\/\/estrategica.com.co\/blog\/category\/ano\/2007\/"},"img":{"alt_text":"","src":"https:\/\/i0.wp.com\/estrategica.com.co\/blog\/wp-content\/uploads\/2009\/01\/Mitin-Comunista1.jpg?fit=814%2C655&ssl=1&resize=350%2C200","width":350,"height":200},"classes":[]},{"id":377,"url":"https:\/\/estrategica.com.co\/blog\/elegir-la-revolucion-ecologica\/","url_meta":{"origin":406,"position":3},"title":"Elegir la Revoluci\u00f3n Ecol\u00f3gica","author":"camilorojas","date":"enero 4, 2009","format":false,"excerpt":"Candidata a la presidencia por el partido Verde. El partido es ecologista y paneuropeo, es decir, lucha para que Europa sea una federaci\u00f3n. En la primera vuelta electoral obtuvo 576,666 votos que representaron el 1,57% de la votaci\u00f3n total. El afiche muestra la imagen de la candidata en un primer\u2026","rel":"","context":"En \u00ab2007\u00bb","block_context":{"text":"2007","link":"https:\/\/estrategica.com.co\/blog\/category\/ano\/2007\/"},"img":{"alt_text":"","src":"https:\/\/i0.wp.com\/estrategica.com.co\/blog\/wp-content\/uploads\/2009\/01\/Elegir-la-Revoluci\u00f3n-Ecol\u00f3gica.jpg?fit=349%2C500&ssl=1&resize=350%2C200","width":350,"height":200},"classes":[]},{"id":374,"url":"https:\/\/estrategica.com.co\/blog\/una-izquierda-valiente-para-cambiar-la-vida\/","url_meta":{"origin":406,"position":4},"title":"Una izquierda valiente, para cambiar la vida!","author":"camilorojas","date":"enero 4, 2009","format":false,"excerpt":"Candidata del Partido Comunista Frances. Sus planteamientos han estado dirigidos a proteger las condiciones laborales de los trabajadores. Sus planteamientos pol\u00edticos se encuadran dentro del espectro anti-liberal en donde tuvo que competir con Olivier Besancenot, Jos\u00e9 Bov\u00e9 y Arlette Laguiller. El resultado electoral que obtuvo fueron 707.628 votos, es decir,\u2026","rel":"","context":"En \u00ab2007\u00bb","block_context":{"text":"2007","link":"https:\/\/estrategica.com.co\/blog\/category\/ano\/2007\/"},"img":{"alt_text":"","src":"https:\/\/i0.wp.com\/estrategica.com.co\/blog\/wp-content\/uploads\/2009\/01\/Una-izquierda-valiente-para-cambiar-la-vida.jpg?fit=326%2C456&ssl=1&resize=350%2C200","width":350,"height":200},"classes":[]},{"id":399,"url":"https:\/\/estrategica.com.co\/blog\/para-romper-con-la-union-europea\/","url_meta":{"origin":406,"position":5},"title":"PARA ROMPER CON LA UNION EUROPEA","author":"camilorojas","date":"enero 4, 2009","format":false,"excerpt":"Es el candidato del Partido de los Trabajadores. En la campa\u00f1a, auque tenia otros temas, Eligio la vocer\u00eda de izquierda contra el tratado de Maastricht. En las elecciones de 2007 obtuvo 123,540 votos que representaban el 0,34% de la votaci\u00f3n. En la segunda vuelta no apoyo a nadie. Su afiche\u2026","rel":"","context":"En \u00ab2007\u00bb","block_context":{"text":"2007","link":"https:\/\/estrategica.com.co\/blog\/category\/ano\/2007\/"},"img":{"alt_text":"","src":"https:\/\/i0.wp.com\/estrategica.com.co\/blog\/wp-content\/uploads\/2009\/01\/PARA-ROMPER-CON-LA-UNION-EUROPEA.jpg?fit=339%2C456&ssl=1&resize=350%2C200","width":350,"height":200},"classes":[]}],"jetpack_sharing_enabled":true,"_links":{"self":[{"href":"https:\/\/estrategica.com.co\/blog\/wp-json\/wp\/v2\/posts\/406","targetHints":{"allow":["GET"]}}],"collection":[{"href":"https:\/\/estrategica.com.co\/blog\/wp-json\/wp\/v2\/posts"}],"about":[{"href":"https:\/\/estrategica.com.co\/blog\/wp-json\/wp\/v2\/types\/post"}],"author":[{"embeddable":true,"href":"https:\/\/estrategica.com.co\/blog\/wp-json\/wp\/v2\/users\/2"}],"replies":[{"embeddable":true,"href":"https:\/\/estrategica.com.co\/blog\/wp-json\/wp\/v2\/comments?post=406"}],"version-history":[{"count":5,"href":"https:\/\/estrategica.com.co\/blog\/wp-json\/wp\/v2\/posts\/406\/revisions"}],"predecessor-version":[{"id":8540,"href":"https:\/\/estrategica.com.co\/blog\/wp-json\/wp\/v2\/posts\/406\/revisions\/8540"}],"wp:featuredmedia":[{"embeddable":true,"href":"https:\/\/estrategica.com.co\/blog\/wp-json\/wp\/v2\/media\/59188"}],"wp:attachment":[{"href":"https:\/\/estrategica.com.co\/blog\/wp-json\/wp\/v2\/media?parent=406"}],"wp:term":[{"taxonomy":"category","embeddable":true,"href":"https:\/\/estrategica.com.co\/blog\/wp-json\/wp\/v2\/categories?post=406"},{"taxonomy":"post_tag","embeddable":true,"href":"https:\/\/estrategica.com.co\/blog\/wp-json\/wp\/v2\/tags?post=406"}],"curies":[{"name":"wp","href":"https:\/\/api.w.org\/{rel}","templated":true}]}}