{"id":422,"date":"2009-01-04T22:45:50","date_gmt":"2009-01-04T22:45:50","guid":{"rendered":"http:\/\/estrategica.com.co\/blog\/?p=422"},"modified":"2009-03-27T12:00:52","modified_gmt":"2009-03-27T12:00:52","slug":"a-mayor-trabajo-mayor-remuneracion","status":"publish","type":"post","link":"https:\/\/estrategica.com.co\/blog\/a-mayor-trabajo-mayor-remuneracion\/","title":{"rendered":"A mayor trabajo, mayor remuneraci\u00f3n"},"content":{"rendered":"<p><img loading=\"lazy\" decoding=\"async\" data-attachment-id=\"421\" data-permalink=\"https:\/\/estrategica.com.co\/blog\/a-mayor-trabajo-mayor-remuneracion\/miguet\/\" data-orig-file=\"https:\/\/i0.wp.com\/estrategica.com.co\/blog\/wp-content\/uploads\/2009\/01\/miguet.jpg?fit=365%2C481&amp;ssl=1\" data-orig-size=\"365,481\" data-comments-opened=\"1\" data-image-meta=\"{&quot;aperture&quot;:&quot;0&quot;,&quot;credit&quot;:&quot;&quot;,&quot;camera&quot;:&quot;&quot;,&quot;caption&quot;:&quot;&quot;,&quot;created_timestamp&quot;:&quot;0&quot;,&quot;copyright&quot;:&quot;&quot;,&quot;focal_length&quot;:&quot;0&quot;,&quot;iso&quot;:&quot;0&quot;,&quot;shutter_speed&quot;:&quot;0&quot;,&quot;title&quot;:&quot;&quot;}\" data-image-title=\"miguet\" data-image-description=\"\" data-image-caption=\"\" data-medium-file=\"https:\/\/i0.wp.com\/estrategica.com.co\/blog\/wp-content\/uploads\/2009\/01\/miguet.jpg?fit=227%2C300&amp;ssl=1\" data-large-file=\"https:\/\/i0.wp.com\/estrategica.com.co\/blog\/wp-content\/uploads\/2009\/01\/miguet.jpg?fit=365%2C481&amp;ssl=1\" class=\"alignnone size-full wp-image-421\" title=\"miguet\" src=\"https:\/\/i0.wp.com\/estrategica.com.co\/blog\/wp-content\/uploads\/2009\/01\/miguet.jpg?resize=365%2C481\" alt=\"miguet\" width=\"365\" height=\"481\" srcset=\"https:\/\/i0.wp.com\/estrategica.com.co\/blog\/wp-content\/uploads\/2009\/01\/miguet.jpg?w=365&amp;ssl=1 365w, https:\/\/i0.wp.com\/estrategica.com.co\/blog\/wp-content\/uploads\/2009\/01\/miguet.jpg?resize=227%2C300&amp;ssl=1 227w\" sizes=\"(max-width: 365px) 100vw, 365px\" data-recalc-dims=\"1\" \/><\/p>\n<p style=\"text-align: justify;\">Es el fundador y Presidente de la Coalici\u00f3n de los Contribuyentes Franceses. El prop\u00f3sito de su candidatura era el de \u201cProteger a Francia del colapso financiero, la anarqu\u00eda y la corrupci\u00f3n generalizada, antes de que sea muy tarde\u201d. Renuncia a su aspiraci\u00f3n el 16 de marzo de 2007 por no haber conseguido las firmas necesarias para validar su pretensi\u00f3n. Apoyo a Fran\u00e7ois Bayrou. La imagen de su campa\u00f1a tiene una idea central fuerte: \u201cA mayor trabaja, mayor remuneraci\u00f3n\u201d, sin embargo, ni la actitud del candidato ni el paisaje de fondo avalan la fuerza de la propuesta.<\/p>\n","protected":false},"excerpt":{"rendered":"<p>Es el fundador y Presidente de la Coalici\u00f3n de los Contribuyentes Franceses. El prop\u00f3sito de su candidatura era el de \u201cProteger a Francia del colapso financiero, la anarqu\u00eda y la corrupci\u00f3n generalizada, antes de que sea muy tarde\u201d. Renuncia a su aspiraci\u00f3n el 16 de marzo de 2007 por no haber conseguido las firmas necesarias [&hellip;]<\/p>\n","protected":false},"author":2,"featured_media":59185,"comment_status":"open","ping_status":"open","sticky":false,"template":"","format":"standard","meta":{"_et_pb_use_builder":"","_et_pb_old_content":"","_et_gb_content_width":"","advanced_seo_description":"","jetpack_seo_html_title":"","jetpack_seo_noindex":false,"footnotes":""},"categories":[269,5,263,57,46,50,10,11],"tags":[52,113],"class_list":["post-422","post","type-post","status-publish","format-standard","has-post-thumbnail","hentry","category-269","category-afiches","category-ano","category-campana-presidencial","category-fotograficos","category-francia","category-geo","category-temas","tag-elecciones-2007","tag-nicolas-miguet"],"jetpack_featured_media_url":"https:\/\/i0.wp.com\/estrategica.com.co\/blog\/wp-content\/uploads\/2009\/01\/A-mayor-trabajo-mayor-remuneraci\u00f3n.jpg?fit=365%2C481&ssl=1","jetpack_shortlink":"https:\/\/wp.me\/p4wgsh-6O","jetpack-related-posts":[{"id":374,"url":"https:\/\/estrategica.com.co\/blog\/una-izquierda-valiente-para-cambiar-la-vida\/","url_meta":{"origin":422,"position":0},"title":"Una izquierda valiente, para cambiar la vida!","author":"camilorojas","date":"enero 4, 2009","format":false,"excerpt":"Candidata del Partido Comunista Frances. Sus planteamientos han estado dirigidos a proteger las condiciones laborales de los trabajadores. Sus planteamientos pol\u00edticos se encuadran dentro del espectro anti-liberal en donde tuvo que competir con Olivier Besancenot, Jos\u00e9 Bov\u00e9 y Arlette Laguiller. El resultado electoral que obtuvo fueron 707.628 votos, es decir,\u2026","rel":"","context":"En \u00ab2007\u00bb","block_context":{"text":"2007","link":"https:\/\/estrategica.com.co\/blog\/category\/ano\/2007\/"},"img":{"alt_text":"","src":"https:\/\/i0.wp.com\/estrategica.com.co\/blog\/wp-content\/uploads\/2009\/01\/Una-izquierda-valiente-para-cambiar-la-vida.jpg?fit=326%2C456&ssl=1&resize=350%2C200","width":350,"height":200},"classes":[]},{"id":233,"url":"https:\/\/estrategica.com.co\/blog\/con-le-pen-todos-juntos-tomaremos-nuestra-francia\/","url_meta":{"origin":422,"position":1},"title":"CON LE PEN, todos juntos, tomaremos nuestra Francia!","author":"camilorojas","date":"enero 3, 2009","format":false,"excerpt":"Jean-Marie Le Pen es el representante de la extrema derecha pol\u00edtica a trav\u00e9s del partido Frente Nacional a nombre del cual ha sido candidato a la presidencia de Francia. En la campa\u00f1a de 2007 Le Pen tiene casi 79 a\u00f1os convirti\u00e9ndose en el aspirante m\u00e1s viejo en la historia de\u2026","rel":"","context":"En \u00ab2007\u00bb","block_context":{"text":"2007","link":"https:\/\/estrategica.com.co\/blog\/category\/ano\/2007\/"},"img":{"alt_text":"","src":"https:\/\/i0.wp.com\/estrategica.com.co\/blog\/wp-content\/uploads\/2009\/01\/CON-LE-PEN-todos-juntos-tomaremos-nuestra-Francia.jpg?fit=800%2C600&ssl=1&resize=350%2C200","width":350,"height":200},"classes":[]},{"id":11017,"url":"https:\/\/estrategica.com.co\/blog\/francia-frente-nacional-le-pen\/","url_meta":{"origin":422,"position":2},"title":"Francia &#8211; Frente Nacional &#8211; Le Pen","author":"Juliana","date":"abril 8, 2009","format":false,"excerpt":"[hana-flv-player video=\"\/blog\/wp-content\/uploads\/2009\/01\/carpeta_muchos_varios\/FranciaFrontNational07.flv\" width=\"550\" height=\"\" description=\"Francia - Frente Nacional - Le Pen\" clickurl=\"\" clicktarget=\"\" player=\"4\" autoplay=\"false\" loop=\"false\" autorewind=\"true\" splashimage=\"\" skin=\"\" \/] [icon color=\"Accent-Color\" size=\"regular\" image=\"steadysets-icon-chat\"] Contexto Jean-Marie Le Pen es el representante de la extrema derecha pol\u00edtica a trav\u00e9s del partido Frente Nacional a nombre del cual ha sido candidato a\u2026","rel":"","context":"En \u00abCampa\u00f1a Presidencial\u00bb","block_context":{"text":"Campa\u00f1a Presidencial","link":"https:\/\/estrategica.com.co\/blog\/category\/temas\/campana-presidencial\/"},"img":{"alt_text":"","src":"https:\/\/i0.wp.com\/estrategica.com.co\/blog\/wp-content\/uploads\/2009\/04\/franciafrontnational07_thumb.png?fit=299%2C213&ssl=1&resize=350%2C200","width":350,"height":200},"classes":[]},{"id":399,"url":"https:\/\/estrategica.com.co\/blog\/para-romper-con-la-union-europea\/","url_meta":{"origin":422,"position":3},"title":"PARA ROMPER CON LA UNION EUROPEA","author":"camilorojas","date":"enero 4, 2009","format":false,"excerpt":"Es el candidato del Partido de los Trabajadores. En la campa\u00f1a, auque tenia otros temas, Eligio la vocer\u00eda de izquierda contra el tratado de Maastricht. En las elecciones de 2007 obtuvo 123,540 votos que representaban el 0,34% de la votaci\u00f3n. En la segunda vuelta no apoyo a nadie. Su afiche\u2026","rel":"","context":"En \u00ab2007\u00bb","block_context":{"text":"2007","link":"https:\/\/estrategica.com.co\/blog\/category\/ano\/2007\/"},"img":{"alt_text":"","src":"https:\/\/i0.wp.com\/estrategica.com.co\/blog\/wp-content\/uploads\/2009\/01\/PARA-ROMPER-CON-LA-UNION-EUROPEA.jpg?fit=339%2C456&ssl=1&resize=350%2C200","width":350,"height":200},"classes":[]},{"id":297,"url":"https:\/\/estrategica.com.co\/blog\/francia-de-todas-nuestras-fuerzas\/","url_meta":{"origin":422,"position":4},"title":"FRANCIA DE TODAS NUESTRAS FUERZAS","author":"camilorojas","date":"enero 3, 2009","format":false,"excerpt":"Fran\u00e7ois Bayrou es el candidato de centro en las elecciones de 2007. Por la favorabilidad que lleg\u00f3 a tener ante la opini\u00f3n p\u00fablica se pens\u00f3 que si los franceses ten\u00edan que escoger entre Sarkozy y Bayrou o entre Royal y Bayrou, votar\u00edan, mayoritariamente, al centrista. Su campa\u00f1a estuvo dirigida a\u2026","rel":"","context":"En \u00ab2007\u00bb","block_context":{"text":"2007","link":"https:\/\/estrategica.com.co\/blog\/category\/ano\/2007\/"},"img":{"alt_text":"","src":"https:\/\/i0.wp.com\/estrategica.com.co\/blog\/wp-content\/uploads\/2009\/01\/FRANCIA-DE-TODAS-NUESTRAS-FUERZAS2.jpg?fit=500%2C417&ssl=1&resize=350%2C200","width":350,"height":200},"classes":[]},{"id":300,"url":"https:\/\/estrategica.com.co\/blog\/francia-de-todas-nuestras-fuerzas-2\/","url_meta":{"origin":422,"position":5},"title":"FRANCIA DE TODAS NUESTRAS FUERZAS","author":"camilorojas","date":"enero 3, 2009","format":false,"excerpt":"Fran\u00e7ois Bayrou es el candidato de centro en las elecciones de 2007. Por la favorabilidad que lleg\u00f3 a tener ante la opini\u00f3n p\u00fablica se pens\u00f3 que si los franceses ten\u00edan que escoger entre Sarkozy y Bayrou o entre Royal y Bayrou, votar\u00edan, mayoritariamente, al centrista. Su campa\u00f1a estuvo dirigida a\u2026","rel":"","context":"En \u00ab2007\u00bb","block_context":{"text":"2007","link":"https:\/\/estrategica.com.co\/blog\/category\/ano\/2007\/"},"img":{"alt_text":"","src":"https:\/\/i0.wp.com\/estrategica.com.co\/blog\/wp-content\/uploads\/2009\/01\/FRANCIA-DE-TODAS-NUESTRAS-FUERZAS.jpg?fit=341%2C456&ssl=1&resize=350%2C200","width":350,"height":200},"classes":[]}],"jetpack_sharing_enabled":true,"_links":{"self":[{"href":"https:\/\/estrategica.com.co\/blog\/wp-json\/wp\/v2\/posts\/422","targetHints":{"allow":["GET"]}}],"collection":[{"href":"https:\/\/estrategica.com.co\/blog\/wp-json\/wp\/v2\/posts"}],"about":[{"href":"https:\/\/estrategica.com.co\/blog\/wp-json\/wp\/v2\/types\/post"}],"author":[{"embeddable":true,"href":"https:\/\/estrategica.com.co\/blog\/wp-json\/wp\/v2\/users\/2"}],"replies":[{"embeddable":true,"href":"https:\/\/estrategica.com.co\/blog\/wp-json\/wp\/v2\/comments?post=422"}],"version-history":[{"count":3,"href":"https:\/\/estrategica.com.co\/blog\/wp-json\/wp\/v2\/posts\/422\/revisions"}],"predecessor-version":[{"id":8545,"href":"https:\/\/estrategica.com.co\/blog\/wp-json\/wp\/v2\/posts\/422\/revisions\/8545"}],"wp:featuredmedia":[{"embeddable":true,"href":"https:\/\/estrategica.com.co\/blog\/wp-json\/wp\/v2\/media\/59185"}],"wp:attachment":[{"href":"https:\/\/estrategica.com.co\/blog\/wp-json\/wp\/v2\/media?parent=422"}],"wp:term":[{"taxonomy":"category","embeddable":true,"href":"https:\/\/estrategica.com.co\/blog\/wp-json\/wp\/v2\/categories?post=422"},{"taxonomy":"post_tag","embeddable":true,"href":"https:\/\/estrategica.com.co\/blog\/wp-json\/wp\/v2\/tags?post=422"}],"curies":[{"name":"wp","href":"https:\/\/api.w.org\/{rel}","templated":true}]}}