{"id":4345,"date":"2009-02-25T00:06:34","date_gmt":"2009-02-25T00:06:34","guid":{"rendered":"http:\/\/estrategica.com.co\/blog\/?p=4345"},"modified":"2009-05-01T16:18:24","modified_gmt":"2009-05-01T16:18:24","slug":"francia-para-todos","status":"publish","type":"post","link":"https:\/\/estrategica.com.co\/blog\/francia-para-todos\/","title":{"rendered":"FRANCIA PARA TODOS"},"content":{"rendered":"<p><img loading=\"lazy\" decoding=\"async\" data-attachment-id=\"4344\" data-permalink=\"https:\/\/estrategica.com.co\/blog\/francia-para-todos\/affichechirac1995\/\" data-orig-file=\"https:\/\/i0.wp.com\/estrategica.com.co\/blog\/wp-content\/uploads\/2009\/02\/affichechirac1995.jpg?fit=327%2C400&amp;ssl=1\" data-orig-size=\"327,400\" data-comments-opened=\"1\" data-image-meta=\"{&quot;aperture&quot;:&quot;0&quot;,&quot;credit&quot;:&quot;&quot;,&quot;camera&quot;:&quot;&quot;,&quot;caption&quot;:&quot;&quot;,&quot;created_timestamp&quot;:&quot;0&quot;,&quot;copyright&quot;:&quot;&quot;,&quot;focal_length&quot;:&quot;0&quot;,&quot;iso&quot;:&quot;0&quot;,&quot;shutter_speed&quot;:&quot;0&quot;,&quot;title&quot;:&quot;&quot;}\" data-image-title=\"affichechirac1995\" data-image-description=\"\" data-image-caption=\"\" data-medium-file=\"https:\/\/i0.wp.com\/estrategica.com.co\/blog\/wp-content\/uploads\/2009\/02\/affichechirac1995.jpg?fit=245%2C300&amp;ssl=1\" data-large-file=\"https:\/\/i0.wp.com\/estrategica.com.co\/blog\/wp-content\/uploads\/2009\/02\/affichechirac1995.jpg?fit=327%2C400&amp;ssl=1\" class=\"alignnone size-full wp-image-4344\" title=\"affichechirac1995\" src=\"https:\/\/i0.wp.com\/estrategica.com.co\/blog\/wp-content\/uploads\/2009\/02\/affichechirac1995.jpg?resize=327%2C400\" alt=\"affichechirac1995\" width=\"327\" height=\"400\" srcset=\"https:\/\/i0.wp.com\/estrategica.com.co\/blog\/wp-content\/uploads\/2009\/02\/affichechirac1995.jpg?w=327&amp;ssl=1 327w, https:\/\/i0.wp.com\/estrategica.com.co\/blog\/wp-content\/uploads\/2009\/02\/affichechirac1995.jpg?resize=245%2C300&amp;ssl=1 245w\" sizes=\"(max-width: 327px) 100vw, 327px\" data-recalc-dims=\"1\" \/><\/p>\n<p class=\"MsoNormal\" style=\"margin: 0cm 0cm 0pt; text-align: justify;\"><span style=\"font-size: small; font-family: Times New Roman;\">Afiche de Campa\u00f1a de Jacques Chirac durante la contienda electoral de 1995. El mandato de Mitterand culminaba, luego de 14 a\u00f1os, y en el panorama pol\u00edtico aparec\u00edan nueve nombres que aspiraban a sucederlo. Los que lideraban las encuestas eran el socialista Lionel Jospin, el Conservador Jacques Chirac, el disidente conservador Edouard Balladur y el ultraderechista <span style=\"mso-spacerun: yes;\">\u00a0<\/span>Jean-Marie Le Pen. Los socialistas se encuentras desgastados despu\u00e9s de muchos a\u00f1os y se abre la posibilidad de un gobierno de otra tendencia. Aunque, a decir verdad, Chirac no lograba conectar con el electorado. La campa\u00f1a tom\u00f3 como s\u00edmbolo el manzano. La primera vez que mostraron aquel s\u00edmbolo fue durante el lanzamiento del libro \u201cLa France pour tous\u201d en donde aparec\u00eda no solo el manzano sino uno de los slogan que utilizar\u00eda la campa\u00f1a. <span style=\"mso-spacerun: yes;\">\u00a0<\/span>A partir de ah\u00ed las manzanas quedaron unidas a la imagen del candidato. Chirac parece haber nacido candidato. Se le ve a gusto. Domina la materia. Parte debe de ser natural, parte experiencia pues no en vano \u00e9ste es su tercer intento de alcanzar la Presidencia de la Rep\u00fablica. Y \u00e9sta es la vez que toca m\u00e1s de cerca el El\u00edseo. Ha sido adem\u00e1s diputado, eurodiputado y alcalde de Par\u00eds. Tres d\u00e9cadas en campa\u00f1a. Forma parte del paisaje electoral franc\u00e9s. Chirac acert\u00f3 eligiendo una campa\u00f1a larga. Se demoro cuatro meses en igualar la popularidad del primer ministro pero no perdi\u00f3 el tiempo. En estos meses, Chirac visit\u00f3 todas las regiones de Francia. Es un maestro en el contacto callejero, se demora, mira a los ojos, aprieta la mano de los transe\u00fantes. As\u00ed fue construyendo su mensaje de liderazgo, cambio, crecimiento de salarios como motor de la recuperaci\u00f3n y discurso contra las elites. Las intervenciones de Chirac son teatrales y evocan gestualmente a De Gaulle. Procura trasmitir frescura e informalidad. Se desplaza en un Citro\u00ebn Cx bastante usado. Es un coche que hace tiempo que no usa el poder en Francia (el Renault Safrane es el coche oficial de los ministros) ni los hombres de negocios (Peugeot 605 o veh\u00edculos extranjeros). Un CX que fue punta de lanza del dise\u00f1o franc\u00e9s pero que hoy suena a pasado de moda. Tiene 63 a\u00f1os y encabeza las preferencias de los votantes m\u00e1s j\u00f3venes. Lleva toda la vida en el \u00abestablishment\u00bb y hace un discurso contra la elite parisina. He aqu\u00ed algunos extractos significativos de su discurso: \u00abAlgunos piensan hoy que la acci\u00f3n pol\u00edtica se resume en la gesti\u00f3n prudente de presiones impuestas desde el exterior. La sociedad se habr\u00eda convertido en una especie de gran mercado donde la oferta se ajusta a la demanda en funci\u00f3n de los equilibrios de fuerzas del momento. Yo no me reconozco en esa visi\u00f3n pesimista\u00bb. <span style=\"mso-spacerun: yes;\">\u00a0<\/span>\u00abAs\u00ed se ha instalado un reino del pensamiento \u00fanico, un pensamiento que nunca se pone en cuesti\u00f3n, que se separa de la vida y se cierra en s\u00ed mismo con el \u00fanico fin de defender el orden existente\u00bb. \u00abUn vuelco total de la l\u00f3gica existente es indispensable&#8230; ocuparse de los parados est\u00e1 bien. Atacar el paro, mejor. Es mejor pagar para que un parado encuentre trabajo que pagarle para que no haga nada\u00bb. La medida de choque del programa de Chirac es subvencionar la contrataci\u00f3n de desempleados de larga duraci\u00f3n. El que gane recibir\u00e1 un pa\u00eds en crisis con una deuda p\u00fablica correspondiente al 45 por ciento del PBI y un desempleo del 11,5 por ciento, es decir 2,9 millones de personas. Un horizonte nada halag\u00fce\u00f1o que es asumido durante la campa\u00f1a con un gesto de tranquilidad y donaire que termina por darle el triunfo. <\/span><\/p>\n","protected":false},"excerpt":{"rendered":"<p>Afiche de Campa\u00f1a de Jacques Chirac durante la contienda electoral de 1995. El mandato de Mitterand culminaba, luego de 14 a\u00f1os, y en el panorama pol\u00edtico aparec\u00edan nueve nombres que aspiraban a sucederlo. Los que lideraban las encuestas eran el socialista Lionel Jospin, el Conservador Jacques Chirac, el disidente conservador Edouard Balladur y el ultraderechista [&hellip;]<\/p>\n","protected":false},"author":4,"featured_media":4344,"comment_status":"open","ping_status":"open","sticky":false,"template":"","format":"standard","meta":{"_et_pb_use_builder":"","_et_pb_old_content":"","_et_gb_content_width":"","advanced_seo_description":"","jetpack_seo_html_title":"","jetpack_seo_noindex":false,"footnotes":""},"categories":[5,57,46,50,10,11],"tags":[204,211],"class_list":["post-4345","post","type-post","status-publish","format-standard","has-post-thumbnail","hentry","category-afiches","category-campana-presidencial","category-fotograficos","category-francia","category-geo","category-temas","tag-elecciones-1995","tag-jacques-chirac"],"jetpack_featured_media_url":"https:\/\/i0.wp.com\/estrategica.com.co\/blog\/wp-content\/uploads\/2009\/02\/affichechirac1995.jpg?fit=327%2C400&ssl=1","jetpack_shortlink":"https:\/\/wp.me\/p4wgsh-185","jetpack-related-posts":[{"id":3352,"url":"https:\/\/estrategica.com.co\/blog\/francia-del-respeto-con-jacques-chirac\/","url_meta":{"origin":4345,"position":0},"title":"Francia del respeto con Jacques Chirac","author":"estrategica.com","date":"febrero 4, 2009","format":false,"excerpt":"Afiche de campa\u00f1a de Jacques Chirac para las elecciones de 2002, en la primera vuelta electoral. El gobierno se encuentra desprestigiado, las acusaciones contra el Presidente por corrupci\u00f3n cuando se desempe\u00f1\u00f3 como alcalde de Paris le han hecho da\u00f1o y debilitan sus posibilidades de reelecci\u00f3n. La estrategia de campa\u00f1a giro,\u2026","rel":"","context":"En \u00abAFICHES\u00bb","block_context":{"text":"AFICHES","link":"https:\/\/estrategica.com.co\/blog\/category\/afiches\/"},"img":{"alt_text":"","src":"https:\/\/i0.wp.com\/estrategica.com.co\/blog\/wp-content\/uploads\/2009\/02\/affichechirac200202emetour.jpg?fit=591%2C400&ssl=1&resize=350%2C200","width":350,"height":200},"classes":[]},{"id":3349,"url":"https:\/\/estrategica.com.co\/blog\/francia-en-grande-francia-juntos\/","url_meta":{"origin":4345,"position":1},"title":"Francia en grande Francia juntos","author":"estrategica.com","date":"febrero 4, 2009","format":false,"excerpt":"Afiche de campa\u00f1a de Jacques Chirac para las elecciones de 2002, en la primera vuelta electoral. El gobierno se encuentra desprestigiado, las acusaciones contra el Presidente por corrupci\u00f3n cuando se desempe\u00f1\u00f3 como alcalde de Paris le han hecho da\u00f1o y debilitan sus posibilidades de reelecci\u00f3n. La estrategia de campa\u00f1a giro,\u2026","rel":"","context":"En \u00abAFICHES\u00bb","block_context":{"text":"AFICHES","link":"https:\/\/estrategica.com.co\/blog\/category\/afiches\/"},"img":{"alt_text":"","src":"https:\/\/i0.wp.com\/estrategica.com.co\/blog\/wp-content\/uploads\/2009\/02\/affichechirac2002.jpg?fit=533%2C400&ssl=1&resize=350%2C200","width":350,"height":200},"classes":[]},{"id":87,"url":"https:\/\/estrategica.com.co\/blog\/generacion-mitterrand\/","url_meta":{"origin":4345,"position":2},"title":"Generaci\u00f3n Mitterrand","author":"camilorojas","date":"diciembre 30, 2008","format":false,"excerpt":"En las elecciones presidenciales de 1988 el afiche \u201cGeneration Mitterrand\u201d hizo parte de una campa\u00f1a de expectativa que antecedi\u00f3 el anuncio de Mitterrand de lanzarse de nuevo a la presidencia de Francia. A diferencia de sus antecesores, Mitterrand manej\u00f3 el anunci\u00f3 en forma ambigua con mensajes que hac\u00edan suponer su\u2026","rel":"","context":"En \u00ab1988\u00bb","block_context":{"text":"1988","link":"https:\/\/estrategica.com.co\/blog\/category\/ano\/1988\/"},"img":{"alt_text":"","src":"https:\/\/i0.wp.com\/estrategica.com.co\/blog\/wp-content\/uploads\/2008\/12\/Generaci\u00f3n-Mitterrand.jpg?fit=350%2C258&ssl=1&resize=350%2C200","width":350,"height":200},"classes":[]},{"id":27015,"url":"https:\/\/estrategica.com.co\/blog\/francia-unida-esta-en-marcha-mitterrand\/","url_meta":{"origin":4345,"position":3},"title":"Francia Unida esta en Marcha &#8211; Mitterrand","author":"estrategica.com","date":"abril 21, 2011","format":false,"excerpt":"En las elecciones presidenciales de 1988 el afiche \u201cGeneration Mitterrand\u201d hizo parte de una campa\u00f1a de expectativa que antecedi\u00f3 el anuncio de Mitterrand de lanzarse de nuevo a la presidencia de Francia. A diferencia de sus antecesores, Mitterrand manej\u00f3 el anunci\u00f3 en forma ambigua con mensajes que hac\u00edan suponer su\u2026","rel":"","context":"En \u00ab1988\u00bb","block_context":{"text":"1988","link":"https:\/\/estrategica.com.co\/blog\/category\/ano\/1988\/"},"img":{"alt_text":"","src":"https:\/\/i0.wp.com\/estrategica.com.co\/blog\/wp-content\/uploads\/2011\/04\/affichemitterrand1988.jpg?fit=555%2C400&ssl=1&resize=350%2C200","width":350,"height":200},"classes":[]},{"id":27024,"url":"https:\/\/estrategica.com.co\/blog\/generacion-mitterrand-2\/","url_meta":{"origin":4345,"position":4},"title":"Generaci\u00f3n Mitterrand","author":"estrategica.com","date":"abril 21, 2011","format":false,"excerpt":"En las elecciones presidenciales de 1988 el afiche \u201cGeneration Mitterrand\u201d hizo parte de una campa\u00f1a de expectativa que antecedi\u00f3 el anuncio de Mitterrand de lanzarse de nuevo a la presidencia de Francia. A diferencia de sus antecesores, Mitterrand manej\u00f3 el anunci\u00f3 en forma ambigua con mensajes que hac\u00edan suponer su\u2026","rel":"","context":"En \u00ab1988\u00bb","block_context":{"text":"1988","link":"https:\/\/estrategica.com.co\/blog\/category\/ano\/1988\/"},"img":{"alt_text":"","src":"https:\/\/i0.wp.com\/estrategica.com.co\/blog\/wp-content\/uploads\/2008\/12\/generation_mitterrand.jpg?fit=350%2C258&ssl=1&resize=350%2C200","width":350,"height":200},"classes":[]},{"id":171,"url":"https:\/\/estrategica.com.co\/blog\/juntos-todo-es-posible\/","url_meta":{"origin":4345,"position":5},"title":"JUNTOS TODO ES POSIBLE","author":"camilorojas","date":"enero 2, 2009","format":false,"excerpt":"Nicol\u00e1s Sarkozy, el candidato de la derecha, fue el candidato de la \u201cUni\u00f3n por un Movimiento Popular\u201d despu\u00e9s de dejar por el camino a Dominique de Villepin y a la ministra e defensa Mich\u00e8lle Aliot-Marie. En la campa\u00f1a Sarkozy centr\u00f3 su campa\u00f1a en un mensaje de uni\u00f3n con una gran\u2026","rel":"","context":"En \u00ab2007\u00bb","block_context":{"text":"2007","link":"https:\/\/estrategica.com.co\/blog\/category\/ano\/2007\/"},"img":{"alt_text":"","src":"https:\/\/i0.wp.com\/estrategica.com.co\/blog\/wp-content\/uploads\/2009\/01\/JUNTOS-TODO-ES-POSIBLE5.jpg?fit=452%2C600&ssl=1&resize=350%2C200","width":350,"height":200},"classes":[]}],"jetpack_sharing_enabled":true,"_links":{"self":[{"href":"https:\/\/estrategica.com.co\/blog\/wp-json\/wp\/v2\/posts\/4345","targetHints":{"allow":["GET"]}}],"collection":[{"href":"https:\/\/estrategica.com.co\/blog\/wp-json\/wp\/v2\/posts"}],"about":[{"href":"https:\/\/estrategica.com.co\/blog\/wp-json\/wp\/v2\/types\/post"}],"author":[{"embeddable":true,"href":"https:\/\/estrategica.com.co\/blog\/wp-json\/wp\/v2\/users\/4"}],"replies":[{"embeddable":true,"href":"https:\/\/estrategica.com.co\/blog\/wp-json\/wp\/v2\/comments?post=4345"}],"version-history":[{"count":4,"href":"https:\/\/estrategica.com.co\/blog\/wp-json\/wp\/v2\/posts\/4345\/revisions"}],"predecessor-version":[{"id":13455,"href":"https:\/\/estrategica.com.co\/blog\/wp-json\/wp\/v2\/posts\/4345\/revisions\/13455"}],"wp:featuredmedia":[{"embeddable":true,"href":"https:\/\/estrategica.com.co\/blog\/wp-json\/wp\/v2\/media\/4344"}],"wp:attachment":[{"href":"https:\/\/estrategica.com.co\/blog\/wp-json\/wp\/v2\/media?parent=4345"}],"wp:term":[{"taxonomy":"category","embeddable":true,"href":"https:\/\/estrategica.com.co\/blog\/wp-json\/wp\/v2\/categories?post=4345"},{"taxonomy":"post_tag","embeddable":true,"href":"https:\/\/estrategica.com.co\/blog\/wp-json\/wp\/v2\/tags?post=4345"}],"curies":[{"name":"wp","href":"https:\/\/api.w.org\/{rel}","templated":true}]}}