{"id":4578,"date":"2009-02-28T17:17:19","date_gmt":"2009-02-28T17:17:19","guid":{"rendered":"http:\/\/estrategica.com.co\/blog\/?p=4578"},"modified":"2014-03-06T16:03:59","modified_gmt":"2014-03-06T21:03:59","slug":"ribeira","status":"publish","type":"post","link":"https:\/\/estrategica.com.co\/blog\/ribeira\/","title":{"rendered":"Ribeira"},"content":{"rendered":"<p><img loading=\"lazy\" decoding=\"async\" data-attachment-id=\"4619\" data-permalink=\"https:\/\/estrategica.com.co\/blog\/ribeira\/3298222412_f951b06f90\/\" data-orig-file=\"https:\/\/i0.wp.com\/estrategica.com.co\/blog\/wp-content\/uploads\/2009\/02\/3298222412_f951b06f90.jpg?fit=500%2C330&amp;ssl=1\" data-orig-size=\"500,330\" data-comments-opened=\"1\" data-image-meta=\"{&quot;aperture&quot;:&quot;0&quot;,&quot;credit&quot;:&quot;&quot;,&quot;camera&quot;:&quot;&quot;,&quot;caption&quot;:&quot;&quot;,&quot;created_timestamp&quot;:&quot;0&quot;,&quot;copyright&quot;:&quot;&quot;,&quot;focal_length&quot;:&quot;0&quot;,&quot;iso&quot;:&quot;0&quot;,&quot;shutter_speed&quot;:&quot;0&quot;,&quot;title&quot;:&quot;&quot;}\" data-image-title=\"3298222412_f951b06f90\" data-image-description=\"\" data-image-caption=\"\" data-medium-file=\"https:\/\/i0.wp.com\/estrategica.com.co\/blog\/wp-content\/uploads\/2009\/02\/3298222412_f951b06f90.jpg?fit=300%2C198&amp;ssl=1\" data-large-file=\"https:\/\/i0.wp.com\/estrategica.com.co\/blog\/wp-content\/uploads\/2009\/02\/3298222412_f951b06f90.jpg?fit=500%2C330&amp;ssl=1\" class=\"alignnone size-full wp-image-4619\" title=\"3298222412_f951b06f90\" alt=\"3298222412_f951b06f90\" src=\"https:\/\/i0.wp.com\/estrategica.com.co\/blog\/wp-content\/uploads\/2009\/02\/3298222412_f951b06f90.jpg?resize=500%2C330\" width=\"500\" height=\"330\" srcset=\"https:\/\/i0.wp.com\/estrategica.com.co\/blog\/wp-content\/uploads\/2009\/02\/3298222412_f951b06f90.jpg?w=500&amp;ssl=1 500w, https:\/\/i0.wp.com\/estrategica.com.co\/blog\/wp-content\/uploads\/2009\/02\/3298222412_f951b06f90.jpg?resize=300%2C198&amp;ssl=1 300w\" sizes=\"(max-width: 500px) 100vw, 500px\" data-recalc-dims=\"1\" \/><\/p>\n<p class=\"MsoNormal\" style=\"margin: 0cm 0cm 0pt; text-align: justify;\"><span style=\"font-size: small; font-family: Times New Roman;\">Presentaci\u00f3n de Alberto N\u00fa\u00f1ez Feijoo, candidato a la Presidencia Auton\u00f3mica de Galicia, en Ribeira el 21 de febrero de 2009. Es importante observar el escenario elegido que se convierte en un mensaje de campa\u00f1a.<\/span><\/p>\n","protected":false},"excerpt":{"rendered":"<p>Presentaci\u00f3n de Alberto N\u00fa\u00f1ez Feijoo, candidato a la Presidencia Auton\u00f3mica de Galicia, en Ribeira el 21 de febrero de 2009. Es importante observar el escenario elegido que se convierte en un mensaje de campa\u00f1a.<\/p>\n","protected":false},"author":4,"featured_media":4619,"comment_status":"open","ping_status":"open","sticky":false,"template":"","format":"standard","meta":{"_et_pb_use_builder":"","_et_pb_old_content":"","_et_gb_content_width":"","advanced_seo_description":"","jetpack_seo_html_title":"","jetpack_seo_noindex":false,"footnotes":""},"categories":[59,70,23,7,10,11],"tags":[280,274,100,99],"class_list":["post-4578","post","type-post","status-publish","format-standard","has-post-thumbnail","hentry","category-campana-uninominal","category-de-campana","category-espana","category-fotos","category-geo","category-temas","tag-alberto-nunez-feijoo","tag-elecciones-2009","tag-partido-popular","tag-pp"],"jetpack_featured_media_url":"https:\/\/i0.wp.com\/estrategica.com.co\/blog\/wp-content\/uploads\/2009\/02\/3298222412_f951b06f90.jpg?fit=500%2C330&ssl=1","jetpack_shortlink":"https:\/\/wp.me\/s4wgsh-ribeira","jetpack-related-posts":[{"id":4572,"url":"https:\/\/estrategica.com.co\/blog\/feijoo-en-vigo\/","url_meta":{"origin":4578,"position":0},"title":"Feijoo en Vigo","author":"estrategica.com","date":"febrero 28, 2009","format":false,"excerpt":"Fotograf\u00eda de un mitin de campa\u00f1a en Vigo en apoyo a la candidatura de Alberto N\u00fa\u00f1ez Feijoo para la Presidencia Auton\u00f3mica de Galicia, el 27 de febrero de 2009.","rel":"","context":"En \u00abCampa\u00f1a Uninominal\u00bb","block_context":{"text":"Campa\u00f1a Uninominal","link":"https:\/\/estrategica.com.co\/blog\/category\/temas\/campana-uninominal\/"},"img":{"alt_text":"","src":"https:\/\/i0.wp.com\/estrategica.com.co\/blog\/wp-content\/uploads\/2009\/02\/3313073845_6a4b6d563e.jpg?fit=500%2C333&ssl=1&resize=350%2C200","width":350,"height":200},"classes":[]},{"id":4582,"url":"https:\/\/estrategica.com.co\/blog\/mitin-en-pontevedra-2\/","url_meta":{"origin":4578,"position":1},"title":"Mitin en Pontevedra","author":"estrategica.com","date":"febrero 28, 2009","format":false,"excerpt":"Acto de campa\u00f1a de Alberto N\u00fa\u00f1ez Feijoo, candidato a la Presidencia Auton\u00f3mica de Galicia, en Pontevedra el 15 de febrero de 2009.","rel":"","context":"En \u00abCampa\u00f1a Uninominal\u00bb","block_context":{"text":"Campa\u00f1a Uninominal","link":"https:\/\/estrategica.com.co\/blog\/category\/temas\/campana-uninominal\/"},"img":{"alt_text":"","src":"https:\/\/i0.wp.com\/estrategica.com.co\/blog\/wp-content\/uploads\/2009\/02\/3281923624_7cf5e2e286.jpg?fit=500%2C333&ssl=1&resize=350%2C200","width":350,"height":200},"classes":[]},{"id":7013,"url":"https:\/\/estrategica.com.co\/blog\/las-oportunidades-en-galicia-nunez-feijoo\/","url_meta":{"origin":4578,"position":2},"title":"Las Oportunidades en Galicia &#8211; Nu\u00f1ez Feijoo","author":"Juliana","date":"marzo 19, 2009","format":false,"excerpt":"[hana-flv-player video=\"\/blog\/wp-content\/uploads\/2009\/01\/videos_varios_f\/As_oportunidades_en_Galicia.flv\" width=\"550\" height=\"\" description=\"Las Oportunidades en Galicia - Nu\u00f1ez Feijoo\" clickurl=\"\" clicktarget=\"\" player=\"4\" autoplay=\"false\" loop=\"false\" autorewind=\"true\" splashimage=\"\" skin=\"\" \/] [icon color=\"Accent-Color\" size=\"regular\" image=\"steadysets-icon-chat\"] Contexto Spot de campa\u00f1a de las elecciones auton\u00f3micas de Galicia. El candidato, Alberto N\u00fa\u00f1ez Feijoo, gan\u00f3 las elecciones por mayor\u00eda absoluta (38 esca\u00f1os) y gobernar\u00e1 la\u2026","rel":"","context":"En \u00abCampa\u00f1a Uninominal\u00bb","block_context":{"text":"Campa\u00f1a Uninominal","link":"https:\/\/estrategica.com.co\/blog\/category\/temas\/campana-uninominal\/"},"img":{"alt_text":"","src":"","width":0,"height":0},"classes":[]},{"id":4576,"url":"https:\/\/estrategica.com.co\/blog\/acto-en-tui\/","url_meta":{"origin":4578,"position":3},"title":"Acto en Tui.","author":"estrategica.com","date":"febrero 28, 2009","format":false,"excerpt":"Presentaci\u00f3n de Alberto N\u00fa\u00f1ez Feijoo, candidato a la Presidencia Auton\u00f3mica de Galicia, el 24 de febrero de 2009, en Tui.","rel":"","context":"En \u00abCampa\u00f1a Uninominal\u00bb","block_context":{"text":"Campa\u00f1a Uninominal","link":"https:\/\/estrategica.com.co\/blog\/category\/temas\/campana-uninominal\/"},"img":{"alt_text":"","src":"https:\/\/i0.wp.com\/estrategica.com.co\/blog\/wp-content\/uploads\/2009\/02\/3306349801_dec28c23ce.jpg?fit=500%2C333&ssl=1&resize=350%2C200","width":350,"height":200},"classes":[]},{"id":37056,"url":"https:\/\/estrategica.com.co\/blog\/albertonunezfeijooenfotos\/","url_meta":{"origin":4578,"position":4},"title":"Alberto N\u00fa\u00f1ez Feij\u00f3o en Fotos","author":"Juliana","date":"abril 3, 2013","format":false,"excerpt":"[hana-flv-player video=\"\/blog\/wp-content\/uploads\/2009\/01\/20121220\/AlbertoNunezFeijooenfotos.flv\" width=\"550\" height=\"\" description=\"Alberto N\u00fa\u00f1ez Feij\u00f3o en Fotos\" clickurl=\"\" clicktarget=\"\" player=\"4\" autoplay=\"false\" loop=\"false\" autorewind=\"false\" splashimage=\"\" skin=\"\" \/] [icon color=\"Accent-Color\" size=\"regular\" image=\"steadysets-icon-chat\"] Contexto Spot de la Campa\u00f1a de Alberto N\u00fa\u00f1ez Feij\u00f3o a la Presidencia de la Junta de Galicia, durante la contienda electoral de 2012, a nombre del Partido Popular.\u2026","rel":"","context":"En \u00ab2012\u00bb","block_context":{"text":"2012","link":"https:\/\/estrategica.com.co\/blog\/category\/ano\/2012\/"},"img":{"alt_text":"","src":"https:\/\/i0.wp.com\/estrategica.com.co\/blog\/wp-content\/uploads\/2013\/01\/AlbertoNunezFeijooenfotos_thumb.png?fit=1111%2C644&ssl=1&resize=350%2C200","width":350,"height":200},"classes":[]},{"id":4580,"url":"https:\/\/estrategica.com.co\/blog\/mitin-en-pontevedra\/","url_meta":{"origin":4578,"position":5},"title":"Mitin en Pontevedra","author":"estrategica.com","date":"febrero 28, 2009","format":false,"excerpt":"Acto de campa\u00f1a de Alberto N\u00fa\u00f1ez Feijoo, candidato a la Presidencia Auton\u00f3mica de Galicia, en Pontevedra el 15 de febrero de 2009. El salto del candidato para saludar a sus adeptos genero una imagen llamativo y con capacidad de generar recordaci\u00f3n.","rel":"","context":"En \u00abCampa\u00f1a Uninominal\u00bb","block_context":{"text":"Campa\u00f1a Uninominal","link":"https:\/\/estrategica.com.co\/blog\/category\/temas\/campana-uninominal\/"},"img":{"alt_text":"","src":"https:\/\/i0.wp.com\/estrategica.com.co\/blog\/wp-content\/uploads\/2009\/02\/3281104127_21d897585b.jpg?fit=333%2C500&ssl=1&resize=350%2C200","width":350,"height":200},"classes":[]}],"jetpack_sharing_enabled":true,"_links":{"self":[{"href":"https:\/\/estrategica.com.co\/blog\/wp-json\/wp\/v2\/posts\/4578","targetHints":{"allow":["GET"]}}],"collection":[{"href":"https:\/\/estrategica.com.co\/blog\/wp-json\/wp\/v2\/posts"}],"about":[{"href":"https:\/\/estrategica.com.co\/blog\/wp-json\/wp\/v2\/types\/post"}],"author":[{"embeddable":true,"href":"https:\/\/estrategica.com.co\/blog\/wp-json\/wp\/v2\/users\/4"}],"replies":[{"embeddable":true,"href":"https:\/\/estrategica.com.co\/blog\/wp-json\/wp\/v2\/comments?post=4578"}],"version-history":[{"count":5,"href":"https:\/\/estrategica.com.co\/blog\/wp-json\/wp\/v2\/posts\/4578\/revisions"}],"predecessor-version":[{"id":40639,"href":"https:\/\/estrategica.com.co\/blog\/wp-json\/wp\/v2\/posts\/4578\/revisions\/40639"}],"wp:featuredmedia":[{"embeddable":true,"href":"https:\/\/estrategica.com.co\/blog\/wp-json\/wp\/v2\/media\/4619"}],"wp:attachment":[{"href":"https:\/\/estrategica.com.co\/blog\/wp-json\/wp\/v2\/media?parent=4578"}],"wp:term":[{"taxonomy":"category","embeddable":true,"href":"https:\/\/estrategica.com.co\/blog\/wp-json\/wp\/v2\/categories?post=4578"},{"taxonomy":"post_tag","embeddable":true,"href":"https:\/\/estrategica.com.co\/blog\/wp-json\/wp\/v2\/tags?post=4578"}],"curies":[{"name":"wp","href":"https:\/\/api.w.org\/{rel}","templated":true}]}}