{"id":4580,"date":"2009-02-28T17:23:36","date_gmt":"2009-02-28T17:23:36","guid":{"rendered":"http:\/\/estrategica.com.co\/blog\/?p=4580"},"modified":"2009-03-22T23:36:46","modified_gmt":"2009-03-22T23:36:46","slug":"mitin-en-pontevedra","status":"publish","type":"post","link":"https:\/\/estrategica.com.co\/blog\/mitin-en-pontevedra\/","title":{"rendered":"Mitin en Pontevedra"},"content":{"rendered":"<p><img loading=\"lazy\" decoding=\"async\" data-attachment-id=\"4621\" data-permalink=\"https:\/\/estrategica.com.co\/blog\/mitin-en-pontevedra\/3281104127_21d897585b\/\" data-orig-file=\"https:\/\/i0.wp.com\/estrategica.com.co\/blog\/wp-content\/uploads\/2009\/02\/3281104127_21d897585b.jpg?fit=333%2C500&amp;ssl=1\" data-orig-size=\"333,500\" data-comments-opened=\"1\" data-image-meta=\"{&quot;aperture&quot;:&quot;0&quot;,&quot;credit&quot;:&quot;Pepe Ferrin&quot;,&quot;camera&quot;:&quot;&quot;,&quot;caption&quot;:&quot;Feijoo y Rajoy en el mitin de PPdeg en Pontevedra&quot;,&quot;created_timestamp&quot;:&quot;0&quot;,&quot;copyright&quot;:&quot;&quot;,&quot;focal_length&quot;:&quot;0&quot;,&quot;iso&quot;:&quot;0&quot;,&quot;shutter_speed&quot;:&quot;0&quot;,&quot;title&quot;:&quot;&quot;}\" data-image-title=\"3281104127_21d897585b\" data-image-description=\"&lt;p&gt;Feijoo y Rajoy en el mitin de PPdeg en Pontevedra&lt;\/p&gt;\n\" data-image-caption=\"\" data-medium-file=\"https:\/\/i0.wp.com\/estrategica.com.co\/blog\/wp-content\/uploads\/2009\/02\/3281104127_21d897585b.jpg?fit=199%2C300&amp;ssl=1\" data-large-file=\"https:\/\/i0.wp.com\/estrategica.com.co\/blog\/wp-content\/uploads\/2009\/02\/3281104127_21d897585b.jpg?fit=333%2C500&amp;ssl=1\" class=\"alignnone size-full wp-image-4621\" title=\"3281104127_21d897585b\" src=\"https:\/\/i0.wp.com\/estrategica.com.co\/blog\/wp-content\/uploads\/2009\/02\/3281104127_21d897585b.jpg?resize=333%2C500\" alt=\"3281104127_21d897585b\" width=\"333\" height=\"500\" srcset=\"https:\/\/i0.wp.com\/estrategica.com.co\/blog\/wp-content\/uploads\/2009\/02\/3281104127_21d897585b.jpg?w=333&amp;ssl=1 333w, https:\/\/i0.wp.com\/estrategica.com.co\/blog\/wp-content\/uploads\/2009\/02\/3281104127_21d897585b.jpg?resize=199%2C300&amp;ssl=1 199w\" sizes=\"(max-width: 333px) 100vw, 333px\" data-recalc-dims=\"1\" \/><\/p>\n<p class=\"MsoNormal\" style=\"margin: 0cm 0cm 0pt; text-align: justify;\"><span style=\"font-size: small; font-family: Times New Roman;\">Acto de campa\u00f1a de Alberto N\u00fa\u00f1ez Feijoo, candidato a la Presidencia Auton\u00f3mica de Galicia, en Pontevedra el 15 de febrero de 2009. El salto del candidato para saludar a sus adeptos genero una imagen llamativo y con capacidad de generar recordaci\u00f3n.<\/span><\/p>\n","protected":false},"excerpt":{"rendered":"<p>Acto de campa\u00f1a de Alberto N\u00fa\u00f1ez Feijoo, candidato a la Presidencia Auton\u00f3mica de Galicia, en Pontevedra el 15 de febrero de 2009. El salto del candidato para saludar a sus adeptos genero una imagen llamativo y con capacidad de generar recordaci\u00f3n.<\/p>\n","protected":false},"author":4,"featured_media":4621,"comment_status":"open","ping_status":"open","sticky":false,"template":"","format":"standard","meta":{"_et_pb_use_builder":"","_et_pb_old_content":"","_et_gb_content_width":"","advanced_seo_description":"","jetpack_seo_html_title":"","jetpack_seo_noindex":false,"footnotes":""},"categories":[59,70,23,7,10,11],"tags":[280,274,100,99],"class_list":["post-4580","post","type-post","status-publish","format-standard","has-post-thumbnail","hentry","category-campana-uninominal","category-de-campana","category-espana","category-fotos","category-geo","category-temas","tag-alberto-nunez-feijoo","tag-elecciones-2009","tag-partido-popular","tag-pp"],"jetpack_featured_media_url":"https:\/\/i0.wp.com\/estrategica.com.co\/blog\/wp-content\/uploads\/2009\/02\/3281104127_21d897585b.jpg?fit=333%2C500&ssl=1","jetpack_shortlink":"https:\/\/wp.me\/p4wgsh-1bS","jetpack-related-posts":[{"id":4582,"url":"https:\/\/estrategica.com.co\/blog\/mitin-en-pontevedra-2\/","url_meta":{"origin":4580,"position":0},"title":"Mitin en Pontevedra","author":"estrategica.com","date":"febrero 28, 2009","format":false,"excerpt":"Acto de campa\u00f1a de Alberto N\u00fa\u00f1ez Feijoo, candidato a la Presidencia Auton\u00f3mica de Galicia, en Pontevedra el 15 de febrero de 2009.","rel":"","context":"En \u00abCampa\u00f1a Uninominal\u00bb","block_context":{"text":"Campa\u00f1a Uninominal","link":"https:\/\/estrategica.com.co\/blog\/category\/temas\/campana-uninominal\/"},"img":{"alt_text":"","src":"https:\/\/i0.wp.com\/estrategica.com.co\/blog\/wp-content\/uploads\/2009\/02\/3281923624_7cf5e2e286.jpg?fit=500%2C333&ssl=1&resize=350%2C200","width":350,"height":200},"classes":[]},{"id":4576,"url":"https:\/\/estrategica.com.co\/blog\/acto-en-tui\/","url_meta":{"origin":4580,"position":1},"title":"Acto en Tui.","author":"estrategica.com","date":"febrero 28, 2009","format":false,"excerpt":"Presentaci\u00f3n de Alberto N\u00fa\u00f1ez Feijoo, candidato a la Presidencia Auton\u00f3mica de Galicia, el 24 de febrero de 2009, en Tui.","rel":"","context":"En \u00abCampa\u00f1a Uninominal\u00bb","block_context":{"text":"Campa\u00f1a Uninominal","link":"https:\/\/estrategica.com.co\/blog\/category\/temas\/campana-uninominal\/"},"img":{"alt_text":"","src":"https:\/\/i0.wp.com\/estrategica.com.co\/blog\/wp-content\/uploads\/2009\/02\/3306349801_dec28c23ce.jpg?fit=500%2C333&ssl=1&resize=350%2C200","width":350,"height":200},"classes":[]},{"id":4578,"url":"https:\/\/estrategica.com.co\/blog\/ribeira\/","url_meta":{"origin":4580,"position":2},"title":"Ribeira","author":"estrategica.com","date":"febrero 28, 2009","format":false,"excerpt":"Presentaci\u00f3n de Alberto N\u00fa\u00f1ez Feijoo, candidato a la Presidencia Auton\u00f3mica de Galicia, en Ribeira el 21 de febrero de 2009. Es importante observar el escenario elegido que se convierte en un mensaje de campa\u00f1a.","rel":"","context":"En \u00abCampa\u00f1a Uninominal\u00bb","block_context":{"text":"Campa\u00f1a Uninominal","link":"https:\/\/estrategica.com.co\/blog\/category\/temas\/campana-uninominal\/"},"img":{"alt_text":"","src":"https:\/\/i0.wp.com\/estrategica.com.co\/blog\/wp-content\/uploads\/2009\/02\/3298222412_f951b06f90.jpg?fit=500%2C330&ssl=1&resize=350%2C200","width":350,"height":200},"classes":[]},{"id":7013,"url":"https:\/\/estrategica.com.co\/blog\/las-oportunidades-en-galicia-nunez-feijoo\/","url_meta":{"origin":4580,"position":3},"title":"Las Oportunidades en Galicia &#8211; Nu\u00f1ez Feijoo","author":"Juliana","date":"marzo 19, 2009","format":false,"excerpt":"[hana-flv-player video=\"\/blog\/wp-content\/uploads\/2009\/01\/videos_varios_f\/As_oportunidades_en_Galicia.flv\" width=\"550\" height=\"\" description=\"Las Oportunidades en Galicia - Nu\u00f1ez Feijoo\" clickurl=\"\" clicktarget=\"\" player=\"4\" autoplay=\"false\" loop=\"false\" autorewind=\"true\" splashimage=\"\" skin=\"\" \/] [icon color=\"Accent-Color\" size=\"regular\" image=\"steadysets-icon-chat\"] Contexto Spot de campa\u00f1a de las elecciones auton\u00f3micas de Galicia. El candidato, Alberto N\u00fa\u00f1ez Feijoo, gan\u00f3 las elecciones por mayor\u00eda absoluta (38 esca\u00f1os) y gobernar\u00e1 la\u2026","rel":"","context":"En \u00abCampa\u00f1a Uninominal\u00bb","block_context":{"text":"Campa\u00f1a Uninominal","link":"https:\/\/estrategica.com.co\/blog\/category\/temas\/campana-uninominal\/"},"img":{"alt_text":"","src":"","width":0,"height":0},"classes":[]},{"id":4574,"url":"https:\/\/estrategica.com.co\/blog\/propuesta-de-deportes\/","url_meta":{"origin":4580,"position":4},"title":"Propuesta de Deportes","author":"estrategica.com","date":"febrero 28, 2009","format":false,"excerpt":"Presentaci\u00f3n de Alberto N\u00fa\u00f1ez Feijoo, candidato a la Presidencia Auton\u00f3mica de Galicia, el 25 de febrero de 2009, de su programa de apoyo a los deportes. Es interesante resaltar el escenario estrat\u00e9gicamente elegido de un contexto deportivo que se convierte en un mensaje en si mismo.","rel":"","context":"En \u00abCampa\u00f1a Uninominal\u00bb","block_context":{"text":"Campa\u00f1a Uninominal","link":"https:\/\/estrategica.com.co\/blog\/category\/temas\/campana-uninominal\/"},"img":{"alt_text":"","src":"https:\/\/i0.wp.com\/estrategica.com.co\/blog\/wp-content\/uploads\/2009\/02\/3309720050_2de0542b19.jpg?fit=500%2C333&ssl=1&resize=350%2C200","width":350,"height":200},"classes":[]},{"id":4572,"url":"https:\/\/estrategica.com.co\/blog\/feijoo-en-vigo\/","url_meta":{"origin":4580,"position":5},"title":"Feijoo en Vigo","author":"estrategica.com","date":"febrero 28, 2009","format":false,"excerpt":"Fotograf\u00eda de un mitin de campa\u00f1a en Vigo en apoyo a la candidatura de Alberto N\u00fa\u00f1ez Feijoo para la Presidencia Auton\u00f3mica de Galicia, el 27 de febrero de 2009.","rel":"","context":"En \u00abCampa\u00f1a Uninominal\u00bb","block_context":{"text":"Campa\u00f1a Uninominal","link":"https:\/\/estrategica.com.co\/blog\/category\/temas\/campana-uninominal\/"},"img":{"alt_text":"","src":"https:\/\/i0.wp.com\/estrategica.com.co\/blog\/wp-content\/uploads\/2009\/02\/3313073845_6a4b6d563e.jpg?fit=500%2C333&ssl=1&resize=350%2C200","width":350,"height":200},"classes":[]}],"jetpack_sharing_enabled":true,"_links":{"self":[{"href":"https:\/\/estrategica.com.co\/blog\/wp-json\/wp\/v2\/posts\/4580","targetHints":{"allow":["GET"]}}],"collection":[{"href":"https:\/\/estrategica.com.co\/blog\/wp-json\/wp\/v2\/posts"}],"about":[{"href":"https:\/\/estrategica.com.co\/blog\/wp-json\/wp\/v2\/types\/post"}],"author":[{"embeddable":true,"href":"https:\/\/estrategica.com.co\/blog\/wp-json\/wp\/v2\/users\/4"}],"replies":[{"embeddable":true,"href":"https:\/\/estrategica.com.co\/blog\/wp-json\/wp\/v2\/comments?post=4580"}],"version-history":[{"count":4,"href":"https:\/\/estrategica.com.co\/blog\/wp-json\/wp\/v2\/posts\/4580\/revisions"}],"predecessor-version":[{"id":40638,"href":"https:\/\/estrategica.com.co\/blog\/wp-json\/wp\/v2\/posts\/4580\/revisions\/40638"}],"wp:featuredmedia":[{"embeddable":true,"href":"https:\/\/estrategica.com.co\/blog\/wp-json\/wp\/v2\/media\/4621"}],"wp:attachment":[{"href":"https:\/\/estrategica.com.co\/blog\/wp-json\/wp\/v2\/media?parent=4580"}],"wp:term":[{"taxonomy":"category","embeddable":true,"href":"https:\/\/estrategica.com.co\/blog\/wp-json\/wp\/v2\/categories?post=4580"},{"taxonomy":"post_tag","embeddable":true,"href":"https:\/\/estrategica.com.co\/blog\/wp-json\/wp\/v2\/tags?post=4580"}],"curies":[{"name":"wp","href":"https:\/\/api.w.org\/{rel}","templated":true}]}}