{"id":5191,"date":"2009-03-07T07:03:05","date_gmt":"2009-03-07T07:03:05","guid":{"rendered":"http:\/\/estrategica.com.co\/blog\/?p=5191"},"modified":"2009-03-30T23:47:24","modified_gmt":"2009-03-30T23:47:24","slug":"comunicacion-visibilidad-y-persuasion-politica","status":"publish","type":"post","link":"https:\/\/estrategica.com.co\/blog\/comunicacion-visibilidad-y-persuasion-politica\/","title":{"rendered":"COMUNICACI\u00d3N, VISIBILIDAD Y PERSUASI\u00d3N POL\u00cdTICA"},"content":{"rendered":"<p><a href=\"http:\/\/estrategica.com.co\/blog\/wp-content\/uploads\/2009\/03\/icono-visibilidad-y-persuasion-politica-7.jpg\"><\/a><a href=\"https:\/\/i0.wp.com\/estrategica.com.co\/blog\/wp-content\/uploads\/2009\/03\/icono-visibilidad-y-persuasion-politica-v2.jpg\"><img loading=\"lazy\" decoding=\"async\" data-attachment-id=\"8443\" data-permalink=\"https:\/\/estrategica.com.co\/blog\/comunicacion-visibilidad-y-persuasion-politica\/icono-visibilidad-y-persuasion-politica-v2\/\" data-orig-file=\"https:\/\/i0.wp.com\/estrategica.com.co\/blog\/wp-content\/uploads\/2009\/03\/icono-visibilidad-y-persuasion-politica-v2.jpg?fit=1200%2C1200&amp;ssl=1\" data-orig-size=\"1200,1200\" data-comments-opened=\"1\" data-image-meta=\"{&quot;aperture&quot;:&quot;0&quot;,&quot;credit&quot;:&quot;&quot;,&quot;camera&quot;:&quot;&quot;,&quot;caption&quot;:&quot;&quot;,&quot;created_timestamp&quot;:&quot;0&quot;,&quot;copyright&quot;:&quot;&quot;,&quot;focal_length&quot;:&quot;0&quot;,&quot;iso&quot;:&quot;0&quot;,&quot;shutter_speed&quot;:&quot;0&quot;,&quot;title&quot;:&quot;&quot;}\" data-image-title=\"icono-visibilidad-y-persuasion-politica-v2\" data-image-description=\"\" data-image-caption=\"\" data-medium-file=\"https:\/\/i0.wp.com\/estrategica.com.co\/blog\/wp-content\/uploads\/2009\/03\/icono-visibilidad-y-persuasion-politica-v2.jpg?fit=300%2C300&amp;ssl=1\" data-large-file=\"https:\/\/i0.wp.com\/estrategica.com.co\/blog\/wp-content\/uploads\/2009\/03\/icono-visibilidad-y-persuasion-politica-v2.jpg?fit=1024%2C1024&amp;ssl=1\" class=\"alignnone size-full wp-image-8443\" title=\"icono-visibilidad-y-persuasion-politica-v2\" src=\"https:\/\/i0.wp.com\/estrategica.com.co\/blog\/wp-content\/uploads\/2009\/03\/icono-visibilidad-y-persuasion-politica-v2.jpg?resize=1080%2C1080\" alt=\"icono-visibilidad-y-persuasion-politica-v2\" width=\"1080\" height=\"1080\" srcset=\"https:\/\/i0.wp.com\/estrategica.com.co\/blog\/wp-content\/uploads\/2009\/03\/icono-visibilidad-y-persuasion-politica-v2.jpg?w=1200&amp;ssl=1 1200w, https:\/\/i0.wp.com\/estrategica.com.co\/blog\/wp-content\/uploads\/2009\/03\/icono-visibilidad-y-persuasion-politica-v2.jpg?resize=150%2C150&amp;ssl=1 150w, https:\/\/i0.wp.com\/estrategica.com.co\/blog\/wp-content\/uploads\/2009\/03\/icono-visibilidad-y-persuasion-politica-v2.jpg?resize=300%2C300&amp;ssl=1 300w, https:\/\/i0.wp.com\/estrategica.com.co\/blog\/wp-content\/uploads\/2009\/03\/icono-visibilidad-y-persuasion-politica-v2.jpg?resize=1024%2C1024&amp;ssl=1 1024w\" sizes=\"(max-width: 1080px) 100vw, 1080px\" data-recalc-dims=\"1\" \/><\/a><\/p>\n<p>Estrat\u00e9gica.com asesora en el dise\u00f1o y desarrollo de estrategias que hacen visible la gesti\u00f3n y para persuadir a la comunidad ganando su apoyo y respaldo.<\/p>\n<p>Estrategica.com ha asesorado m\u00faltiples campa\u00f1as electorales y gobiernos en Colombia y en Latinoam\u00e9rica.<\/p>\n<p>Estrategica.com trabaja con consultores especializados en las \u00e1reas que requiera el cliente. La firma, en el desarrollo de sus asesor\u00edas, aplica un riguroso c\u00f3digo de \u00e9tica que privilegia los m\u00e1s altos valores de la democracia en la consecuci\u00f3n y conservaci\u00f3n del poder.<\/p>\n","protected":false},"excerpt":{"rendered":"<p>Estrat\u00e9gica.com asesora en el dise\u00f1o y desarrollo de estrategias que hacen visible la gesti\u00f3n y para persuadir a la comunidad ganando su apoyo y respaldo. Estrategica.com ha asesorado m\u00faltiples campa\u00f1as electorales y gobiernos en Colombia y en Latinoam\u00e9rica. Estrategica.com trabaja con consultores especializados en las \u00e1reas que requiera el cliente. La firma, en el desarrollo [&hellip;]<\/p>\n","protected":false},"author":1297,"featured_media":0,"comment_status":"open","ping_status":"open","sticky":false,"template":"","format":"standard","meta":{"_et_pb_use_builder":"","_et_pb_old_content":"","_et_gb_content_width":"","advanced_seo_description":"","jetpack_seo_html_title":"","jetpack_seo_noindex":false,"footnotes":""},"categories":[287,396],"tags":[],"class_list":["post-5191","post","type-post","status-publish","format-standard","hentry","category-portafolio","category-portafolio1"],"jetpack_featured_media_url":"","jetpack_shortlink":"https:\/\/wp.me\/p4wgsh-1lJ","jetpack-related-posts":[{"id":5200,"url":"https:\/\/estrategica.com.co\/blog\/gestion-eficiente-efectiva-y-transparente\/","url_meta":{"origin":5191,"position":0},"title":"GESTI\u00d3N EFICIENTE, EFECTIVA Y TRANSPARENTE","author":"servicios E-estrategica.com","date":"marzo 7, 2009","format":false,"excerpt":"E-Estrat\u00e9gica.com ha dise\u00f1ado un portafolio de servicios cuyo objetivo fundamental es la asesor\u00eda en el dise\u00f1o y desarrollo de estrategias orientadas a garantizar una gesti\u00f3n eficiente, efectiva y transparente. Estrategica.com ha asesorado m\u00faltiples entidades p\u00fablicas en materia de control interno, asuntos jur\u00eddicos y contrataci\u00f3n p\u00fablica. Ha prestado servicios de capacitaci\u00f3n\u2026","rel":"","context":"En \u00abPORTAFOLIO\u00bb","block_context":{"text":"PORTAFOLIO","link":"https:\/\/estrategica.com.co\/blog\/category\/portafolio\/"},"img":{"alt_text":"icono-categoria-gestion-eficiente-101","src":"https:\/\/i0.wp.com\/estrategica.com.co\/blog\/wp-content\/uploads\/2009\/03\/icono-categoria-gestion-eficiente-101.jpg?resize=350%2C200","width":350,"height":200},"classes":[]},{"id":5193,"url":"https:\/\/estrategica.com.co\/blog\/persuasion-electoral-%e2%80%93-campanas-politicas\/","url_meta":{"origin":5191,"position":1},"title":"PERSUASI\u00d3N ELECTORAL \u2013 CAMPA\u00d1AS POLITICAS","author":"servicios E-estrategica.com","date":"marzo 7, 2009","format":false,"excerpt":"E-ESTRATEGICA.COM ha desarrollado un producto integral para el dise\u00f1o y desarrollo de las campa\u00f1as electorales. La firma asesora en los siguientes \u00e1mbitos: Dise\u00f1o y realizaci\u00f3n de estudios de campo en el \u00e1mbito cualitativo y cuantitativo. An\u00e1lisis de prospectiva y coyuntura pol\u00edtica-electoral. Construcci\u00f3n de mensajes. Dise\u00f1o de piezas publicitarias. Desarrollo de\u2026","rel":"","context":"En \u00abPORTAFOLIO\u00bb","block_context":{"text":"PORTAFOLIO","link":"https:\/\/estrategica.com.co\/blog\/category\/portafolio\/"},"img":{"alt_text":"bandera","src":"https:\/\/i0.wp.com\/estrategica.com.co\/blog\/wp-content\/uploads\/2009\/03\/bandera.jpg?resize=350%2C200","width":350,"height":200},"classes":[]},{"id":5204,"url":"https:\/\/estrategica.com.co\/blog\/control-interno\/","url_meta":{"origin":5191,"position":2},"title":"CONTROL INTERNO","author":"servicios E-estrategica.com","date":"marzo 7, 2009","format":false,"excerpt":"E-ESTRATEGICA.COM asesora a las entidades en el dise\u00f1o e implementaci\u00f3n del Modelo Estandar de Control Interno \u2013 MECI. As\u00ed mismo ha dise\u00f1ado un servicio dirigido a verificar la manera como la entidad esta aplicando el MECI, en sus diferentes componentes.","rel":"","context":"En \u00abPORTAFOLIO\u00bb","block_context":{"text":"PORTAFOLIO","link":"https:\/\/estrategica.com.co\/blog\/category\/portafolio\/"},"img":{"alt_text":"icono-control-interno","src":"https:\/\/i0.wp.com\/estrategica.com.co\/blog\/wp-content\/uploads\/2009\/03\/icono-control-interno.jpg?resize=350%2C200","width":350,"height":200},"classes":[]},{"id":5202,"url":"https:\/\/estrategica.com.co\/blog\/capacitacion-para-la-gestion-con-resultados\/","url_meta":{"origin":5191,"position":3},"title":"CAPACITACI\u00d3N PARA LA GESTI\u00d3N CON RESULTADOS","author":"servicios E-estrategica.com","date":"marzo 7, 2009","format":false,"excerpt":"E-ESTRATEGICA.COM ha desarrollado cursos, talleres y seminarios en las siguientes \u00e1reas de la gesti\u00f3n p\u00fablica: control interno, control fiscal, contrataci\u00f3n p\u00fablica, visibilidad p\u00fablica, presupuesto, impuestos y finanzas p\u00fablicas, responsabilidad disciplinarias y fiscal.","rel":"","context":"En \u00abPORTAFOLIO\u00bb","block_context":{"text":"PORTAFOLIO","link":"https:\/\/estrategica.com.co\/blog\/category\/portafolio\/"},"img":{"alt_text":"icono-capacitacion-v3","src":"https:\/\/i0.wp.com\/estrategica.com.co\/blog\/wp-content\/uploads\/2009\/03\/icono-capacitacion-v3.jpg?resize=350%2C200","width":350,"height":200},"classes":[]},{"id":5206,"url":"https:\/\/estrategica.com.co\/blog\/contratacion-publica-transparente\/","url_meta":{"origin":5191,"position":4},"title":"CONTRATACI\u00d3N P\u00daBLICA TRANSPARENTE","author":"servicios E-estrategica.com","date":"marzo 7, 2009","format":false,"excerpt":"La contrataci\u00f3n que realiza una entidad debe estar sometida no solo a las disposiciones legales que regulan la materia, sino a procedimientos internos que garanticen la adecuada planeaci\u00f3n, la eficiencia y sobre todo la transparencia. E-ESTRATEGICA.COM ha dise\u00f1ado un servicio de asesor\u00eda que tiene como objetivo fortalecer el sistema de\u2026","rel":"","context":"En \u00abPORTAFOLIO\u00bb","block_context":{"text":"PORTAFOLIO","link":"https:\/\/estrategica.com.co\/blog\/category\/portafolio\/"},"img":{"alt_text":"contratacion-transparente-v81","src":"https:\/\/i0.wp.com\/estrategica.com.co\/blog\/wp-content\/uploads\/2009\/03\/contratacion-transparente-v81.jpg?resize=350%2C200","width":350,"height":200},"classes":[]},{"id":5195,"url":"https:\/\/estrategica.com.co\/blog\/comunicacion-y-visibilidad-de-gestion\/","url_meta":{"origin":5191,"position":5},"title":"COMUNICACI\u00d3N Y VISIBILIDAD DE GESTI\u00d3N","author":"servicios E-estrategica.com","date":"marzo 7, 2009","format":false,"excerpt":"Una gesti\u00f3n efectiva es aquella que cuenta con el respaldo permanente de su destinatario final: el ciudadano. ESTRATEGICA.COM ha dise\u00f1ado un servicio de asesor\u00eda para que la gesti\u00f3n sea visible a partir de una adecuada y efectiva estrategia de comunicaci\u00f3n.","rel":"","context":"En \u00abPORTAFOLIO\u00bb","block_context":{"text":"PORTAFOLIO","link":"https:\/\/estrategica.com.co\/blog\/category\/portafolio\/"},"img":{"alt_text":"icono-visibilidad-de-gestion-v2","src":"https:\/\/i0.wp.com\/estrategica.com.co\/blog\/wp-content\/uploads\/2009\/03\/icono-visibilidad-de-gestion-v2.jpg?resize=350%2C200","width":350,"height":200},"classes":[]}],"jetpack_sharing_enabled":true,"_links":{"self":[{"href":"https:\/\/estrategica.com.co\/blog\/wp-json\/wp\/v2\/posts\/5191","targetHints":{"allow":["GET"]}}],"collection":[{"href":"https:\/\/estrategica.com.co\/blog\/wp-json\/wp\/v2\/posts"}],"about":[{"href":"https:\/\/estrategica.com.co\/blog\/wp-json\/wp\/v2\/types\/post"}],"author":[{"embeddable":true,"href":"https:\/\/estrategica.com.co\/blog\/wp-json\/wp\/v2\/users\/1297"}],"replies":[{"embeddable":true,"href":"https:\/\/estrategica.com.co\/blog\/wp-json\/wp\/v2\/comments?post=5191"}],"version-history":[{"count":9,"href":"https:\/\/estrategica.com.co\/blog\/wp-json\/wp\/v2\/posts\/5191\/revisions"}],"predecessor-version":[{"id":9229,"href":"https:\/\/estrategica.com.co\/blog\/wp-json\/wp\/v2\/posts\/5191\/revisions\/9229"}],"wp:attachment":[{"href":"https:\/\/estrategica.com.co\/blog\/wp-json\/wp\/v2\/media?parent=5191"}],"wp:term":[{"taxonomy":"category","embeddable":true,"href":"https:\/\/estrategica.com.co\/blog\/wp-json\/wp\/v2\/categories?post=5191"},{"taxonomy":"post_tag","embeddable":true,"href":"https:\/\/estrategica.com.co\/blog\/wp-json\/wp\/v2\/tags?post=5191"}],"curies":[{"name":"wp","href":"https:\/\/api.w.org\/{rel}","templated":true}]}}