{"id":5193,"date":"2009-03-07T07:06:04","date_gmt":"2009-03-07T07:06:04","guid":{"rendered":"http:\/\/estrategica.com.co\/blog\/?p=5193"},"modified":"2009-04-03T05:28:58","modified_gmt":"2009-04-03T05:28:58","slug":"persuasion-electoral-%e2%80%93-campanas-politicas","status":"publish","type":"post","link":"https:\/\/estrategica.com.co\/blog\/persuasion-electoral-%e2%80%93-campanas-politicas\/","title":{"rendered":"PERSUASI\u00d3N ELECTORAL \u2013 CAMPA\u00d1AS POLITICAS"},"content":{"rendered":"<p><a href=\"https:\/\/i0.wp.com\/estrategica.com.co\/blog\/wp-content\/uploads\/2009\/03\/bandera.jpg\"><img loading=\"lazy\" decoding=\"async\" data-attachment-id=\"10306\" data-permalink=\"https:\/\/estrategica.com.co\/blog\/persuasion-electoral-%e2%80%93-campanas-politicas\/bandera\/\" data-orig-file=\"https:\/\/i0.wp.com\/estrategica.com.co\/blog\/wp-content\/uploads\/2009\/03\/bandera.jpg?fit=1200%2C1200&amp;ssl=1\" data-orig-size=\"1200,1200\" data-comments-opened=\"1\" data-image-meta=\"{&quot;aperture&quot;:&quot;0&quot;,&quot;credit&quot;:&quot;&quot;,&quot;camera&quot;:&quot;&quot;,&quot;caption&quot;:&quot;&quot;,&quot;created_timestamp&quot;:&quot;0&quot;,&quot;copyright&quot;:&quot;&quot;,&quot;focal_length&quot;:&quot;0&quot;,&quot;iso&quot;:&quot;0&quot;,&quot;shutter_speed&quot;:&quot;0&quot;,&quot;title&quot;:&quot;&quot;}\" data-image-title=\"bandera\" data-image-description=\"\" data-image-caption=\"\" data-medium-file=\"https:\/\/i0.wp.com\/estrategica.com.co\/blog\/wp-content\/uploads\/2009\/03\/bandera.jpg?fit=300%2C300&amp;ssl=1\" data-large-file=\"https:\/\/i0.wp.com\/estrategica.com.co\/blog\/wp-content\/uploads\/2009\/03\/bandera.jpg?fit=1024%2C1024&amp;ssl=1\" class=\"alignnone size-full wp-image-10306\" title=\"bandera\" src=\"https:\/\/i0.wp.com\/estrategica.com.co\/blog\/wp-content\/uploads\/2009\/03\/bandera.jpg?resize=1080%2C1080\" alt=\"bandera\" width=\"1080\" height=\"1080\" srcset=\"https:\/\/i0.wp.com\/estrategica.com.co\/blog\/wp-content\/uploads\/2009\/03\/bandera.jpg?w=1200&amp;ssl=1 1200w, https:\/\/i0.wp.com\/estrategica.com.co\/blog\/wp-content\/uploads\/2009\/03\/bandera.jpg?resize=150%2C150&amp;ssl=1 150w, https:\/\/i0.wp.com\/estrategica.com.co\/blog\/wp-content\/uploads\/2009\/03\/bandera.jpg?resize=300%2C300&amp;ssl=1 300w, https:\/\/i0.wp.com\/estrategica.com.co\/blog\/wp-content\/uploads\/2009\/03\/bandera.jpg?resize=1024%2C1024&amp;ssl=1 1024w\" sizes=\"(max-width: 1080px) 100vw, 1080px\" data-recalc-dims=\"1\" \/><\/a><\/p>\n<p>E-ESTRATEGICA.COM ha desarrollado un producto integral para el dise\u00f1o y desarrollo de las campa\u00f1as electorales. La firma asesora en los siguientes \u00e1mbitos: Dise\u00f1o y realizaci\u00f3n de estudios de campo en el \u00e1mbito cualitativo y cuantitativo. An\u00e1lisis de prospectiva y coyuntura pol\u00edtica-electoral. Construcci\u00f3n de mensajes. Dise\u00f1o de piezas publicitarias. Desarrollo de instrumentos de contacto directo. Exposici\u00f3n en medios de comunicaci\u00f3n. Capacitaci\u00f3n y entrenamiento. Estructuraci\u00f3n de presupuestos. Gerencia de campa\u00f1a.<\/p>\n","protected":false},"excerpt":{"rendered":"<p>E-ESTRATEGICA.COM ha desarrollado un producto integral para el dise\u00f1o y desarrollo de las campa\u00f1as electorales. La firma asesora en los siguientes \u00e1mbitos: Dise\u00f1o y realizaci\u00f3n de estudios de campo en el \u00e1mbito cualitativo y cuantitativo. An\u00e1lisis de prospectiva y coyuntura pol\u00edtica-electoral. Construcci\u00f3n de mensajes. Dise\u00f1o de piezas publicitarias. Desarrollo de instrumentos de contacto directo. Exposici\u00f3n [&hellip;]<\/p>\n","protected":false},"author":1297,"featured_media":0,"comment_status":"open","ping_status":"open","sticky":false,"template":"","format":"standard","meta":{"_et_pb_use_builder":"","_et_pb_old_content":"","_et_gb_content_width":"","advanced_seo_description":"","jetpack_seo_html_title":"","jetpack_seo_noindex":false,"footnotes":""},"categories":[287,398],"tags":[],"class_list":["post-5193","post","type-post","status-publish","format-standard","hentry","category-portafolio","category-servicios1"],"jetpack_featured_media_url":"","jetpack_shortlink":"https:\/\/wp.me\/p4wgsh-1lL","jetpack-related-posts":[{"id":5191,"url":"https:\/\/estrategica.com.co\/blog\/comunicacion-visibilidad-y-persuasion-politica\/","url_meta":{"origin":5193,"position":0},"title":"COMUNICACI\u00d3N, VISIBILIDAD Y PERSUASI\u00d3N POL\u00cdTICA","author":"servicios E-estrategica.com","date":"marzo 7, 2009","format":false,"excerpt":"Estrat\u00e9gica.com asesora en el dise\u00f1o y desarrollo de estrategias que hacen visible la gesti\u00f3n y para persuadir a la comunidad ganando su apoyo y respaldo. Estrategica.com ha asesorado m\u00faltiples campa\u00f1as electorales y gobiernos en Colombia y en Latinoam\u00e9rica. Estrategica.com trabaja con consultores especializados en las \u00e1reas que requiera el cliente.\u2026","rel":"","context":"En \u00abPORTAFOLIO\u00bb","block_context":{"text":"PORTAFOLIO","link":"https:\/\/estrategica.com.co\/blog\/category\/portafolio\/"},"img":{"alt_text":"icono-visibilidad-y-persuasion-politica-v2","src":"https:\/\/i0.wp.com\/estrategica.com.co\/blog\/wp-content\/uploads\/2009\/03\/icono-visibilidad-y-persuasion-politica-v2.jpg?resize=350%2C200","width":350,"height":200},"classes":[]},{"id":7826,"url":"https:\/\/estrategica.com.co\/blog\/diseno-del-logotipo-obama08-parte-1\/","url_meta":{"origin":5193,"position":1},"title":"Dise\u00f1o del Logotipo Obama08 &#8211; Parte 1","author":"Juliana","date":"marzo 23, 2009","format":false,"excerpt":"[hana-flv-player video=\"\/blog\/wp-content\/uploads\/2009\/01\/videos_varios_f\/Obama_08_Logo_Design_Part_1.flv\" width=\"550\" height=\"\" description=\"Dise\u00f1o del Logotipo Obama08 - Parte 1\" clickurl=\"\" clicktarget=\"\" player=\"4\" autoplay=\"false\" loop=\"false\" autorewind=\"true\" splashimage=\"\" skin=\"\" \/] [icon color=\"Accent-Color\" size=\"regular\" image=\"steadysets-icon-chat\"] Contexto Spot en donde Sol Sender el l\u00edder del equipo creativo, del cual hac\u00edan parte tambi\u00e9n Andy Keene y Amanda Gentry, que dise\u00f1\u00f3 el logotipo para\u2026","rel":"","context":"En \u00abCampa\u00f1a Presidencial\u00bb","block_context":{"text":"Campa\u00f1a Presidencial","link":"https:\/\/estrategica.com.co\/blog\/category\/temas\/campana-presidencial\/"},"img":{"alt_text":"","src":"https:\/\/i0.wp.com\/estrategica.com.co\/blog\/wp-content\/uploads\/2009\/03\/obama_08_logo_design_part_1_thumb.png?fit=284%2C201&ssl=1&resize=350%2C200","width":350,"height":200},"classes":[]},{"id":7831,"url":"https:\/\/estrategica.com.co\/blog\/diseno-del-logotipo-obama08-parte-2\/","url_meta":{"origin":5193,"position":2},"title":"Dise\u00f1o del Logotipo Obama08 &#8211; Parte 2","author":"Juliana","date":"marzo 23, 2009","format":false,"excerpt":"[hana-flv-player video=\"\/blog\/wp-content\/uploads\/2009\/01\/videos_varios_f\/Obama_08_Logo_Design_Part_2.flv\" width=\"550\" height=\"\" description=\"Dise\u00f1o del Logotipo Obama08 - Parte 2\" clickurl=\"\" clicktarget=\"\" player=\"4\" autoplay=\"false\" loop=\"false\" autorewind=\"true\" splashimage=\"\" skin=\"\" \/] [icon color=\"Accent-Color\" size=\"regular\" image=\"steadysets-icon-chat\"] Contexto Spot en donde Sol Sender el l\u00edder del equipo creativo, del cual hac\u00edan parte tambi\u00e9n Andy Keene y Amanda Gentry, que dise\u00f1\u00f3 el logotipo para\u2026","rel":"","context":"En \u00abCampa\u00f1a Presidencial\u00bb","block_context":{"text":"Campa\u00f1a Presidencial","link":"https:\/\/estrategica.com.co\/blog\/category\/temas\/campana-presidencial\/"},"img":{"alt_text":"","src":"https:\/\/i0.wp.com\/estrategica.com.co\/blog\/wp-content\/uploads\/2009\/03\/obama_08_logo_design_part_2_thumb.png?fit=347%2C201&ssl=1&resize=350%2C200","width":350,"height":200},"classes":[]},{"id":21577,"url":"https:\/\/estrategica.com.co\/blog\/trayectoria-arias\/","url_meta":{"origin":5193,"position":3},"title":"Trayector\u00eda &#8211; Arias","author":"Juliana","date":"junio 15, 2010","format":false,"excerpt":"[hana-flv-player video=\"\/blog\/wp-content\/uploads\/2009\/01\/20100609\/AndresFelipeAriasPresidente.flv\" width=\"550\" height=\"\" description=\"Trayector\u00eda - Arias\" clickurl=\"\" clicktarget=\"\" player=\"4\" autoplay=\"false\" loop=\"false\" autorewind=\"true\" splashimage=\"\" skin=\"\" \/] [icon color=\"Accent-Color\" size=\"regular\" image=\"steadysets-icon-chat\"] Contexto Spot de la Campa\u00f1a de Andr\u00e9s Felipe Arias por la candidatura del Partido Conservador a la Presidencia de Colombia, durante la contienda de 2010. La campa\u00f1a por la nominaci\u00f3n\u2026","rel":"","context":"En \u00abCampa\u00f1a Presidencial\u00bb","block_context":{"text":"Campa\u00f1a Presidencial","link":"https:\/\/estrategica.com.co\/blog\/category\/temas\/campana-presidencial\/"},"img":{"alt_text":"","src":"https:\/\/i0.wp.com\/estrategica.com.co\/blog\/wp-content\/uploads\/2010\/06\/AndresFelipeAriasPresidente_thumb.png?fit=680%2C487&ssl=1&resize=350%2C200","width":350,"height":200},"classes":[]},{"id":21580,"url":"https:\/\/estrategica.com.co\/blog\/gracias-presidente-arias-2\/","url_meta":{"origin":5193,"position":4},"title":"Gracias Presidente &#8211; Arias","author":"Juliana","date":"junio 15, 2010","format":false,"excerpt":"[hana-flv-player video=\"\/blog\/wp-content\/uploads\/2009\/01\/20100609\/AndrsFelipeAriasEldelPresidente.flv\" width=\"550\" height=\"\" description=\"Gracias Presidente - Arias\" clickurl=\"\" clicktarget=\"\" player=\"4\" autoplay=\"false\" loop=\"false\" autorewind=\"true\" splashimage=\"\" skin=\"\" \/] [icon color=\"Accent-Color\" size=\"regular\" image=\"steadysets-icon-chat\"] Contexto Spot de la Campa\u00f1a de Andr\u00e9s Felipe Arias por la candidatura del Partido Conservador a la Presidencia de Colombia, durante la contienda de 2010. La campa\u00f1a por la\u2026","rel":"","context":"En \u00abCampa\u00f1a Presidencial\u00bb","block_context":{"text":"Campa\u00f1a Presidencial","link":"https:\/\/estrategica.com.co\/blog\/category\/temas\/campana-presidencial\/"},"img":{"alt_text":"","src":"https:\/\/i0.wp.com\/estrategica.com.co\/blog\/wp-content\/uploads\/2010\/06\/AndrsFelipeAriasEldelPresidente_thumb.png?fit=468%2C414&ssl=1&resize=350%2C200","width":350,"height":200},"classes":[]},{"id":21583,"url":"https:\/\/estrategica.com.co\/blog\/gracias-presidente-arias\/","url_meta":{"origin":5193,"position":5},"title":"Gracias Presidente &#8211; Arias","author":"Juliana","date":"junio 15, 2010","format":false,"excerpt":"[hana-flv-player video=\"\/blog\/wp-content\/uploads\/2009\/01\/20100609\/AndrsFelipeAriasGraciasPresidente.flv\" width=\"550\" height=\"\" description=\"Gracias Presidente - Arias\" clickurl=\"\" clicktarget=\"\" player=\"4\" autoplay=\"false\" loop=\"false\" autorewind=\"true\" splashimage=\"\" skin=\"\" \/] [icon color=\"Accent-Color\" size=\"regular\" image=\"steadysets-icon-chat\"] Contexto Spot de la Campa\u00f1a de Andr\u00e9s Felipe Arias por la candidatura del Partido Conservador a la Presidencia de Colombia, durante la contienda de 2010. La campa\u00f1a por la\u2026","rel":"","context":"En \u00abCampa\u00f1a Presidencial\u00bb","block_context":{"text":"Campa\u00f1a Presidencial","link":"https:\/\/estrategica.com.co\/blog\/category\/temas\/campana-presidencial\/"},"img":{"alt_text":"","src":"https:\/\/i0.wp.com\/estrategica.com.co\/blog\/wp-content\/uploads\/2010\/06\/AndrsFelipeAriasGraciasPresidente_thumb.png?fit=771%2C430&ssl=1&resize=350%2C200","width":350,"height":200},"classes":[]}],"jetpack_sharing_enabled":true,"_links":{"self":[{"href":"https:\/\/estrategica.com.co\/blog\/wp-json\/wp\/v2\/posts\/5193","targetHints":{"allow":["GET"]}}],"collection":[{"href":"https:\/\/estrategica.com.co\/blog\/wp-json\/wp\/v2\/posts"}],"about":[{"href":"https:\/\/estrategica.com.co\/blog\/wp-json\/wp\/v2\/types\/post"}],"author":[{"embeddable":true,"href":"https:\/\/estrategica.com.co\/blog\/wp-json\/wp\/v2\/users\/1297"}],"replies":[{"embeddable":true,"href":"https:\/\/estrategica.com.co\/blog\/wp-json\/wp\/v2\/comments?post=5193"}],"version-history":[{"count":10,"href":"https:\/\/estrategica.com.co\/blog\/wp-json\/wp\/v2\/posts\/5193\/revisions"}],"predecessor-version":[{"id":10308,"href":"https:\/\/estrategica.com.co\/blog\/wp-json\/wp\/v2\/posts\/5193\/revisions\/10308"}],"wp:attachment":[{"href":"https:\/\/estrategica.com.co\/blog\/wp-json\/wp\/v2\/media?parent=5193"}],"wp:term":[{"taxonomy":"category","embeddable":true,"href":"https:\/\/estrategica.com.co\/blog\/wp-json\/wp\/v2\/categories?post=5193"},{"taxonomy":"post_tag","embeddable":true,"href":"https:\/\/estrategica.com.co\/blog\/wp-json\/wp\/v2\/tags?post=5193"}],"curies":[{"name":"wp","href":"https:\/\/api.w.org\/{rel}","templated":true}]}}