{"id":5202,"date":"2009-03-07T15:46:59","date_gmt":"2009-03-07T15:46:59","guid":{"rendered":"http:\/\/estrategica.com.co\/blog\/?p=5202"},"modified":"2009-03-30T23:49:01","modified_gmt":"2009-03-30T23:49:01","slug":"capacitacion-para-la-gestion-con-resultados","status":"publish","type":"post","link":"https:\/\/estrategica.com.co\/blog\/capacitacion-para-la-gestion-con-resultados\/","title":{"rendered":"CAPACITACI\u00d3N PARA LA GESTI\u00d3N CON RESULTADOS"},"content":{"rendered":"<p><a href=\"http:\/\/estrategica.com.co\/blog\/wp-content\/uploads\/2009\/03\/icono-capacitacion-11.jpg\"><\/a><a href=\"https:\/\/i0.wp.com\/estrategica.com.co\/blog\/wp-content\/uploads\/2009\/03\/icono-capacitacion-v3.jpg\"><img loading=\"lazy\" decoding=\"async\" data-attachment-id=\"8445\" data-permalink=\"https:\/\/estrategica.com.co\/blog\/capacitacion-para-la-gestion-con-resultados\/icono-capacitacion-v3\/\" data-orig-file=\"https:\/\/i0.wp.com\/estrategica.com.co\/blog\/wp-content\/uploads\/2009\/03\/icono-capacitacion-v3.jpg?fit=1200%2C1200&amp;ssl=1\" data-orig-size=\"1200,1200\" data-comments-opened=\"1\" data-image-meta=\"{&quot;aperture&quot;:&quot;0&quot;,&quot;credit&quot;:&quot;&quot;,&quot;camera&quot;:&quot;&quot;,&quot;caption&quot;:&quot;&quot;,&quot;created_timestamp&quot;:&quot;0&quot;,&quot;copyright&quot;:&quot;&quot;,&quot;focal_length&quot;:&quot;0&quot;,&quot;iso&quot;:&quot;0&quot;,&quot;shutter_speed&quot;:&quot;0&quot;,&quot;title&quot;:&quot;&quot;}\" data-image-title=\"icono-capacitacion-v3\" data-image-description=\"\" data-image-caption=\"\" data-medium-file=\"https:\/\/i0.wp.com\/estrategica.com.co\/blog\/wp-content\/uploads\/2009\/03\/icono-capacitacion-v3.jpg?fit=300%2C300&amp;ssl=1\" data-large-file=\"https:\/\/i0.wp.com\/estrategica.com.co\/blog\/wp-content\/uploads\/2009\/03\/icono-capacitacion-v3.jpg?fit=1024%2C1024&amp;ssl=1\" class=\"alignnone size-full wp-image-8445\" title=\"icono-capacitacion-v3\" src=\"https:\/\/i0.wp.com\/estrategica.com.co\/blog\/wp-content\/uploads\/2009\/03\/icono-capacitacion-v3.jpg?resize=1080%2C1080\" alt=\"icono-capacitacion-v3\" width=\"1080\" height=\"1080\" srcset=\"https:\/\/i0.wp.com\/estrategica.com.co\/blog\/wp-content\/uploads\/2009\/03\/icono-capacitacion-v3.jpg?w=1200&amp;ssl=1 1200w, https:\/\/i0.wp.com\/estrategica.com.co\/blog\/wp-content\/uploads\/2009\/03\/icono-capacitacion-v3.jpg?resize=150%2C150&amp;ssl=1 150w, https:\/\/i0.wp.com\/estrategica.com.co\/blog\/wp-content\/uploads\/2009\/03\/icono-capacitacion-v3.jpg?resize=300%2C300&amp;ssl=1 300w, https:\/\/i0.wp.com\/estrategica.com.co\/blog\/wp-content\/uploads\/2009\/03\/icono-capacitacion-v3.jpg?resize=1024%2C1024&amp;ssl=1 1024w\" sizes=\"(max-width: 1080px) 100vw, 1080px\" data-recalc-dims=\"1\" \/><\/a><\/p>\n<p>E-ESTRATEGICA.COM ha desarrollado cursos, talleres y seminarios en las siguientes \u00e1reas de la gesti\u00f3n p\u00fablica: control interno, control fiscal, contrataci\u00f3n p\u00fablica, visibilidad p\u00fablica, presupuesto, impuestos y finanzas p\u00fablicas, responsabilidad disciplinarias y fiscal.<\/p>\n","protected":false},"excerpt":{"rendered":"<p>E-ESTRATEGICA.COM ha desarrollado cursos, talleres y seminarios en las siguientes \u00e1reas de la gesti\u00f3n p\u00fablica: control interno, control fiscal, contrataci\u00f3n p\u00fablica, visibilidad p\u00fablica, presupuesto, impuestos y finanzas p\u00fablicas, responsabilidad disciplinarias y fiscal.<\/p>\n","protected":false},"author":1297,"featured_media":0,"comment_status":"open","ping_status":"open","sticky":false,"template":"","format":"standard","meta":{"_et_pb_use_builder":"","_et_pb_old_content":"","_et_gb_content_width":"","advanced_seo_description":"","jetpack_seo_html_title":"","jetpack_seo_noindex":false,"footnotes":""},"categories":[287,399],"tags":[],"class_list":["post-5202","post","type-post","status-publish","format-standard","hentry","category-portafolio","category-servicios2"],"jetpack_featured_media_url":"","jetpack_shortlink":"https:\/\/wp.me\/p4wgsh-1lU","jetpack-related-posts":[{"id":5200,"url":"https:\/\/estrategica.com.co\/blog\/gestion-eficiente-efectiva-y-transparente\/","url_meta":{"origin":5202,"position":0},"title":"GESTI\u00d3N EFICIENTE, EFECTIVA Y TRANSPARENTE","author":"servicios E-estrategica.com","date":"marzo 7, 2009","format":false,"excerpt":"E-Estrat\u00e9gica.com ha dise\u00f1ado un portafolio de servicios cuyo objetivo fundamental es la asesor\u00eda en el dise\u00f1o y desarrollo de estrategias orientadas a garantizar una gesti\u00f3n eficiente, efectiva y transparente. Estrategica.com ha asesorado m\u00faltiples entidades p\u00fablicas en materia de control interno, asuntos jur\u00eddicos y contrataci\u00f3n p\u00fablica. Ha prestado servicios de capacitaci\u00f3n\u2026","rel":"","context":"En \u00abPORTAFOLIO\u00bb","block_context":{"text":"PORTAFOLIO","link":"https:\/\/estrategica.com.co\/blog\/category\/portafolio\/"},"img":{"alt_text":"icono-categoria-gestion-eficiente-101","src":"https:\/\/i0.wp.com\/estrategica.com.co\/blog\/wp-content\/uploads\/2009\/03\/icono-categoria-gestion-eficiente-101.jpg?resize=350%2C200","width":350,"height":200},"classes":[]},{"id":9462,"url":"https:\/\/estrategica.com.co\/blog\/deficit-fiscal-mondale\/","url_meta":{"origin":5202,"position":1},"title":"Deficit Fiscal &#8211; Mondale","author":"Juliana","date":"abril 5, 2009","format":false,"excerpt":"[hana-flv-player video=\"\/blog\/wp-content\/uploads\/2009\/01\/USA_CONVERTIDOS_VIEJOS\/LimoMondale84.flv\" width=\"550\" height=\"\" description=\"Deficit Fiscal - Mondale\" clickurl=\"\" clicktarget=\"\" player=\"4\" autoplay=\"false\" loop=\"false\" autorewind=\"true\" splashimage=\"\" skin=\"\" \/] [icon color=\"Accent-Color\" size=\"regular\" image=\"steadysets-icon-chat\"] Contexto La Campa\u00f1a de reelecci\u00f3n de Ronald Reagan durante las elecciones de 1984 lo favoreci\u00f3 desde el comienzo. La econom\u00eda se encuentra bien, los precios del petr\u00f3leo est\u00e1n bajos\u2026","rel":"","context":"En \u00abCampa\u00f1a Presidencial\u00bb","block_context":{"text":"Campa\u00f1a Presidencial","link":"https:\/\/estrategica.com.co\/blog\/category\/temas\/campana-presidencial\/"},"img":{"alt_text":"","src":"https:\/\/i0.wp.com\/estrategica.com.co\/blog\/wp-content\/uploads\/2009\/03\/limomondale84_thumb.png?fit=345%2C262&ssl=1&resize=350%2C200","width":350,"height":200},"classes":[]},{"id":9367,"url":"https:\/\/estrategica.com.co\/blog\/casa-blanca-deficit-fiscal-mondale\/","url_meta":{"origin":5202,"position":2},"title":"Casa Blanca &#8211; Deficit Fiscal &#8211; Mondale","author":"Juliana","date":"abril 5, 2009","format":false,"excerpt":"[hana-flv-player video=\"\/blog\/wp-content\/uploads\/2009\/01\/USA_CONVERTIDOS_VIEJOS\/HouseMondale84.flv\" width=\"550\" height=\"\" description=\"Casa Blanca - Deficit Fiscal - Mondale\" clickurl=\"\" clicktarget=\"\" player=\"4\" autoplay=\"false\" loop=\"false\" autorewind=\"true\" splashimage=\"\" skin=\"\" \/] [icon color=\"Accent-Color\" size=\"regular\" image=\"steadysets-icon-chat\"] Contexto La Campa\u00f1a de reelecci\u00f3n de Ronald Reagan durante las elecciones de 1984 lo favoreci\u00f3 desde el comienzo. La econom\u00eda se encuentra bien, los precios del\u2026","rel":"","context":"En \u00abCampa\u00f1a Presidencial\u00bb","block_context":{"text":"Campa\u00f1a Presidencial","link":"https:\/\/estrategica.com.co\/blog\/category\/temas\/campana-presidencial\/"},"img":{"alt_text":"","src":"https:\/\/i0.wp.com\/estrategica.com.co\/blog\/wp-content\/uploads\/2009\/03\/housemondale84_thumb.png?fit=343%2C259&ssl=1&resize=350%2C200","width":350,"height":200},"classes":[]},{"id":27110,"url":"https:\/\/estrategica.com.co\/blog\/primera-mujer-ferraro\/","url_meta":{"origin":5202,"position":3},"title":"Primera Mujer &#8211; Ferraro","author":"estrategica.com","date":"abril 22, 2011","format":false,"excerpt":"La Campa\u00f1a de reelecci\u00f3n de Ronald Reagan durante las elecciones de 1984 lo favoreci\u00f3 desde el comienzo. La econom\u00eda se encuentra bien, los precios del petr\u00f3leo est\u00e1n bajos y el d\u00e9ficit fiscal del gobierno federal no les importaba mucho a los ciudadanos. Reagan era un Presidente popular y su personalidad\u2026","rel":"","context":"En \u00ab1984\u00bb","block_context":{"text":"1984","link":"https:\/\/estrategica.com.co\/blog\/category\/ano\/1984\/"},"img":{"alt_text":"","src":"https:\/\/i0.wp.com\/estrategica.com.co\/blog\/wp-content\/uploads\/2011\/04\/GeraldineFerraro.jpg?fit=350%2C326&ssl=1&resize=350%2C200","width":350,"height":200},"classes":[]},{"id":27116,"url":"https:\/\/estrategica.com.co\/blog\/america-necesita-cambio-mondale\/","url_meta":{"origin":5202,"position":4},"title":"Am\u00e9rica necesita un Cambio &#8211; Mondale","author":"estrategica.com","date":"abril 22, 2011","format":false,"excerpt":"La Campa\u00f1a de reelecci\u00f3n de Ronald Reagan durante las elecciones de 1984 lo favoreci\u00f3 desde el comienzo. La econom\u00eda se encuentra bien, los precios del petr\u00f3leo est\u00e1n bajos y el d\u00e9ficit fiscal del gobierno federal no les importaba mucho a los ciudadanos. Reagan era un Presidente popular y su personalidad\u2026","rel":"","context":"En \u00ab1984\u00bb","block_context":{"text":"1984","link":"https:\/\/estrategica.com.co\/blog\/category\/ano\/1984\/"},"img":{"alt_text":"","src":"https:\/\/i0.wp.com\/estrategica.com.co\/blog\/wp-content\/uploads\/2011\/04\/mondale-pin.jpg?fit=276%2C253&ssl=1&resize=350%2C200","width":350,"height":200},"classes":[]},{"id":27231,"url":"https:\/\/estrategica.com.co\/blog\/mondale-ferraro\/","url_meta":{"origin":5202,"position":5},"title":"Mondale &#8211; Ferraro","author":"estrategica.com","date":"abril 22, 2011","format":false,"excerpt":"La Campa\u00f1a de reelecci\u00f3n de Ronald Reagan durante las elecciones de 1984 lo favoreci\u00f3 desde el comienzo. La econom\u00eda se encuentra bien, los precios del petr\u00f3leo est\u00e1n bajos y el d\u00e9ficit fiscal del gobierno federal no les importaba mucho a los ciudadanos. Reagan era un Presidente popular y su personalidad\u2026","rel":"","context":"En \u00ab1984\u00bb","block_context":{"text":"1984","link":"https:\/\/estrategica.com.co\/blog\/category\/ano\/1984\/"},"img":{"alt_text":"","src":"","width":0,"height":0},"classes":[]}],"jetpack_sharing_enabled":true,"_links":{"self":[{"href":"https:\/\/estrategica.com.co\/blog\/wp-json\/wp\/v2\/posts\/5202","targetHints":{"allow":["GET"]}}],"collection":[{"href":"https:\/\/estrategica.com.co\/blog\/wp-json\/wp\/v2\/posts"}],"about":[{"href":"https:\/\/estrategica.com.co\/blog\/wp-json\/wp\/v2\/types\/post"}],"author":[{"embeddable":true,"href":"https:\/\/estrategica.com.co\/blog\/wp-json\/wp\/v2\/users\/1297"}],"replies":[{"embeddable":true,"href":"https:\/\/estrategica.com.co\/blog\/wp-json\/wp\/v2\/comments?post=5202"}],"version-history":[{"count":8,"href":"https:\/\/estrategica.com.co\/blog\/wp-json\/wp\/v2\/posts\/5202\/revisions"}],"predecessor-version":[{"id":40723,"href":"https:\/\/estrategica.com.co\/blog\/wp-json\/wp\/v2\/posts\/5202\/revisions\/40723"}],"wp:attachment":[{"href":"https:\/\/estrategica.com.co\/blog\/wp-json\/wp\/v2\/media?parent=5202"}],"wp:term":[{"taxonomy":"category","embeddable":true,"href":"https:\/\/estrategica.com.co\/blog\/wp-json\/wp\/v2\/categories?post=5202"},{"taxonomy":"post_tag","embeddable":true,"href":"https:\/\/estrategica.com.co\/blog\/wp-json\/wp\/v2\/tags?post=5202"}],"curies":[{"name":"wp","href":"https:\/\/api.w.org\/{rel}","templated":true}]}}