{"id":5206,"date":"2009-03-07T15:49:59","date_gmt":"2009-03-07T15:49:59","guid":{"rendered":"http:\/\/estrategica.com.co\/blog\/?p=5206"},"modified":"2009-03-30T23:51:27","modified_gmt":"2009-03-30T23:51:27","slug":"contratacion-publica-transparente","status":"publish","type":"post","link":"https:\/\/estrategica.com.co\/blog\/contratacion-publica-transparente\/","title":{"rendered":"CONTRATACI\u00d3N P\u00daBLICA TRANSPARENTE"},"content":{"rendered":"<p><a href=\"https:\/\/i0.wp.com\/estrategica.com.co\/blog\/wp-content\/uploads\/2009\/03\/contratacion-transparente-v81.jpg\"><img loading=\"lazy\" decoding=\"async\" data-attachment-id=\"6706\" data-permalink=\"https:\/\/estrategica.com.co\/blog\/control-interno\/contratacion-transparente-v81\/\" data-orig-file=\"https:\/\/i0.wp.com\/estrategica.com.co\/blog\/wp-content\/uploads\/2009\/03\/contratacion-transparente-v81.jpg?fit=800%2C800&amp;ssl=1\" data-orig-size=\"800,800\" data-comments-opened=\"1\" data-image-meta=\"{&quot;aperture&quot;:&quot;0&quot;,&quot;credit&quot;:&quot;&quot;,&quot;camera&quot;:&quot;&quot;,&quot;caption&quot;:&quot;&quot;,&quot;created_timestamp&quot;:&quot;0&quot;,&quot;copyright&quot;:&quot;&quot;,&quot;focal_length&quot;:&quot;0&quot;,&quot;iso&quot;:&quot;0&quot;,&quot;shutter_speed&quot;:&quot;0&quot;,&quot;title&quot;:&quot;&quot;}\" data-image-title=\"contratacion-transparente-v81\" data-image-description=\"\" data-image-caption=\"\" data-medium-file=\"https:\/\/i0.wp.com\/estrategica.com.co\/blog\/wp-content\/uploads\/2009\/03\/contratacion-transparente-v81.jpg?fit=300%2C300&amp;ssl=1\" data-large-file=\"https:\/\/i0.wp.com\/estrategica.com.co\/blog\/wp-content\/uploads\/2009\/03\/contratacion-transparente-v81.jpg?fit=800%2C800&amp;ssl=1\" class=\"alignnone size-full wp-image-6706\" title=\"contratacion-transparente-v81\" src=\"https:\/\/i0.wp.com\/estrategica.com.co\/blog\/wp-content\/uploads\/2009\/03\/contratacion-transparente-v81.jpg?resize=800%2C800\" alt=\"contratacion-transparente-v81\" width=\"800\" height=\"800\" srcset=\"https:\/\/i0.wp.com\/estrategica.com.co\/blog\/wp-content\/uploads\/2009\/03\/contratacion-transparente-v81.jpg?w=800&amp;ssl=1 800w, https:\/\/i0.wp.com\/estrategica.com.co\/blog\/wp-content\/uploads\/2009\/03\/contratacion-transparente-v81.jpg?resize=150%2C150&amp;ssl=1 150w, https:\/\/i0.wp.com\/estrategica.com.co\/blog\/wp-content\/uploads\/2009\/03\/contratacion-transparente-v81.jpg?resize=300%2C300&amp;ssl=1 300w\" sizes=\"(max-width: 800px) 100vw, 800px\" data-recalc-dims=\"1\" \/><\/a>La contrataci\u00f3n que realiza una entidad debe estar sometida no solo a las disposiciones legales que regulan la materia, sino a procedimientos internos que garanticen la adecuada planeaci\u00f3n, la eficiencia y sobre todo la transparencia.<\/p>\n<p>E-ESTRATEGICA.COM ha dise\u00f1ado un servicio de asesor\u00eda que tiene como objetivo fortalecer el sistema de control interno en materia de contrataci\u00f3n para identificar y controlar los riesgos que se pueden presentar en el desarrollo de los procedimientos correspondientes a las diferentes modalidades de selecci\u00f3n de contratistas.<\/p>\n","protected":false},"excerpt":{"rendered":"<p>La contrataci\u00f3n que realiza una entidad debe estar sometida no solo a las disposiciones legales que regulan la materia, sino a procedimientos internos que garanticen la adecuada planeaci\u00f3n, la eficiencia y sobre todo la transparencia. E-ESTRATEGICA.COM ha dise\u00f1ado un servicio de asesor\u00eda que tiene como objetivo fortalecer el sistema de control interno en materia de [&hellip;]<\/p>\n","protected":false},"author":1297,"featured_media":0,"comment_status":"open","ping_status":"open","sticky":false,"template":"","format":"standard","meta":{"_et_pb_use_builder":"","_et_pb_old_content":"","_et_gb_content_width":"","advanced_seo_description":"","jetpack_seo_html_title":"","jetpack_seo_noindex":false,"footnotes":""},"categories":[287,399],"tags":[],"class_list":["post-5206","post","type-post","status-publish","format-standard","hentry","category-portafolio","category-servicios2"],"jetpack_featured_media_url":"","jetpack_shortlink":"https:\/\/wp.me\/p4wgsh-1lY","jetpack-related-posts":[{"id":5200,"url":"https:\/\/estrategica.com.co\/blog\/gestion-eficiente-efectiva-y-transparente\/","url_meta":{"origin":5206,"position":0},"title":"GESTI\u00d3N EFICIENTE, EFECTIVA Y TRANSPARENTE","author":"servicios E-estrategica.com","date":"marzo 7, 2009","format":false,"excerpt":"E-Estrat\u00e9gica.com ha dise\u00f1ado un portafolio de servicios cuyo objetivo fundamental es la asesor\u00eda en el dise\u00f1o y desarrollo de estrategias orientadas a garantizar una gesti\u00f3n eficiente, efectiva y transparente. Estrategica.com ha asesorado m\u00faltiples entidades p\u00fablicas en materia de control interno, asuntos jur\u00eddicos y contrataci\u00f3n p\u00fablica. Ha prestado servicios de capacitaci\u00f3n\u2026","rel":"","context":"En \u00abPORTAFOLIO\u00bb","block_context":{"text":"PORTAFOLIO","link":"https:\/\/estrategica.com.co\/blog\/category\/portafolio\/"},"img":{"alt_text":"icono-categoria-gestion-eficiente-101","src":"https:\/\/i0.wp.com\/estrategica.com.co\/blog\/wp-content\/uploads\/2009\/03\/icono-categoria-gestion-eficiente-101.jpg?resize=350%2C200","width":350,"height":200},"classes":[]},{"id":5202,"url":"https:\/\/estrategica.com.co\/blog\/capacitacion-para-la-gestion-con-resultados\/","url_meta":{"origin":5206,"position":1},"title":"CAPACITACI\u00d3N PARA LA GESTI\u00d3N CON RESULTADOS","author":"servicios E-estrategica.com","date":"marzo 7, 2009","format":false,"excerpt":"E-ESTRATEGICA.COM ha desarrollado cursos, talleres y seminarios en las siguientes \u00e1reas de la gesti\u00f3n p\u00fablica: control interno, control fiscal, contrataci\u00f3n p\u00fablica, visibilidad p\u00fablica, presupuesto, impuestos y finanzas p\u00fablicas, responsabilidad disciplinarias y fiscal.","rel":"","context":"En \u00abPORTAFOLIO\u00bb","block_context":{"text":"PORTAFOLIO","link":"https:\/\/estrategica.com.co\/blog\/category\/portafolio\/"},"img":{"alt_text":"icono-capacitacion-v3","src":"https:\/\/i0.wp.com\/estrategica.com.co\/blog\/wp-content\/uploads\/2009\/03\/icono-capacitacion-v3.jpg?resize=350%2C200","width":350,"height":200},"classes":[]},{"id":5204,"url":"https:\/\/estrategica.com.co\/blog\/control-interno\/","url_meta":{"origin":5206,"position":2},"title":"CONTROL INTERNO","author":"servicios E-estrategica.com","date":"marzo 7, 2009","format":false,"excerpt":"E-ESTRATEGICA.COM asesora a las entidades en el dise\u00f1o e implementaci\u00f3n del Modelo Estandar de Control Interno \u2013 MECI. As\u00ed mismo ha dise\u00f1ado un servicio dirigido a verificar la manera como la entidad esta aplicando el MECI, en sus diferentes componentes.","rel":"","context":"En \u00abPORTAFOLIO\u00bb","block_context":{"text":"PORTAFOLIO","link":"https:\/\/estrategica.com.co\/blog\/category\/portafolio\/"},"img":{"alt_text":"icono-control-interno","src":"https:\/\/i0.wp.com\/estrategica.com.co\/blog\/wp-content\/uploads\/2009\/03\/icono-control-interno.jpg?resize=350%2C200","width":350,"height":200},"classes":[]},{"id":4345,"url":"https:\/\/estrategica.com.co\/blog\/francia-para-todos\/","url_meta":{"origin":5206,"position":3},"title":"FRANCIA PARA TODOS","author":"estrategica.com","date":"febrero 25, 2009","format":false,"excerpt":"Afiche de Campa\u00f1a de Jacques Chirac durante la contienda electoral de 1995. El mandato de Mitterand culminaba, luego de 14 a\u00f1os, y en el panorama pol\u00edtico aparec\u00edan nueve nombres que aspiraban a sucederlo. Los que lideraban las encuestas eran el socialista Lionel Jospin, el Conservador Jacques Chirac, el disidente conservador\u2026","rel":"","context":"En \u00abAFICHES\u00bb","block_context":{"text":"AFICHES","link":"https:\/\/estrategica.com.co\/blog\/category\/afiches\/"},"img":{"alt_text":"","src":"https:\/\/i0.wp.com\/estrategica.com.co\/blog\/wp-content\/uploads\/2009\/02\/affichechirac1995.jpg?fit=327%2C400&ssl=1&resize=350%2C200","width":350,"height":200},"classes":[]},{"id":29382,"url":"https:\/\/estrategica.com.co\/blog\/15programalucioalcantara22escandalo\/","url_meta":{"origin":5206,"position":4},"title":"Franja Electoral &#8211; Transparencia &#8211; Alc\u00e1ntara","author":"Juliana","date":"mayo 17, 2011","format":false,"excerpt":"[hana-flv-player video=\"\/blog\/wp-content\/uploads\/2009\/01\/20110228\/15ProgramaLucioAlcantara22Escandalo.flv\" width=\"550\" height\"\" description= \"Franja Electoral - Transparencia - Alc\u00e1ntara\" clickurl=\"\" clicktarget=\"\" player=\"4\" autoplay=\"false\" loop=\"false\" autorewind=\"false\" splashimage=\"\" skin=\"\" \/] [icon color=\"Accent-Color\" size=\"regular\" image=\"steadysets-icon-chat\"] Contexto Video de la campa\u00f1a de Lucio Alc\u00e1ntara a la Gobernaci\u00f3n de Cear\u00e1, durante la contienda electoral de 2010 a nombre del Partido de la Rep\u00fablica,\u2026","rel":"","context":"En \u00ab2010\u00bb","block_context":{"text":"2010","link":"https:\/\/estrategica.com.co\/blog\/category\/ano\/2010\/"},"img":{"alt_text":"","src":"https:\/\/i0.wp.com\/estrategica.com.co\/blog\/wp-content\/uploads\/2011\/05\/11ProgramaLucioAlcantara22falasobrepesquisaenecessidadedeumsegundoturno_thumb.png?fit=803%2C531&ssl=1&resize=350%2C200","width":350,"height":200},"classes":[]},{"id":5198,"url":"https:\/\/estrategica.com.co\/blog\/auditoria-de-campanas-politicas\/","url_meta":{"origin":5206,"position":5},"title":"AUDITORIA DE CAMPA\u00d1AS POL\u00cdTICAS","author":"servicios E-estrategica.com","date":"marzo 7, 2009","format":false,"excerpt":"Consideramos que las campa\u00f1as pol\u00edticas, como cualquier organizaci\u00f3n son vulnerables a la pr\u00e1ctica rutinaria de actividades que carecen de un adecuado control sobre su eficiencia y efectividad. ESTRATEGICA.COM ha dise\u00f1ado un servicio de auditoria que, a partir de una visi\u00f3n t\u00e9cnica e independiente, entregue a las campa\u00f1as instrumentos efectivos que\u2026","rel":"","context":"En \u00abPORTAFOLIO\u00bb","block_context":{"text":"PORTAFOLIO","link":"https:\/\/estrategica.com.co\/blog\/category\/portafolio\/"},"img":{"alt_text":"icono-auditorias-v5a","src":"https:\/\/i0.wp.com\/estrategica.com.co\/blog\/wp-content\/uploads\/2009\/03\/icono-auditorias-v5a.jpg?resize=350%2C200","width":350,"height":200},"classes":[]}],"jetpack_sharing_enabled":true,"_links":{"self":[{"href":"https:\/\/estrategica.com.co\/blog\/wp-json\/wp\/v2\/posts\/5206","targetHints":{"allow":["GET"]}}],"collection":[{"href":"https:\/\/estrategica.com.co\/blog\/wp-json\/wp\/v2\/posts"}],"about":[{"href":"https:\/\/estrategica.com.co\/blog\/wp-json\/wp\/v2\/types\/post"}],"author":[{"embeddable":true,"href":"https:\/\/estrategica.com.co\/blog\/wp-json\/wp\/v2\/users\/1297"}],"replies":[{"embeddable":true,"href":"https:\/\/estrategica.com.co\/blog\/wp-json\/wp\/v2\/comments?post=5206"}],"version-history":[{"count":9,"href":"https:\/\/estrategica.com.co\/blog\/wp-json\/wp\/v2\/posts\/5206\/revisions"}],"predecessor-version":[{"id":9236,"href":"https:\/\/estrategica.com.co\/blog\/wp-json\/wp\/v2\/posts\/5206\/revisions\/9236"}],"wp:attachment":[{"href":"https:\/\/estrategica.com.co\/blog\/wp-json\/wp\/v2\/media?parent=5206"}],"wp:term":[{"taxonomy":"category","embeddable":true,"href":"https:\/\/estrategica.com.co\/blog\/wp-json\/wp\/v2\/categories?post=5206"},{"taxonomy":"post_tag","embeddable":true,"href":"https:\/\/estrategica.com.co\/blog\/wp-json\/wp\/v2\/tags?post=5206"}],"curies":[{"name":"wp","href":"https:\/\/api.w.org\/{rel}","templated":true}]}}