{"id":531,"date":"2009-01-05T19:40:56","date_gmt":"2009-01-05T19:40:56","guid":{"rendered":"http:\/\/estrategica.com.co\/blog\/?p=531"},"modified":"2009-05-15T01:45:45","modified_gmt":"2009-05-15T01:45:45","slug":"menen-%c2%bfque-duda-te-cabe","status":"publish","type":"post","link":"https:\/\/estrategica.com.co\/blog\/menen-%c2%bfque-duda-te-cabe\/","title":{"rendered":"MENEM \u00bfqu\u00e9 duda te cabe?"},"content":{"rendered":"<p><img loading=\"lazy\" decoding=\"async\" data-attachment-id=\"530\" data-permalink=\"https:\/\/estrategica.com.co\/blog\/menen-%c2%bfque-duda-te-cabe\/attachment\/20028\/\" data-orig-file=\"https:\/\/i0.wp.com\/estrategica.com.co\/blog\/wp-content\/uploads\/2009\/01\/20028.jpg?fit=454%2C289&amp;ssl=1\" data-orig-size=\"454,289\" data-comments-opened=\"1\" data-image-meta=\"{&quot;aperture&quot;:&quot;0&quot;,&quot;credit&quot;:&quot;&quot;,&quot;camera&quot;:&quot;&quot;,&quot;caption&quot;:&quot;&quot;,&quot;created_timestamp&quot;:&quot;0&quot;,&quot;copyright&quot;:&quot;&quot;,&quot;focal_length&quot;:&quot;0&quot;,&quot;iso&quot;:&quot;0&quot;,&quot;shutter_speed&quot;:&quot;0&quot;,&quot;title&quot;:&quot;&quot;}\" data-image-title=\"20028\" data-image-description=\"\" data-image-caption=\"\" data-medium-file=\"https:\/\/i0.wp.com\/estrategica.com.co\/blog\/wp-content\/uploads\/2009\/01\/20028.jpg?fit=300%2C190&amp;ssl=1\" data-large-file=\"https:\/\/i0.wp.com\/estrategica.com.co\/blog\/wp-content\/uploads\/2009\/01\/20028.jpg?fit=454%2C289&amp;ssl=1\" class=\"alignnone size-full wp-image-530\" title=\"20028\" src=\"https:\/\/i0.wp.com\/estrategica.com.co\/blog\/wp-content\/uploads\/2009\/01\/20028.jpg?resize=454%2C289\" alt=\"20028\" width=\"454\" height=\"289\" srcset=\"https:\/\/i0.wp.com\/estrategica.com.co\/blog\/wp-content\/uploads\/2009\/01\/20028.jpg?w=454&amp;ssl=1 454w, https:\/\/i0.wp.com\/estrategica.com.co\/blog\/wp-content\/uploads\/2009\/01\/20028.jpg?resize=300%2C190&amp;ssl=1 300w\" sizes=\"(max-width: 454px) 100vw, 454px\" data-recalc-dims=\"1\" \/><\/p>\n<p class=\"MsoNormal\" style=\"margin: 0cm 0cm 0pt; text-align: justify;\"><span style=\"font-size: small;\"><span style=\"font-family: Times New Roman;\"><span style=\"mso-ansi-language: ES-CO;\" lang=\"ES-CO\">Valla de la campa\u00f1a de Carlos Menem para las elecciones de 2003. La coyuntura es complicada y poco clara. La poblaci\u00f3n se encuentra sumergida en la desesperanza. En la presidencia de encuentra Duhalde tras la renuncia de Fernando de la Rua. La crisis econ\u00f3mica golpea todos los hogares argentinos. Las elecciones son adelantadas. Se necesita dar legitimidad al gobierno para realizar los ajustes que el pa\u00eds reclamaba. Por el justicialismo se presentaron <\/span>Carlos Menem, Adolfo Rodr\u00edguez Sa\u00e1 y N\u00e9stor Kirchner, los cuales se sumaban a otros 16 candidatos de otras agrupaciones pol\u00edticas. La campa\u00f1a r\u00e1pidamente se focalizo en Menem. Los defensores exaltaban la estabilidad econ\u00f3mica y el progreso generado en sus mandatos. Los detractores cuestionaban los logros econ\u00f3micos especialmente en lo que referente a la Ley de Convertibilidad, al desempleo y a la corrupci\u00f3n de su gobierno. La estrategia de Menem giraba en torno a recordar sus logros, a ensalzar su liderazgo y a minimizar a sus adversarios. Entre tanto N\u00e9stor Kirchner empieza a crecer en la favorabilidad p\u00fablica, gracias al impulso del gobierno de Duhalde. La campa\u00f1a de Menem empieza a comunicar que Kirchner es una marioneta de Duhalde. El tono negativo de la campa\u00f1a hizo que la abstenci\u00f3n fuera grande. Esta es una de esas elecciones en donde el candidato que gana lo hace por el negativo de su contrincante. Menem tiene un negativo muy alto y eso lo termina capitalizando Kirchner. En la segunda vuelta, si se hubiera dado, se hubiera votado, seguramente, aplastantemente contra Menem. La campa\u00f1a estuvo mal enfocada, los estrategas debieron haber medido a trav\u00e9s de investigaciones de campo en d\u00f3nde se originaba el negativo de Menem y haber dise\u00f1ado acciones que lo desactivaran. El camino de hacer recordar sus logros no anulaban las causas que generaban reacci\u00f3n contra \u00e9l. La valla que observamos manda un mensaje que genera abstenci\u00f3n, algo as\u00ed como \u201cson todos tan malos que el mejor termina siendo Menem\u201d. Un mensaje que no es bueno ni exalta condiciones positivas de la clase pol\u00edtica argentina y eso, en cualquier lado, decepciona de la pol\u00edtica y propicia abstenci\u00f3n. <\/span><\/span><\/p>\n","protected":false},"excerpt":{"rendered":"<p>Valla de la campa\u00f1a de Carlos Menem para las elecciones de 2003. La coyuntura es complicada y poco clara. La poblaci\u00f3n se encuentra sumergida en la desesperanza. En la presidencia de encuentra Duhalde tras la renuncia de Fernando de la Rua. La crisis econ\u00f3mica golpea todos los hogares argentinos. Las elecciones son adelantadas. Se necesita [&hellip;]<\/p>\n","protected":false},"author":2,"featured_media":59293,"comment_status":"open","ping_status":"open","sticky":false,"template":"","format":"standard","meta":{"_et_pb_use_builder":"","_et_pb_old_content":"","_et_gb_content_width":"","advanced_seo_description":"","jetpack_seo_html_title":"","jetpack_seo_noindex":false,"footnotes":""},"categories":[357,5,263,24,57,46,10,29,11],"tags":[127,124,126],"class_list":["post-531","post","type-post","status-publish","format-standard","has-post-thumbnail","hentry","category-357","category-afiches","category-ano","category-argentina","category-campana-presidencial","category-fotograficos","category-geo","category-publicidad-negativa","category-temas","tag-carlos-menem","tag-elecciones-2003","tag-justicialismo"],"jetpack_featured_media_url":"https:\/\/i0.wp.com\/estrategica.com.co\/blog\/wp-content\/uploads\/2009\/01\/MENEM-qu\u00e9-duda-te-cabe.jpg?fit=454%2C289&ssl=1","jetpack_shortlink":"https:\/\/wp.me\/p4wgsh-8z","jetpack-related-posts":[{"id":4629,"url":"https:\/\/estrategica.com.co\/blog\/menem-presidente\/","url_meta":{"origin":531,"position":0},"title":"MENEM Presidente","author":"estrategica.com","date":"marzo 1, 2009","format":false,"excerpt":"Afiche de la campa\u00f1a de Carlos Menem para las elecciones de 2003. Se ve que no es uno de los afiches oficiales sino alguna pieza elaborada por activistas de alg\u00fan lugar. Es sin lugar a dudas una pieza sin est\u00e9tica, sin mensaje y con un montaje burdo que genera reacci\u00f3n\u2026","rel":"","context":"En \u00abAFICHES\u00bb","block_context":{"text":"AFICHES","link":"https:\/\/estrategica.com.co\/blog\/category\/afiches\/"},"img":{"alt_text":"","src":"https:\/\/i0.wp.com\/estrategica.com.co\/blog\/wp-content\/uploads\/2009\/03\/200369.jpg?fit=340%2C239&ssl=1&resize=350%2C200","width":350,"height":200},"classes":[]},{"id":4626,"url":"https:\/\/estrategica.com.co\/blog\/argentina-necesita-un-presidente\/","url_meta":{"origin":531,"position":1},"title":"Argentina necesita un Presidente","author":"estrategica.com","date":"marzo 1, 2009","format":false,"excerpt":"Afiche de la campa\u00f1a de Carlos Menem para las elecciones de 2003. Se ve que no es uno de los afiches oficiales sino una convocatoria regional, dise\u00f1ada, quiz\u00e1s, por algunos de los activistas del lugar. Aparece Menem mirando hacia el firmamento con el fondo de la bandera Argentina. El slogan\u2026","rel":"","context":"En \u00abAFICHES\u00bb","block_context":{"text":"AFICHES","link":"https:\/\/estrategica.com.co\/blog\/category\/afiches\/"},"img":{"alt_text":"","src":"https:\/\/i0.wp.com\/estrategica.com.co\/blog\/wp-content\/uploads\/2009\/03\/200373.jpg?fit=340%2C240&ssl=1&resize=350%2C200","width":350,"height":200},"classes":[]},{"id":24406,"url":"https:\/\/estrategica.com.co\/blog\/vamos-menem\/","url_meta":{"origin":531,"position":2},"title":"Vamos &#8211; Menem","author":"Juliana","date":"octubre 17, 2010","format":false,"excerpt":"[hana-flv-player video=\"\/blog\/wp-content\/uploads\/2009\/01\/20100708\/SpotSouto9.flv\" width=\"550\" height=\"\" description=\"Vamos - Menem\" clickurl=\"\" clicktarget=\"\" player=\"4\" autoplay=\"false\" loop=\"false\" autorewind=\"true\" splashimage=\"\" skin=\"\" \/] [icon color=\"Accent-Color\" size=\"regular\" image=\"steadysets-icon-chat\"] Contexto Spot de la campa\u00f1a de Carlos Menem a la Presidencia de Argentina, durante la contienda electoral de 2003. La Argentina se encuentra sumida en una crisis pol\u00edtica y econ\u00f3mica\u2026","rel":"","context":"En \u00ab2003\u00bb","block_context":{"text":"2003","link":"https:\/\/estrategica.com.co\/blog\/category\/ano\/2003\/"},"img":{"alt_text":"","src":"https:\/\/i0.wp.com\/estrategica.com.co\/blog\/wp-content\/uploads\/2010\/07\/SpotSouto9_thumb.png?fit=593%2C334&ssl=1&resize=350%2C200","width":350,"height":200},"classes":[]},{"id":24418,"url":"https:\/\/estrategica.com.co\/blog\/spotsouto13\/","url_meta":{"origin":531,"position":3},"title":"Se lo que Hacer Bien \u2013 Tuve Errores \u2013 Si este tipo gana \u2013 Necesitamos a Menem \u2013 Todos le Apuntan \u2013 Vamos Menem","author":"Juliana","date":"octubre 12, 2010","format":false,"excerpt":"[hana-flv-player video=\"\/blog\/wp-content\/uploads\/2009\/01\/20100708\/SpotSouto13.flv\" width=\"550\" height=\"\" description=\"Se lo que Hacer Bien \u2013 Tuve Errores \u2013 Si este tipo gana \u2013 Necesitamos a Menem \u2013 Todos le Apuntan \u2013 Vamos Menem\" clickurl=\"\" clicktarget=\"\" player=\"4\" autoplay=\"false\" loop=\"false\" autorewind=\"true\" splashimage=\"\" skin=\"\" \/] [icon color=\"Accent-Color\" size=\"regular\" image=\"steadysets-icon-chat\"] Contexto Spot de la campa\u00f1a de Carlos Menem a\u2026","rel":"","context":"En \u00ab2003\u00bb","block_context":{"text":"2003","link":"https:\/\/estrategica.com.co\/blog\/category\/ano\/2003\/"},"img":{"alt_text":"","src":"https:\/\/i0.wp.com\/estrategica.com.co\/blog\/wp-content\/uploads\/2010\/07\/SpotSouto13_thumb.png?fit=598%2C396&ssl=1&resize=350%2C200","width":350,"height":200},"classes":[]},{"id":676,"url":"https:\/\/estrategica.com.co\/blog\/gracias-2\/","url_meta":{"origin":531,"position":4},"title":"Gracias!","author":"camilorojas","date":"enero 9, 2009","format":false,"excerpt":"Afiche de agradecimiento de Menem cuando gan\u00f3 la primera vuelta electoral. Un mensaje interesante y una aptitud corporal apropiada. Las gracias en pol\u00edtica siempre son acertadas. A las pocas semanas renunci\u00f3 al entender la animadversi\u00f3n que despertaba en el electorado. La renuncia tuvo dos objetivos: no someterse a una derrota\u2026","rel":"","context":"En \u00abAFICHES\u00bb","block_context":{"text":"AFICHES","link":"https:\/\/estrategica.com.co\/blog\/category\/afiches\/"},"img":{"alt_text":"","src":"https:\/\/i0.wp.com\/estrategica.com.co\/blog\/wp-content\/uploads\/2009\/01\/Gracias1.jpg?fit=340%2C239&ssl=1&resize=350%2C200","width":350,"height":200},"classes":[]},{"id":634,"url":"https:\/\/estrategica.com.co\/blog\/con-menem-estabamos-mejor\/","url_meta":{"origin":531,"position":5},"title":"Con Menem est\u00e1bamos mejor!","author":"camilorojas","date":"enero 8, 2009","format":false,"excerpt":"Despu\u00e9s del gobierno de Menem vino el gobierno de Fernando De la Rua que desencaden\u00f3 una gran crisis pol\u00edtica, social, econ\u00f3mica e institucional. El presidente De La Rua no alcanz\u00f3 a completar la mitad de su mandato y debi\u00f3 renunciar y lo que se vino fue una sucesi\u00f3n de cuatro\u2026","rel":"","context":"En \u00ab2003\u00bb","block_context":{"text":"2003","link":"https:\/\/estrategica.com.co\/blog\/category\/ano\/2003\/"},"img":{"alt_text":"","src":"https:\/\/i0.wp.com\/estrategica.com.co\/blog\/wp-content\/uploads\/2009\/01\/Con-Menem-est\u00e1bamos-mejor.jpg?fit=340%2C229&ssl=1&resize=350%2C200","width":350,"height":200},"classes":[]}],"jetpack_sharing_enabled":true,"_links":{"self":[{"href":"https:\/\/estrategica.com.co\/blog\/wp-json\/wp\/v2\/posts\/531","targetHints":{"allow":["GET"]}}],"collection":[{"href":"https:\/\/estrategica.com.co\/blog\/wp-json\/wp\/v2\/posts"}],"about":[{"href":"https:\/\/estrategica.com.co\/blog\/wp-json\/wp\/v2\/types\/post"}],"author":[{"embeddable":true,"href":"https:\/\/estrategica.com.co\/blog\/wp-json\/wp\/v2\/users\/2"}],"replies":[{"embeddable":true,"href":"https:\/\/estrategica.com.co\/blog\/wp-json\/wp\/v2\/comments?post=531"}],"version-history":[{"count":9,"href":"https:\/\/estrategica.com.co\/blog\/wp-json\/wp\/v2\/posts\/531\/revisions"}],"predecessor-version":[{"id":13695,"href":"https:\/\/estrategica.com.co\/blog\/wp-json\/wp\/v2\/posts\/531\/revisions\/13695"}],"wp:featuredmedia":[{"embeddable":true,"href":"https:\/\/estrategica.com.co\/blog\/wp-json\/wp\/v2\/media\/59293"}],"wp:attachment":[{"href":"https:\/\/estrategica.com.co\/blog\/wp-json\/wp\/v2\/media?parent=531"}],"wp:term":[{"taxonomy":"category","embeddable":true,"href":"https:\/\/estrategica.com.co\/blog\/wp-json\/wp\/v2\/categories?post=531"},{"taxonomy":"post_tag","embeddable":true,"href":"https:\/\/estrategica.com.co\/blog\/wp-json\/wp\/v2\/tags?post=531"}],"curies":[{"name":"wp","href":"https:\/\/api.w.org\/{rel}","templated":true}]}}