{"id":656,"date":"2009-01-08T01:30:33","date_gmt":"2009-01-08T01:30:33","guid":{"rendered":"http:\/\/estrategica.com.co\/blog\/?p=656"},"modified":"2010-04-26T17:10:29","modified_gmt":"2010-04-26T17:10:29","slug":"no-te-vayas-que-viene-kirchner","status":"publish","type":"post","link":"https:\/\/estrategica.com.co\/blog\/no-te-vayas-que-viene-kirchner\/","title":{"rendered":"NO TE VAYAS QUE VIENE KIRCHNER"},"content":{"rendered":"<p><img loading=\"lazy\" decoding=\"async\" data-attachment-id=\"655\" data-permalink=\"https:\/\/estrategica.com.co\/blog\/no-te-vayas-que-viene-kirchner\/image1865\/\" data-orig-file=\"https:\/\/i0.wp.com\/estrategica.com.co\/blog\/wp-content\/uploads\/2009\/01\/image1865.jpg?fit=390%2C198&amp;ssl=1\" data-orig-size=\"390,198\" data-comments-opened=\"1\" data-image-meta=\"{&quot;aperture&quot;:&quot;0&quot;,&quot;credit&quot;:&quot;&quot;,&quot;camera&quot;:&quot;&quot;,&quot;caption&quot;:&quot;&quot;,&quot;created_timestamp&quot;:&quot;0&quot;,&quot;copyright&quot;:&quot;&quot;,&quot;focal_length&quot;:&quot;0&quot;,&quot;iso&quot;:&quot;0&quot;,&quot;shutter_speed&quot;:&quot;0&quot;,&quot;title&quot;:&quot;&quot;}\" data-image-title=\"image1865\" data-image-description=\"\" data-image-caption=\"\" data-medium-file=\"https:\/\/i0.wp.com\/estrategica.com.co\/blog\/wp-content\/uploads\/2009\/01\/image1865.jpg?fit=300%2C152&amp;ssl=1\" data-large-file=\"https:\/\/i0.wp.com\/estrategica.com.co\/blog\/wp-content\/uploads\/2009\/01\/image1865.jpg?fit=390%2C198&amp;ssl=1\" class=\"alignnone size-full wp-image-655\" title=\"image1865\" src=\"https:\/\/i0.wp.com\/estrategica.com.co\/blog\/wp-content\/uploads\/2009\/01\/image1865.jpg?resize=390%2C198\" alt=\"image1865\" width=\"390\" height=\"198\" srcset=\"https:\/\/i0.wp.com\/estrategica.com.co\/blog\/wp-content\/uploads\/2009\/01\/image1865.jpg?w=390&amp;ssl=1 390w, https:\/\/i0.wp.com\/estrategica.com.co\/blog\/wp-content\/uploads\/2009\/01\/image1865.jpg?resize=300%2C152&amp;ssl=1 300w\" sizes=\"(max-width: 390px) 100vw, 390px\" data-recalc-dims=\"1\" \/><\/p>\n<p style=\"text-align: justify;\">Maravillosa valla de los j\u00f3venes Kirchnerianos que tuvo la capacidad de armonizar escenario, coyuntura y mensaje. Escenario porque la valla fue puesta cerca al aeropuerto de Buenos Aires, coyuntura porque hacia referencia a ese momento de desasosiego que viv\u00edan los argentinos que los llevo a migrar de su pa\u00eds y mensaje porque el texto \u201cNo te vayas que viene Kirchner\u201d lo dice todo y es impactante. Como hubiera sido de diferente la contienda electoral si los estrategas de la campa\u00f1a nacional hubieran asimilado este mensaje para replicarlo con otros mensajes igual de precisos.<\/p>\n","protected":false},"excerpt":{"rendered":"<p>Maravillosa valla de los j\u00f3venes Kirchnerianos que tuvo la capacidad de armonizar escenario, coyuntura y mensaje. Escenario porque la valla fue puesta cerca al aeropuerto de Buenos Aires, coyuntura porque hacia referencia a ese momento de desasosiego que viv\u00edan los argentinos que los llevo a migrar de su pa\u00eds y mensaje porque el texto \u201cNo [&hellip;]<\/p>\n","protected":false},"author":2,"featured_media":59304,"comment_status":"open","ping_status":"open","sticky":false,"template":"","format":"standard","meta":{"_et_pb_use_builder":"","_et_pb_old_content":"","_et_gb_content_width":"","advanced_seo_description":"","jetpack_seo_html_title":"","jetpack_seo_noindex":false,"footnotes":""},"categories":[5,24,57,10,45,11,47],"tags":[124,126,125],"class_list":["post-656","post","type-post","status-publish","format-standard","has-post-thumbnail","hentry","category-afiches","category-argentina","category-campana-presidencial","category-geo","category-ilustracion","category-temas","category-tipograficos","tag-elecciones-2003","tag-justicialismo","tag-nestor-kirchner"],"jetpack_featured_media_url":"https:\/\/i0.wp.com\/estrategica.com.co\/blog\/wp-content\/uploads\/2009\/01\/NO-TE-VAYAS-QUE-VIENE-KIRCHNER.jpg?fit=390%2C198&ssl=1","jetpack_shortlink":"https:\/\/wp.me\/p4wgsh-aA","jetpack-related-posts":[{"id":566,"url":"https:\/\/estrategica.com.co\/blog\/argentina-es-posible\/","url_meta":{"origin":656,"position":0},"title":"ARGENTINA ES POSIBLE","author":"camilorojas","date":"enero 6, 2009","format":false,"excerpt":"La campa\u00f1a de Kirchner se presenta en una coyuntura de inestabilidad pol\u00edtica, econ\u00f3mica y social que genera un escenario propicio a una campa\u00f1a emocional que ninguno de los candidatos a estas elecciones supo explotar. Cinco Presidentes en un mes, paros generales, abstencionismo electoral hist\u00f3rico, levantamientos en las calles, cese de\u2026","rel":"","context":"En \u00ab2003\u00bb","block_context":{"text":"2003","link":"https:\/\/estrategica.com.co\/blog\/category\/ano\/2003\/"},"img":{"alt_text":"","src":"https:\/\/i0.wp.com\/estrategica.com.co\/blog\/wp-content\/uploads\/2009\/01\/ARGENTINA-ES-POSIBLE.jpg?fit=397%2C271&ssl=1&resize=350%2C200","width":350,"height":200},"classes":[]},{"id":523,"url":"https:\/\/estrategica.com.co\/blog\/un-pais-en-serio\/","url_meta":{"origin":656,"position":1},"title":"UN PAIS EN SERIO","author":"camilorojas","date":"enero 5, 2009","format":false,"excerpt":"La campa\u00f1a de Kirchner se presenta en una coyuntura de inestabilidad pol\u00edtica, econ\u00f3mica y social que genera un escenario propicio a una campa\u00f1a emocional que ninguno de los candidatos a estas elecciones supo explotar. Cinco Presidentes en un mes, paros generales, abstencionismo electoral hist\u00f3rico, levantamientos en las calles, cese de\u2026","rel":"","context":"En \u00ab2003\u00bb","block_context":{"text":"2003","link":"https:\/\/estrategica.com.co\/blog\/category\/ano\/2003\/"},"img":{"alt_text":"","src":"https:\/\/i0.wp.com\/estrategica.com.co\/blog\/wp-content\/uploads\/2009\/01\/UN-PAIS-EN-SERIO.jpg?fit=454%2C351&ssl=1&resize=350%2C200","width":350,"height":200},"classes":[]},{"id":570,"url":"https:\/\/estrategica.com.co\/blog\/dia-del-trabajo\/","url_meta":{"origin":656,"position":2},"title":"D\u00eda del Trabajo","author":"camilorojas","date":"enero 6, 2009","format":false,"excerpt":"La campa\u00f1a de Kirchner se presenta en una coyuntura de inestabilidad pol\u00edtica, econ\u00f3mica y social que genera un escenario propicio a una campa\u00f1a emocional que ninguno de los candidatos a estas elecciones supo explotar. Cinco Presidentes en un mes, paros generales, abstencionismo electoral hist\u00f3rico, levantamientos en las calles, cese de\u2026","rel":"","context":"En \u00ab2003\u00bb","block_context":{"text":"2003","link":"https:\/\/estrategica.com.co\/blog\/category\/ano\/2003\/"},"img":{"alt_text":"","src":"https:\/\/i0.wp.com\/estrategica.com.co\/blog\/wp-content\/uploads\/2009\/01\/D\u00eda-del-Trabajo.jpg?fit=336%2C253&ssl=1&resize=350%2C200","width":350,"height":200},"classes":[]},{"id":575,"url":"https:\/\/estrategica.com.co\/blog\/por-la-patria-grande\/","url_meta":{"origin":656,"position":3},"title":"Por la Patria Grande","author":"camilorojas","date":"enero 6, 2009","format":false,"excerpt":"La campa\u00f1a de Kirchner se presenta en una coyuntura de inestabilidad pol\u00edtica, econ\u00f3mica y social que genera un escenario propicio a una campa\u00f1a emocional que ninguno de los candidatos a estas elecciones supo explotar. Cinco Presidentes en un mes, paros generales, abstencionismo electoral hist\u00f3rico, levantamientos en las calles, cese de\u2026","rel":"","context":"En \u00ab2003\u00bb","block_context":{"text":"2003","link":"https:\/\/estrategica.com.co\/blog\/category\/ano\/2003\/"},"img":{"alt_text":"","src":"https:\/\/i0.wp.com\/estrategica.com.co\/blog\/wp-content\/uploads\/2009\/01\/Por-la-Patria-Grande.jpg?fit=336%2C251&ssl=1&resize=350%2C200","width":350,"height":200},"classes":[]},{"id":638,"url":"https:\/\/estrategica.com.co\/blog\/en-un-pais-en-serio\/","url_meta":{"origin":656,"position":4},"title":"En un Pa\u00eds en serio&#8230;","author":"camilorojas","date":"enero 8, 2009","format":false,"excerpt":"La campa\u00f1a de Kirchner se presenta en una coyuntura de inestabilidad pol\u00edtica, econ\u00f3mica y social que genera un escenario propicio a una campa\u00f1a emocional que ninguno de los candidatos a estas elecciones supo explotar. Cinco Presidentes en un mes, paros generales, abstencionismo electoral hist\u00f3rico, levantamientos en las calles, cese de\u2026","rel":"","context":"En \u00ab2003\u00bb","block_context":{"text":"2003","link":"https:\/\/estrategica.com.co\/blog\/category\/ano\/2003\/"},"img":{"alt_text":"","src":"https:\/\/i0.wp.com\/estrategica.com.co\/blog\/wp-content\/uploads\/2009\/01\/En-un-Pa\u00eds-en-serio\u2026.jpg?fit=300%2C217&ssl=1&resize=350%2C200","width":350,"height":200},"classes":[]},{"id":527,"url":"https:\/\/estrategica.com.co\/blog\/argentina-un-pais-en-serio\/","url_meta":{"origin":656,"position":5},"title":"Argentina &#8211; un pa\u00eds en serio","author":"camilorojas","date":"enero 5, 2009","format":false,"excerpt":"La campa\u00f1a de Kirchner se presenta en una coyuntura de inestabilidad pol\u00edtica, econ\u00f3mica y social que genera un escenario propicio a una campa\u00f1a emocional que ninguno de los candidatos a estas elecciones supo explotar. Cinco Presidentes en un mes, paros generales, abstencionismo electoral hist\u00f3rico, levantamientos en las calles, cese de\u2026","rel":"","context":"En \u00ab2003\u00bb","block_context":{"text":"2003","link":"https:\/\/estrategica.com.co\/blog\/category\/ano\/2003\/"},"img":{"alt_text":"","src":"https:\/\/i0.wp.com\/estrategica.com.co\/blog\/wp-content\/uploads\/2009\/01\/Argentina-\u2013-un-pa\u00eds-en-serio.jpg?fit=454%2C381&ssl=1&resize=350%2C200","width":350,"height":200},"classes":[]}],"jetpack_sharing_enabled":true,"_links":{"self":[{"href":"https:\/\/estrategica.com.co\/blog\/wp-json\/wp\/v2\/posts\/656","targetHints":{"allow":["GET"]}}],"collection":[{"href":"https:\/\/estrategica.com.co\/blog\/wp-json\/wp\/v2\/posts"}],"about":[{"href":"https:\/\/estrategica.com.co\/blog\/wp-json\/wp\/v2\/types\/post"}],"author":[{"embeddable":true,"href":"https:\/\/estrategica.com.co\/blog\/wp-json\/wp\/v2\/users\/2"}],"replies":[{"embeddable":true,"href":"https:\/\/estrategica.com.co\/blog\/wp-json\/wp\/v2\/comments?post=656"}],"version-history":[{"count":3,"href":"https:\/\/estrategica.com.co\/blog\/wp-json\/wp\/v2\/posts\/656\/revisions"}],"predecessor-version":[{"id":21345,"href":"https:\/\/estrategica.com.co\/blog\/wp-json\/wp\/v2\/posts\/656\/revisions\/21345"}],"wp:featuredmedia":[{"embeddable":true,"href":"https:\/\/estrategica.com.co\/blog\/wp-json\/wp\/v2\/media\/59304"}],"wp:attachment":[{"href":"https:\/\/estrategica.com.co\/blog\/wp-json\/wp\/v2\/media?parent=656"}],"wp:term":[{"taxonomy":"category","embeddable":true,"href":"https:\/\/estrategica.com.co\/blog\/wp-json\/wp\/v2\/categories?post=656"},{"taxonomy":"post_tag","embeddable":true,"href":"https:\/\/estrategica.com.co\/blog\/wp-json\/wp\/v2\/tags?post=656"}],"curies":[{"name":"wp","href":"https:\/\/api.w.org\/{rel}","templated":true}]}}