{"id":7165,"date":"2009-03-21T18:52:15","date_gmt":"2009-03-21T18:52:15","guid":{"rendered":"http:\/\/estrategica.com.co\/blog\/?p=7165"},"modified":"2015-03-18T12:28:15","modified_gmt":"2015-03-18T17:28:15","slug":"anti-josep-sana","status":"publish","type":"post","link":"https:\/\/estrategica.com.co\/blog\/anti-josep-sana\/","title":{"rendered":"Anti Josep Sa\u00f1a"},"content":{"rendered":"<p> <script type='text\/javascript' src='https:\/\/estrategica.com.co\/blog\/wp-content\/plugins\/hana-flv-player\/flowplayer3\/example\/flowplayer-3.2.6.min.js'><\/script>\n<div >\n<div id='hana_flv_flow3_1' style='display:block;width:550px;height:413px;background-color:#555555;color:#ffffff;padding:0' title=\"*Video:anti josep sa\u00f1a\"><\/div>\n<\/div>\n\n<script  type='text\/javascript'>\nif (typeof g_hanaFlash !== 'undefined' && !g_hanaFlash){\n    jQuery('#hana_flv_flow3_1').css( 'padding', '5px' );\n\tjQuery('#hana_flv_flow3_1').html(\"<span class='inactive_message' style='display:block'>Sorry, your browser does not support Flash Video Player<\/span> *Video:anti josep sa\u00f1a\");\n}else{\t\t\t\n\t\tflowplayer('hana_flv_flow3_1', { src: 'https:\/\/estrategica.com.co\/blog\/wp-content\/plugins\/hana-flv-player\/flowplayer3\/flowplayer-3.2.7.swf', wmode: 'transparent' }, { \n\n\t\t\tcanvas: { backgroundColor: '#000000', backgroundGradient: 'none',},\n    \t\tclip:  { \n    \t\t\turl: '\/blog\/wp-content\/uploads\/2009\/01\/videos_varios_f\/Campana_Partido_Popular_elecciones_generales_2008_polemica.flv',\n        \t\tscaling: 'fit', autoPlay: false, autoBuffering: true \n\t\t\t\t   , onFinish : function () { this.seek(0); }  \n\n\t        }\n\n\t\t});\n}\n<\/script><br \/>\n<\/br><\/p>\n<p>[icon color=\u00bbAccent-Color\u00bb size=\u00bbregular\u00bb image=\u00bbsteadysets-icon-chat\u00bb] <strong>Contexto<\/strong><\/br><\/br><\/p>\n<p style=\"text-align: justify;\">Spot de Publicidad Negativa en donde se evidencia la homofobia del concejal Josep Sa\u00f1a, del Partido Popular de Berga, quien insult\u00f3 a otro concejal por ser homosexual.<\/p><\/p>\n","protected":false},"excerpt":{"rendered":"<p>*Video: anti josep sa\u00f1a [icon color=\u00bbAccent-Color\u00bb size=\u00bbregular\u00bb image=\u00bbsteadysets-icon-chat\u00bb] Contexto Spot de Publicidad Negativa en donde se evidencia la homofobia del concejal Josep Sa\u00f1a, del Partido Popular de Berga, quien insult\u00f3 a otro concejal por ser homosexual.<\/p>\n","protected":false},"author":5,"featured_media":7166,"comment_status":"open","ping_status":"open","sticky":false,"template":"","format":"standard","meta":{"_et_pb_use_builder":"","_et_pb_old_content":"","_et_gb_content_width":"","advanced_seo_description":"","jetpack_seo_html_title":"","jetpack_seo_noindex":false,"footnotes":""},"categories":[58,34,23,10,29,11,3],"tags":[93,330,100,99],"class_list":["post-7165","post","type-post","status-publish","format-standard","has-post-thumbnail","hentry","category-campana-colegiada","category-electoral","category-espana","category-geo","category-publicidad-negativa","category-temas","category-video","tag-elecciones-2008","tag-josep-sana","tag-partido-popular","tag-pp"],"jetpack_featured_media_url":"https:\/\/i0.wp.com\/estrategica.com.co\/blog\/wp-content\/uploads\/2009\/03\/campana_partido_popular_elecciones_generales_2008_polemica_thumb.png?fit=305%2C222&ssl=1","jetpack_shortlink":"https:\/\/wp.me\/p4wgsh-1Rz","jetpack-related-posts":[{"id":15718,"url":"https:\/\/estrategica.com.co\/blog\/bucaram-anti-noboa-mahuad\/","url_meta":{"origin":7165,"position":0},"title":"Bucaram &#8211; Anti Noboa &#8211; Mahuad","author":"Juliana","date":"febrero 1, 2011","format":false,"excerpt":"[hana-flv-player video=\"\/blog\/wp-content\/uploads\/2009\/01\/videos_ultimos\/av293.flv\" width=\"550\" height=\"\" description=\"Bucaram - Anti Noboa - Mahuad\" clickurl=\"\" clicktarget=\"\" player=\"4\" autoplay=\"false\" loop=\"false\" autorewind=\"true\" splashimage=\"\" skin=\"\" \/] [icon color=\"Accent-Color\" size=\"regular\" image=\"steadysets-icon-chat\"] Contexto Spot de la campa\u00f1a de Jamil Mahuad durante la contienda electora a la Presidencia de Ecuador en el a\u00f1o 1998. La pieza, contra \u00c1lvaro Noboa, se\u2026","rel":"","context":"En \u00ab1998\u00bb","block_context":{"text":"1998","link":"https:\/\/estrategica.com.co\/blog\/category\/ano\/1998\/"},"img":{"alt_text":"","src":"https:\/\/i0.wp.com\/estrategica.com.co\/blog\/wp-content\/uploads\/2009\/05\/av293_thumb.png?fit=431%2C338&ssl=1&resize=350%2C200","width":350,"height":200},"classes":[]},{"id":14625,"url":"https:\/\/estrategica.com.co\/blog\/un-peligro-para-panama-anti-balbina-herrera\/","url_meta":{"origin":7165,"position":1},"title":"Un Peligro para Panam\u00e1 &#8211; Anti Balbina Herrera","author":"estrategica.com","date":"mayo 21, 2009","format":false,"excerpt":"[hana-flv-player video=\"\/blog\/wp-content\/uploads\/2009\/01\/videos_ultimos\/av148.flv\" width=\"550\" height=\"\" description=\"Un Peligro para Panam\u00e1 - Anti Balbina Herrera\" clickurl=\"\" clicktarget=\"\" player=\"4\" autoplay=\"false\" loop=\"false\" autorewind=\"true\" splashimage=\"\" skin=\"\" \/] [icon color=\"Accent-Color\" size=\"regular\" image=\"steadysets-icon-chat\"] Contexto Spot contra Balbina Herrera, candidata a la Presidencia de Panam\u00e1, durante la contienda electoral de 2009. El favoritismo de Herrera hizo que sus adversarios,\u2026","rel":"","context":"En \u00abCampa\u00f1a Presidencial\u00bb","block_context":{"text":"Campa\u00f1a Presidencial","link":"https:\/\/estrategica.com.co\/blog\/category\/temas\/campana-presidencial\/"},"img":{"alt_text":"","src":"https:\/\/i0.wp.com\/estrategica.com.co\/blog\/wp-content\/uploads\/2009\/05\/av148_thumb.png?fit=454%2C314&ssl=1&resize=350%2C200","width":350,"height":200},"classes":[]},{"id":8169,"url":"https:\/\/estrategica.com.co\/blog\/spot_electoral_ciu_elecciones_2008flv\/","url_meta":{"origin":7165,"position":2},"title":"Rspeto a Catalu\u00f1a &#8211; CiU","author":"Juliana","date":"marzo 29, 2009","format":false,"excerpt":"[hana-flv-player video=\"\/blog\/wp-content\/uploads\/2009\/01\/videos_varios_f\/Spot_Electoral_CiU_Elecciones_2008.flv\" width=\"550\" height=\"\" description=\"Rspeto a Catalu\u00f1a - CiU\" clickurl=\"\" clicktarget=\"\" player=\"4\" autoplay=\"false\" loop=\"false\" autorewind=\"true\" splashimage=\"\" skin=\"\" \/] [icon color=\"Accent-Color\" size=\"regular\" image=\"steadysets-icon-chat\"] Contexto Campa\u00f1a de Convergencia y Uni\u00f3n para las elecciones generales de 2008. El candidato es Josep Antoni Duran i Lleida quien fue elegido diputado por Barcelona. El partido\u2026","rel":"","context":"En \u00abCampa\u00f1a Cuerpo Colegiado\u00bb","block_context":{"text":"Campa\u00f1a Cuerpo Colegiado","link":"https:\/\/estrategica.com.co\/blog\/category\/temas\/campana-colegiada\/"},"img":{"alt_text":"","src":"https:\/\/i0.wp.com\/estrategica.com.co\/blog\/wp-content\/uploads\/2009\/03\/spot_electoral_ciu_elecciones_2008_thumb.png?fit=318%2C210&ssl=1&resize=350%2C200","width":350,"height":200},"classes":[]},{"id":2781,"url":"https:\/\/estrategica.com.co\/blog\/respeto-a-cataluna-convergencia-y-union\/","url_meta":{"origin":7165,"position":3},"title":"Respeto a Catalu\u00f1a &#8211; Convergencia y Uni\u00f3n.","author":"Juliana","date":"enero 25, 2009","format":false,"excerpt":"[hana-flv-player video=\"\/\/blog\/wp-content\/uploads\/2009\/01\/ESPANA\/Spot_Catalu\u00f1a.flv\" width=\"550\" height=\"\" description=\"Respeto a Catalu\u00f1a - Convergencia y Uni\u00f3n.\" clickurl=\"\" clicktarget=\"\" player=\"4\" autoplay=\"false\" loop=\"false\" autorewind=\"true\" splashimage=\"\" skin=\"\" \/] [icon color=\"Accent-Color\" size=\"regular\" image=\"steadysets-icon-chat\"] Contexto Campa\u00f1a de Convergencia y Uni\u00f3n para las elecciones generales de 2008. El candidato es Josep Antoni Duran i Lleida quien fue elegido diputado por Barcelona.\u2026","rel":"","context":"En \u00abCampa\u00f1a Cuerpo Colegiado\u00bb","block_context":{"text":"Campa\u00f1a Cuerpo Colegiado","link":"https:\/\/estrategica.com.co\/blog\/category\/temas\/campana-colegiada\/"},"img":{"alt_text":"","src":"https:\/\/i0.wp.com\/estrategica.com.co\/blog\/wp-content\/uploads\/2009\/01\/spot_cataluna_thumb.png?fit=319%2C226&ssl=1&resize=350%2C200","width":350,"height":200},"classes":[]},{"id":2785,"url":"https:\/\/estrategica.com.co\/blog\/convergencia-y-union-cataluna\/","url_meta":{"origin":7165,"position":4},"title":"Respeto a Catalu\u00f1a &#8211; Convergencia y Uni\u00f3n.","author":"Juliana","date":"enero 25, 2009","format":false,"excerpt":"[hana-flv-player video=\"\/blog\/wp-content\/uploads\/2009\/01\/ESPANA\/Spot_Catalu\u00f1a1.flv\" width=\"550\" height=\"\" description=\"Respeto a Catalu\u00f1a - Convergencia y Uni\u00f3n.\" clickurl=\"\" clicktarget=\"\" player=\"4\" autoplay=\"false\" loop=\"false\" autorewind=\"true\" splashimage=\"\" skin=\"\" \/] [icon color=\"Accent-Color\" size=\"regular\" image=\"steadysets-icon-chat\"] Contexto Campa\u00f1a de Convergencia y Uni\u00f3n para las elecciones generales de 2008. El candidato es Josep Antoni Duran i Lleida quien fue elegido diputado por Barcelona.\u2026","rel":"","context":"En \u00abCampa\u00f1a Cuerpo Colegiado\u00bb","block_context":{"text":"Campa\u00f1a Cuerpo Colegiado","link":"https:\/\/estrategica.com.co\/blog\/category\/temas\/campana-colegiada\/"},"img":{"alt_text":"","src":"","width":0,"height":0},"classes":[]},{"id":2705,"url":"https:\/\/estrategica.com.co\/blog\/%c2%bfdonde-esta-la-crisis-pp\/","url_meta":{"origin":7165,"position":5},"title":"\u00bfD\u00f3nde est\u00e1 la crisis? &#8211; PP","author":"Juliana","date":"enero 28, 2009","format":false,"excerpt":"[hana-flv-player video=\"\/blog\/wp-content\/uploads\/2009\/01\/ESPANA\/Embargo_PP.flv\" width=\"550\" height=\"\" description=\"\u00bfD\u00f3nde est\u00e1 la crisis? - PP\" clickurl=\"\" clicktarget=\"\" player=\"4\" autoplay=\"false\" loop=\"false\" autorewind=\"true\" splashimage=\"\" skin=\"\" \/] [icon color=\"Accent-Color\" size=\"regular\" image=\"steadysets-icon-chat\"] Contexto Campa\u00f1a del Partido Popular para atacar la negativa de Rodr\u00edguez Zapatero a aceptar que Espa\u00f1a se encuentra en crisis. El spot se titula \u201c\u00bfD\u00f3nde est\u00e1 la\u2026","rel":"","context":"En \u00abCampa\u00f1a Presidencial\u00bb","block_context":{"text":"Campa\u00f1a Presidencial","link":"https:\/\/estrategica.com.co\/blog\/category\/temas\/campana-presidencial\/"},"img":{"alt_text":"","src":"","width":0,"height":0},"classes":[]}],"jetpack_sharing_enabled":true,"_links":{"self":[{"href":"https:\/\/estrategica.com.co\/blog\/wp-json\/wp\/v2\/posts\/7165","targetHints":{"allow":["GET"]}}],"collection":[{"href":"https:\/\/estrategica.com.co\/blog\/wp-json\/wp\/v2\/posts"}],"about":[{"href":"https:\/\/estrategica.com.co\/blog\/wp-json\/wp\/v2\/types\/post"}],"author":[{"embeddable":true,"href":"https:\/\/estrategica.com.co\/blog\/wp-json\/wp\/v2\/users\/5"}],"replies":[{"embeddable":true,"href":"https:\/\/estrategica.com.co\/blog\/wp-json\/wp\/v2\/comments?post=7165"}],"version-history":[{"count":8,"href":"https:\/\/estrategica.com.co\/blog\/wp-json\/wp\/v2\/posts\/7165\/revisions"}],"predecessor-version":[{"id":60597,"href":"https:\/\/estrategica.com.co\/blog\/wp-json\/wp\/v2\/posts\/7165\/revisions\/60597"}],"wp:featuredmedia":[{"embeddable":true,"href":"https:\/\/estrategica.com.co\/blog\/wp-json\/wp\/v2\/media\/7166"}],"wp:attachment":[{"href":"https:\/\/estrategica.com.co\/blog\/wp-json\/wp\/v2\/media?parent=7165"}],"wp:term":[{"taxonomy":"category","embeddable":true,"href":"https:\/\/estrategica.com.co\/blog\/wp-json\/wp\/v2\/categories?post=7165"},{"taxonomy":"post_tag","embeddable":true,"href":"https:\/\/estrategica.com.co\/blog\/wp-json\/wp\/v2\/tags?post=7165"}],"curies":[{"name":"wp","href":"https:\/\/api.w.org\/{rel}","templated":true}]}}