{"id":7239,"date":"2009-03-22T13:38:04","date_gmt":"2009-03-22T13:38:04","guid":{"rendered":"http:\/\/estrategica.com.co\/blog\/?p=7239"},"modified":"2015-03-18T11:45:43","modified_gmt":"2015-03-18T16:45:43","slug":"navidad-rafael-caldera","status":"publish","type":"post","link":"https:\/\/estrategica.com.co\/blog\/navidad-rafael-caldera\/","title":{"rendered":"Navidad &#8211; Rafael Caldera"},"content":{"rendered":"<p> <script type='text\/javascript' src='https:\/\/estrategica.com.co\/blog\/wp-content\/plugins\/hana-flv-player\/flowplayer3\/example\/flowplayer-3.2.6.min.js'><\/script>\n<div >\n<div id='hana_flv_flow3_1' style='display:block;width:550px;height:413px;background-color:#555555;color:#ffffff;padding:0' title=\"*Video:navidad - rafael caldera\"><\/div>\n<\/div>\n\n<script  type='text\/javascript'>\nif (typeof g_hanaFlash !== 'undefined' && !g_hanaFlash){\n    jQuery('#hana_flv_flow3_1').css( 'padding', '5px' );\n\tjQuery('#hana_flv_flow3_1').html(\"<span class='inactive_message' style='display:block'>Sorry, your browser does not support Flash Video Player<\/span> *Video:navidad - rafael caldera\");\n}else{\t\t\t\n\t\tflowplayer('hana_flv_flow3_1', { src: 'https:\/\/estrategica.com.co\/blog\/wp-content\/plugins\/hana-flv-player\/flowplayer3\/flowplayer-3.2.7.swf', wmode: 'transparent' }, { \n\n\t\t\tcanvas: { backgroundColor: '#000000', backgroundGradient: 'none',},\n    \t\tclip:  { \n    \t\t\turl: '\/blog\/wp-content\/uploads\/2009\/01\/videos_varios_f\/Comercial_del_Gobierno_de_Caldera_1998.flv',\n        \t\tscaling: 'fit', autoPlay: false, autoBuffering: true \n\t\t\t\t   , onFinish : function () { this.seek(0); }  \n\n\t        }\n\n\t\t});\n}\n<\/script><br \/>\n<\/br><\/p>\n<p>[icon color=\u00bbAccent-Color\u00bb size=\u00bbregular\u00bb image=\u00bbsteadysets-icon-chat\u00bb] <strong>Contexto<\/strong><\/br><\/br><\/p>\n<p style=\"text-align: justify;\">Mensaje de navidad del Gobierno de Rafael Caldera en diciembre de 1998, cuando ya Hugo Ch\u00e1vez era el Presidente Electo. El mensaje del spot es m\u00e1s pol\u00edtico que navide\u00f1o. La primera palabra del spot es \u201clibre\u201d y se marca \u201cRepublica\u201d, \u201cSoberana\u201d, \u201cLibertadores\u201d, \u201cPaz\u201d, \u201cProgreso\u201d y \u201cLibertad\u201d. El spot empieza con \u201clibre\u201d y termina con \u201cLibertad\u201d.<\/p><\/p>\n","protected":false},"excerpt":{"rendered":"<p>*Video: navidad &#8211; rafael caldera [icon color=\u00bbAccent-Color\u00bb size=\u00bbregular\u00bb image=\u00bbsteadysets-icon-chat\u00bb] Contexto Mensaje de navidad del Gobierno de Rafael Caldera en diciembre de 1998, cuando ya Hugo Ch\u00e1vez era el Presidente Electo. El mensaje del spot es m\u00e1s pol\u00edtico que navide\u00f1o. La primera palabra del spot es \u201clibre\u201d y se marca \u201cRepublica\u201d, \u201cSoberana\u201d, \u201cLibertadores\u201d, \u201cPaz\u201d, \u201cProgreso\u201d y [&hellip;]<\/p>\n","protected":false},"author":5,"featured_media":7240,"comment_status":"open","ping_status":"open","sticky":false,"template":"","format":"standard","meta":{"_et_pb_use_builder":"","_et_pb_old_content":"","_et_gb_content_width":"","advanced_seo_description":"","jetpack_seo_html_title":"","jetpack_seo_noindex":false,"footnotes":""},"categories":[28,36,10,11,61,3],"tags":[335],"class_list":["post-7239","post","type-post","status-publish","format-standard","has-post-thumbnail","hentry","category-comunicacion-gobierno","category-de-gobierno","category-geo","category-temas","category-venezuela","category-video","tag-rafael-caldera"],"jetpack_featured_media_url":"https:\/\/i0.wp.com\/estrategica.com.co\/blog\/wp-content\/uploads\/2009\/03\/comercial_del_gobierno_de_caldera_1998_thumb.png?fit=324%2C222&ssl=1","jetpack_shortlink":"https:\/\/wp.me\/p4wgsh-1SL","jetpack-related-posts":[{"id":13928,"url":"https:\/\/estrategica.com.co\/blog\/spot-de-television-caldera\/","url_meta":{"origin":7239,"position":0},"title":"Spot de Televisi\u00f3n &#8211; Caldera","author":"Juliana","date":"junio 6, 2010","format":false,"excerpt":"[hana-flv-player video=\"\/blog\/wp-content\/uploads\/2009\/01\/videos_ultimos\/av046.flv\" width=\"550\" height=\"\" description=\"Spot de Televisi\u00f3n - Caldera\" clickurl=\"\" clicktarget=\"\" player=\"4\" autoplay=\"false\" loop=\"false\" autorewind=\"true\" splashimage=\"\" skin=\"\" \/] [icon color=\"Accent-Color\" size=\"regular\" image=\"steadysets-icon-chat\"] Contexto Colecci\u00f3n de Spot de la Campa\u00f1a de Rafael Caldera durante a la contienda por la Presidencia de Venezuela en el a\u00f1o 1983. La aspiraci\u00f3n se presenta a\u2026","rel":"","context":"En \u00abCampa\u00f1a Presidencial\u00bb","block_context":{"text":"Campa\u00f1a Presidencial","link":"https:\/\/estrategica.com.co\/blog\/category\/temas\/campana-presidencial\/"},"img":{"alt_text":"","src":"https:\/\/i0.wp.com\/estrategica.com.co\/blog\/wp-content\/uploads\/2009\/05\/av046_thumb.png?fit=385%2C311&ssl=1&resize=350%2C200","width":350,"height":200},"classes":[]},{"id":13940,"url":"https:\/\/estrategica.com.co\/blog\/una-necesidad-historica-caldera\/","url_meta":{"origin":7239,"position":1},"title":"Una Necesidad Hist\u00f3rica &#8211; Caldera","author":"estrategica.com","date":"mayo 25, 2009","format":false,"excerpt":"[hana-flv-player video=\"\/blog\/wp-content\/uploads\/2009\/01\/videos_ultimos\/av049.flv\" width=\"550\" height=\"\" description=\"Una Necesidad Hist\u00f3rica - Caldera\" clickurl=\"\" clicktarget=\"\" player=\"4\" autoplay=\"false\" loop=\"false\" autorewind=\"true\" splashimage=\"\" skin=\"\" \/] [icon color=\"Accent-Color\" size=\"regular\" image=\"steadysets-icon-chat\"] Contexto Spot de la Campa\u00f1a de Rafael Caldera durante a la contienda por la Presidencia de Venezuela en el a\u00f1o 1983. La aspiraci\u00f3n se presenta a nombre del\u2026","rel":"","context":"En \u00abCampa\u00f1a Presidencial\u00bb","block_context":{"text":"Campa\u00f1a Presidencial","link":"https:\/\/estrategica.com.co\/blog\/category\/temas\/campana-presidencial\/"},"img":{"alt_text":"","src":"https:\/\/i0.wp.com\/estrategica.com.co\/blog\/wp-content\/uploads\/2009\/05\/av049_thumb.png?fit=443%2C346&ssl=1&resize=350%2C200","width":350,"height":200},"classes":[]},{"id":13932,"url":"https:\/\/estrategica.com.co\/blog\/av047\/","url_meta":{"origin":7239,"position":2},"title":"Spots de Campa\u00f1a &#8211; Caldera","author":"Juliana","date":"abril 18, 2011","format":false,"excerpt":"[hana-flv-player video=\"\/blog\/wp-content\/uploads\/2009\/01\/videos_ultimos\/av047.flv\" width=\"550\" height=\"\" description=\"Spots de Campa\u00f1a - Caldera\" clickurl=\"\" clicktarget=\"\" player=\"4\" autoplay=\"false\" loop=\"false\" autorewind=\"true\" splashimage=\"\" skin=\"\" \/] [icon color=\"Accent-Color\" size=\"regular\" image=\"steadysets-icon-chat\"] Contexto Colecci\u00f3n de Spot de la Campa\u00f1a de Rafael Caldera durante a la contienda por la Presidencia de Venezuela en el a\u00f1o 1983. La aspiraci\u00f3n se presenta a\u2026","rel":"","context":"En \u00ab1983\u00bb","block_context":{"text":"1983","link":"https:\/\/estrategica.com.co\/blog\/category\/ano\/1983\/"},"img":{"alt_text":"","src":"https:\/\/i0.wp.com\/estrategica.com.co\/blog\/wp-content\/uploads\/2009\/05\/av047_thumb.png?fit=450%2C344&ssl=1&resize=350%2C200","width":350,"height":200},"classes":[]},{"id":13936,"url":"https:\/\/estrategica.com.co\/blog\/av048\/","url_meta":{"origin":7239,"position":3},"title":"Spots de Campa\u00f1a &#8211; Caldera","author":"estrategica.com","date":"abril 18, 2011","format":false,"excerpt":"[hana-flv-player video=\"\/blog\/wp-content\/uploads\/2009\/01\/videos_ultimos\/av048.flv\" width=\"550\" height=\"\" description=\"Spots de Campa\u00f1a - Caldera\" clickurl=\"\" clicktarget=\"\" player=\"4\" autoplay=\"false\" loop=\"false\" autorewind=\"true\" splashimage=\"\" skin=\"\" \/] [icon color=\"Accent-Color\" size=\"regular\" image=\"steadysets-icon-chat\"] Contexto Colecci\u00f3n de Spot de la Campa\u00f1a de Rafael Caldera durante a la contienda por la Presidencia de Venezuela en el a\u00f1o 1983. La aspiraci\u00f3n se presenta a\u2026","rel":"","context":"En \u00ab1983\u00bb","block_context":{"text":"1983","link":"https:\/\/estrategica.com.co\/blog\/category\/ano\/1983\/"},"img":{"alt_text":"","src":"https:\/\/i0.wp.com\/estrategica.com.co\/blog\/wp-content\/uploads\/2009\/05\/av048_thumb.png?fit=437%2C345&ssl=1&resize=350%2C200","width":350,"height":200},"classes":[]},{"id":15321,"url":"https:\/\/estrategica.com.co\/blog\/navidad-correa\/","url_meta":{"origin":7239,"position":4},"title":"Navidad &#8211; Correa","author":"Juliana","date":"junio 5, 2010","format":false,"excerpt":"[hana-flv-player video=\"\/blog\/wp-content\/uploads\/2009\/01\/videos_ultimos\/av206.flv\" width=\"550\" height=\"\" description=\"Navidad - Correa\" clickurl=\"\" clicktarget=\"\" player=\"4\" autoplay=\"false\" loop=\"false\" autorewind=\"true\" splashimage=\"\" skin=\"\" \/] [icon color=\"Accent-Color\" size=\"regular\" image=\"steadysets-icon-chat\"] Contexto","rel":"","context":"En \u00ab2008\u00bb","block_context":{"text":"2008","link":"https:\/\/estrategica.com.co\/blog\/category\/ano\/2008\/"},"img":{"alt_text":"","src":"https:\/\/i0.wp.com\/estrategica.com.co\/blog\/wp-content\/uploads\/2009\/05\/av206_thumb.png?fit=458%2C343&ssl=1&resize=350%2C200","width":350,"height":200},"classes":[]},{"id":7231,"url":"https:\/\/estrategica.com.co\/blog\/spot-de-navidad-chavez\/","url_meta":{"origin":7239,"position":5},"title":"Spot de Navidad &#8211; Chavez","author":"Juliana","date":"marzo 21, 2009","format":false,"excerpt":"[hana-flv-player video=\"\/blog\/wp-content\/uploads\/2009\/01\/videos_varios_f\/Comercial_Navideno_de_Chavez_Frias_1998.flv\" width=\"550\" height=\"\" description=\"Spot de Navidad - Chavez\" clickurl=\"\" clicktarget=\"\" player=\"4\" autoplay=\"false\" loop=\"false\" autorewind=\"true\" splashimage=\"\" skin=\"\" \/] [icon color=\"Accent-Color\" size=\"regular\" image=\"steadysets-icon-chat\"] Contexto Campa\u00f1a de Hugo Ch\u00e1vez a la Presidencia de Venezuela en las elecciones de 1998. Ch\u00e1vez tuvo visibilidad nacional por la rebeli\u00f3n de febrero de 1992 contra el\u2026","rel":"","context":"En \u00abCampa\u00f1a Presidencial\u00bb","block_context":{"text":"Campa\u00f1a Presidencial","link":"https:\/\/estrategica.com.co\/blog\/category\/temas\/campana-presidencial\/"},"img":{"alt_text":"","src":"https:\/\/i0.wp.com\/estrategica.com.co\/blog\/wp-content\/uploads\/2009\/03\/comercial_navideno_de_chavez_frias_1998_thumb.png?fit=330%2C224&ssl=1&resize=350%2C200","width":350,"height":200},"classes":[]}],"jetpack_sharing_enabled":true,"_links":{"self":[{"href":"https:\/\/estrategica.com.co\/blog\/wp-json\/wp\/v2\/posts\/7239","targetHints":{"allow":["GET"]}}],"collection":[{"href":"https:\/\/estrategica.com.co\/blog\/wp-json\/wp\/v2\/posts"}],"about":[{"href":"https:\/\/estrategica.com.co\/blog\/wp-json\/wp\/v2\/types\/post"}],"author":[{"embeddable":true,"href":"https:\/\/estrategica.com.co\/blog\/wp-json\/wp\/v2\/users\/5"}],"replies":[{"embeddable":true,"href":"https:\/\/estrategica.com.co\/blog\/wp-json\/wp\/v2\/comments?post=7239"}],"version-history":[{"count":5,"href":"https:\/\/estrategica.com.co\/blog\/wp-json\/wp\/v2\/posts\/7239\/revisions"}],"predecessor-version":[{"id":48278,"href":"https:\/\/estrategica.com.co\/blog\/wp-json\/wp\/v2\/posts\/7239\/revisions\/48278"}],"wp:featuredmedia":[{"embeddable":true,"href":"https:\/\/estrategica.com.co\/blog\/wp-json\/wp\/v2\/media\/7240"}],"wp:attachment":[{"href":"https:\/\/estrategica.com.co\/blog\/wp-json\/wp\/v2\/media?parent=7239"}],"wp:term":[{"taxonomy":"category","embeddable":true,"href":"https:\/\/estrategica.com.co\/blog\/wp-json\/wp\/v2\/categories?post=7239"},{"taxonomy":"post_tag","embeddable":true,"href":"https:\/\/estrategica.com.co\/blog\/wp-json\/wp\/v2\/tags?post=7239"}],"curies":[{"name":"wp","href":"https:\/\/api.w.org\/{rel}","templated":true}]}}