{"id":7328,"date":"2009-03-21T19:25:38","date_gmt":"2009-03-21T19:25:38","guid":{"rendered":"http:\/\/estrategica.com.co\/blog\/?p=7328"},"modified":"2015-03-18T12:28:55","modified_gmt":"2015-03-18T17:28:55","slug":"elecciones-parlamento-europeo-izquierda-republicana-de-cataluna","status":"publish","type":"post","link":"https:\/\/estrategica.com.co\/blog\/elecciones-parlamento-europeo-izquierda-republicana-de-cataluna\/","title":{"rendered":"Elecciones Parlamento Europeo &#8211; Izquierda Republicana de Catalu\u00f1a"},"content":{"rendered":"<p> <script type='text\/javascript' src='https:\/\/estrategica.com.co\/blog\/wp-content\/plugins\/hana-flv-player\/flowplayer3\/example\/flowplayer-3.2.6.min.js'><\/script>\n<div >\n<div id='hana_flv_flow3_1' style='display:block;width:550px;height:413px;background-color:#555555;color:#ffffff;padding:0' title=\"*Video:elecciones parlamento europeo - izquierda republicana de catalu\u00f1a\"><\/div>\n<\/div>\n\n<script  type='text\/javascript'>\nif (typeof g_hanaFlash !== 'undefined' && !g_hanaFlash){\n    jQuery('#hana_flv_flow3_1').css( 'padding', '5px' );\n\tjQuery('#hana_flv_flow3_1').html(\"<span class='inactive_message' style='display:block'>Sorry, your browser does not support Flash Video Player<\/span> *Video:elecciones parlamento europeo - izquierda republicana de catalu\u00f1a\");\n}else{\t\t\t\n\t\tflowplayer('hana_flv_flow3_1', { src: 'https:\/\/estrategica.com.co\/blog\/wp-content\/plugins\/hana-flv-player\/flowplayer3\/flowplayer-3.2.7.swf', wmode: 'transparent' }, { \n\n\t\t\tcanvas: { backgroundColor: '#000000', backgroundGradient: 'none',},\n    \t\tclip:  { \n    \t\t\turl: '\/blog\/wp-content\/uploads\/2009\/01\/videos_varios_f\/Espot_Eleccions_Parlament_Europeu_2004.flv',\n        \t\tscaling: 'fit', autoPlay: false, autoBuffering: true \n\t\t\t\t   , onFinish : function () { this.seek(0); }  \n\n\t        }\n\n\t\t});\n}\n<\/script><br \/>\n<\/br><\/p>\n<p>[icon color=\u00bbAccent-Color\u00bb size=\u00bbregular\u00bb image=\u00bbsteadysets-icon-chat\u00bb] <strong>Contexto<\/strong><\/br><\/br><\/p>\n<p style=\"text-align: justify;\">Spot de campa\u00f1a de Esquerra Republicana de Catalunya o Izquierda Republicana de Catalu\u00f1a para las elecciones al Parlamento Europeo de 2004. El spot muestra diferentes momentos vividos por Europa en los \u00faltimos a\u00f1os y ubica su discurso en esa secuencia hist\u00f3rica que ha mostrado.<\/p><\/p>\n","protected":false},"excerpt":{"rendered":"<p>*Video: elecciones parlamento europeo &#8211; izquierda republicana de catalu\u00f1a [icon color=\u00bbAccent-Color\u00bb size=\u00bbregular\u00bb image=\u00bbsteadysets-icon-chat\u00bb] Contexto Spot de campa\u00f1a de Esquerra Republicana de Catalunya o Izquierda Republicana de Catalu\u00f1a para las elecciones al Parlamento Europeo de 2004. El spot muestra diferentes momentos vividos por Europa en los \u00faltimos a\u00f1os y ubica su discurso en esa secuencia hist\u00f3rica [&hellip;]<\/p>\n","protected":false},"author":5,"featured_media":7329,"comment_status":"open","ping_status":"open","sticky":false,"template":"","format":"standard","meta":{"_et_pb_use_builder":"","_et_pb_old_content":"","_et_gb_content_width":"","advanced_seo_description":"","jetpack_seo_html_title":"","jetpack_seo_noindex":false,"footnotes":""},"categories":[58,34,23,10,11,3],"tags":[190,332],"class_list":["post-7328","post","type-post","status-publish","format-standard","has-post-thumbnail","hentry","category-campana-colegiada","category-electoral","category-espana","category-geo","category-temas","category-video","tag-elecciones-2004","tag-izquierda-republicana"],"jetpack_featured_media_url":"https:\/\/i0.wp.com\/estrategica.com.co\/blog\/wp-content\/uploads\/2009\/03\/espot_eleccions_parlament_europeu_2004_thumb.png?fit=265%2C163&ssl=1","jetpack_shortlink":"https:\/\/wp.me\/p4wgsh-1Uc","jetpack-related-posts":[{"id":11037,"url":"https:\/\/estrategica.com.co\/blog\/elecciones-europeas-erc\/","url_meta":{"origin":7328,"position":0},"title":"Elecciones Europeas &#8211; ERC","author":"Juliana","date":"abril 19, 2011","format":false,"excerpt":"[hana-flv-player video=\"\/blog\/wp-content\/uploads\/2009\/01\/carpeta_muchos_varios\/EspanaCatalunyaERC04.flv\" width=\"550\" height=\"\" description=\"Elecciones Europeas - ERC\" clickurl=\"\" clicktarget=\"\" player=\"4\" autoplay=\"false\" loop=\"false\" autorewind=\"true\" splashimage=\"\" skin=\"\" \/] [icon color=\"Accent-Color\" size=\"regular\" image=\"steadysets-icon-chat\"] Contexto Spot de Esquerra Republicana de Catalunya, o Izquierda republicana de Catalu\u00f1a, para las elecciones al parlamento europeo en la contienda electoral de 2004 en Espa\u00f1a. Esquerra propugna la\u2026","rel":"","context":"En \u00ab2004\u00bb","block_context":{"text":"2004","link":"https:\/\/estrategica.com.co\/blog\/category\/ano\/2004\/"},"img":{"alt_text":"","src":"https:\/\/i0.wp.com\/estrategica.com.co\/blog\/wp-content\/uploads\/2009\/04\/espanacatalunyaerc04_thumb.png?fit=335%2C243&ssl=1&resize=350%2C200","width":350,"height":200},"classes":[]},{"id":7332,"url":"https:\/\/estrategica.com.co\/blog\/referendum-constitucion-europea-no\/","url_meta":{"origin":7328,"position":1},"title":"Refer\u00e9ndum Constituci\u00f3n Europea &#8211; NO","author":"Juliana","date":"marzo 21, 2009","format":false,"excerpt":"[hana-flv-player video=\"\/blog\/wp-content\/uploads\/2009\/01\/videos_varios_f\/Espot_Referndum_Constituci_Europea_2005.flv\" width=\"550\" height=\"\" description=\"Refer\u00e9ndum Constituci\u00f3n Europea - NO\" clickurl=\"\" clicktarget=\"\" player=\"4\" autoplay=\"false\" loop=\"false\" autorewind=\"true\" splashimage=\"\" skin=\"\" \/] [icon color=\"Accent-Color\" size=\"regular\" image=\"steadysets-icon-chat\"] Contexto Spot de campa\u00f1a de Esquerra Republicana de Catalunya o Izquierda Republicana de Catalu\u00f1a para el Refer\u00e9ndum aprobatorio de la Constituci\u00f3n Europea. La consulta buscaba determinar si los\u2026","rel":"","context":"En \u00abConsulta Popular\u00bb","block_context":{"text":"Consulta Popular","link":"https:\/\/estrategica.com.co\/blog\/category\/temas\/consulta-popular\/"},"img":{"alt_text":"","src":"","width":0,"height":0},"classes":[]},{"id":8192,"url":"https:\/\/estrategica.com.co\/blog\/objetivo-un-pais-de-primera-esquerra\/","url_meta":{"origin":7328,"position":2},"title":"Objetivo: Un Pa\u00eds de Primera &#8211; Esquerra","author":"Juliana","date":"marzo 28, 2009","format":false,"excerpt":"[hana-flv-player video=\"\/blog\/wp-content\/uploads\/2009\/01\/videos_varios_f\/Spot_ERC_Objetivo_un_pa_de_primera.flv\" width=\"550\" height=\"\" description=\"Objetivo: Un Pa\u00eds de Primera - Esquerra\" clickurl=\"\" clicktarget=\"\" player=\"4\" autoplay=\"false\" loop=\"false\" autorewind=\"true\" splashimage=\"\" skin=\"\" \/] [icon color=\"Accent-Color\" size=\"regular\" image=\"steadysets-icon-chat\"] Contexto Campa\u00f1a de Esquerra Republicana de Catalunya o en espa\u00f1ol: Izquierda Republicana de Catalu\u00f1a. Esquerra es un partido de izquierdas, favorable a la rep\u00fablica y a\u2026","rel":"","context":"En \u00abCampa\u00f1a Cuerpo Colegiado\u00bb","block_context":{"text":"Campa\u00f1a Cuerpo Colegiado","link":"https:\/\/estrategica.com.co\/blog\/category\/temas\/campana-colegiada\/"},"img":{"alt_text":"","src":"","width":0,"height":0},"classes":[]},{"id":35297,"url":"https:\/\/estrategica.com.co\/blog\/gregoirethenews\/","url_meta":{"origin":7328,"position":3},"title":"Las Noticias &#8211; Gregoire","author":"Juliana","date":"agosto 3, 2012","format":false,"excerpt":"[hana-flv-player video=\"\/blog\/wp-content\/uploads\/2009\/01\/20111213\/GregoireTheNews.flv\" width=\"550\" height=\"\" description=\"Las Noticias - Gregoire\" clickurl=\"\" clicktarget=\"\" player=\"4\" autoplay=\"false\" loop=\"false\" autorewind=\"false\" splashimage=\"\" skin=\"\" \/] [icon color=\"Accent-Color\" size=\"regular\" image=\"steadysets-icon-chat\"] Contexto Spot de la Campa\u00f1a Christine O'Grady Gregoire a la Gobernaci\u00f3n del Estado de Washington durante la contienda electoral de 2008, a nombre del Partido Dem\u00f3crata. Gregoire buscaba la\u2026","rel":"","context":"En \u00ab2008\u00bb","block_context":{"text":"2008","link":"https:\/\/estrategica.com.co\/blog\/category\/ano\/2008\/"},"img":{"alt_text":"","src":"https:\/\/i0.wp.com\/estrategica.com.co\/blog\/wp-content\/uploads\/2012\/08\/GregoireTheNews_thumb.png?fit=604%2C549&ssl=1&resize=350%2C200","width":350,"height":200},"classes":[]},{"id":35303,"url":"https:\/\/estrategica.com.co\/blog\/gregoiresquawking\/","url_meta":{"origin":7328,"position":4},"title":"Graznido &#8211; Gregoire","author":"Juliana","date":"agosto 3, 2012","format":false,"excerpt":"[hana-flv-player video=\"\/blog\/wp-content\/uploads\/2009\/01\/20111213\/GregoireSquawking.flv\" width=\"550\" height=\"\" description=\"Graznido - Gregoire\" clickurl=\"\" clicktarget=\"\" player=\"4\" autoplay=\"false\" loop=\"false\" autorewind=\"false\" splashimage=\"\" skin=\"\" \/] [icon color=\"Accent-Color\" size=\"regular\" image=\"steadysets-icon-chat\"] Contexto Spot de la Campa\u00f1a Christine O'Grady Gregoire a la Gobernaci\u00f3n del Estado de Washington durante la contienda electoral de 2008, a nombre del Partido Dem\u00f3crata. Gregoire buscaba la reelecci\u00f3n\u2026","rel":"","context":"En \u00ab2008\u00bb","block_context":{"text":"2008","link":"https:\/\/estrategica.com.co\/blog\/category\/ano\/2008\/"},"img":{"alt_text":"","src":"https:\/\/i0.wp.com\/estrategica.com.co\/blog\/wp-content\/uploads\/2012\/08\/GregoireSquawking_thumb.png?fit=666%2C364&ssl=1&resize=350%2C200","width":350,"height":200},"classes":[]},{"id":35315,"url":"https:\/\/estrategica.com.co\/blog\/gregoireourchildren\/","url_meta":{"origin":7328,"position":5},"title":"Nuestros Hijos &#8211; Gregoire","author":"Juliana","date":"agosto 2, 2012","format":false,"excerpt":"[hana-flv-player video=\"\/blog\/wp-content\/uploads\/2009\/01\/20111213\/GregoireOurChildren.flv\" width=\"550\" height=\"\" description=\"Nuestros Hijos - Gregoire\" clickurl=\"\" clicktarget=\"\" player=\"4\" autoplay=\"false\" loop=\"false\" autorewind=\"false\" splashimage=\"\" skin=\"\" \/] [icon color=\"Accent-Color\" size=\"regular\" image=\"steadysets-icon-chat\"] Contexto Spot de la Campa\u00f1a Christine O'Grady Gregoire a la Gobernaci\u00f3n del Estado de Washington durante la contienda electoral de 2008, a nombre del Partido Dem\u00f3crata. Gregoire buscaba la\u2026","rel":"","context":"En \u00ab2008\u00bb","block_context":{"text":"2008","link":"https:\/\/estrategica.com.co\/blog\/category\/ano\/2008\/"},"img":{"alt_text":"","src":"https:\/\/i0.wp.com\/estrategica.com.co\/blog\/wp-content\/uploads\/2012\/08\/GregoireOurChildren_thumb.png?fit=867%2C632&ssl=1&resize=350%2C200","width":350,"height":200},"classes":[]}],"jetpack_sharing_enabled":true,"_links":{"self":[{"href":"https:\/\/estrategica.com.co\/blog\/wp-json\/wp\/v2\/posts\/7328","targetHints":{"allow":["GET"]}}],"collection":[{"href":"https:\/\/estrategica.com.co\/blog\/wp-json\/wp\/v2\/posts"}],"about":[{"href":"https:\/\/estrategica.com.co\/blog\/wp-json\/wp\/v2\/types\/post"}],"author":[{"embeddable":true,"href":"https:\/\/estrategica.com.co\/blog\/wp-json\/wp\/v2\/users\/5"}],"replies":[{"embeddable":true,"href":"https:\/\/estrategica.com.co\/blog\/wp-json\/wp\/v2\/comments?post=7328"}],"version-history":[{"count":6,"href":"https:\/\/estrategica.com.co\/blog\/wp-json\/wp\/v2\/posts\/7328\/revisions"}],"predecessor-version":[{"id":48329,"href":"https:\/\/estrategica.com.co\/blog\/wp-json\/wp\/v2\/posts\/7328\/revisions\/48329"}],"wp:featuredmedia":[{"embeddable":true,"href":"https:\/\/estrategica.com.co\/blog\/wp-json\/wp\/v2\/media\/7329"}],"wp:attachment":[{"href":"https:\/\/estrategica.com.co\/blog\/wp-json\/wp\/v2\/media?parent=7328"}],"wp:term":[{"taxonomy":"category","embeddable":true,"href":"https:\/\/estrategica.com.co\/blog\/wp-json\/wp\/v2\/categories?post=7328"},{"taxonomy":"post_tag","embeddable":true,"href":"https:\/\/estrategica.com.co\/blog\/wp-json\/wp\/v2\/tags?post=7328"}],"curies":[{"name":"wp","href":"https:\/\/api.w.org\/{rel}","templated":true}]}}