{"id":7360,"date":"2009-03-21T12:09:41","date_gmt":"2009-03-21T12:09:41","guid":{"rendered":"http:\/\/estrategica.com.co\/blog\/?p=7360"},"modified":"2015-03-19T12:07:35","modified_gmt":"2015-03-19T17:07:35","slug":"en-mexico-tenemos-nuevo-presidente-calderon","status":"publish","type":"post","link":"https:\/\/estrategica.com.co\/blog\/en-mexico-tenemos-nuevo-presidente-calderon\/","title":{"rendered":"En M\u00e9xico tenemos nuevo Presidente &#8211; Calder\u00f3n"},"content":{"rendered":"<p> <script type='text\/javascript' src='https:\/\/estrategica.com.co\/blog\/wp-content\/plugins\/hana-flv-player\/flowplayer3\/example\/flowplayer-3.2.6.min.js'><\/script>\n<div >\n<div id='hana_flv_flow3_1' style='display:block;width:550px;height:413px;background-color:#555555;color:#ffffff;padding:0' title=\"*Video:en m\u00e9xico tenemos nuevo presidente - calder\u00f3n\"><\/div>\n<\/div>\n\n<script  type='text\/javascript'>\nif (typeof g_hanaFlash !== 'undefined' && !g_hanaFlash){\n    jQuery('#hana_flv_flow3_1').css( 'padding', '5px' );\n\tjQuery('#hana_flv_flow3_1').html(\"<span class='inactive_message' style='display:block'>Sorry, your browser does not support Flash Video Player<\/span> *Video:en m\u00e9xico tenemos nuevo presidente - calder\u00f3n\");\n}else{\t\t\t\n\t\tflowplayer('hana_flv_flow3_1', { src: 'https:\/\/estrategica.com.co\/blog\/wp-content\/plugins\/hana-flv-player\/flowplayer3\/flowplayer-3.2.7.swf', wmode: 'transparent' }, { \n\n\t\t\tcanvas: { backgroundColor: '#000000', backgroundGradient: 'none',},\n    \t\tclip:  { \n    \t\t\turl: '\/blog\/wp-content\/uploads\/2009\/01\/videos_varios_f\/Felipe_Calderon_Presidente_Spot.flv',\n        \t\tscaling: 'fit', autoPlay: false, autoBuffering: true \n\t\t\t\t   , onFinish : function () { this.seek(0); }  \n\n\t        }\n\n\t\t});\n}\n<\/script><br \/>\n<\/br><\/p>\n<p>[icon color=\u00bbAccent-Color\u00bb size=\u00bbregular\u00bb image=\u00bbsteadysets-icon-chat\u00bb] <strong>Contexto<\/strong><\/br><\/br><\/p>\n<p style=\"text-align: justify;\">Spot de Gobierno de Felipe Calder\u00f3n a las elecciones de 2006.\u00a0 La pieza tiene como finalidad trasmitir un mensaje de optimismo en medio de la situaci\u00f3n generada por Andr\u00e9s Manuel L\u00f3pez Obrador, quien acus\u00f3 al ganador de fraude y realiz\u00f3 manifestaciones en el Z\u00f3calo, la plaza principal de M\u00e9xico. El tono visual de la pieza es de esperanza y el anuncio de que van a pasar cosas, sin decir nada concreto,\u00a0 se convierte en una promesa emocional que trata de marcar un nuevo comienzo sin comprometerse mucho.<\/p><\/p>\n","protected":false},"excerpt":{"rendered":"<p>*Video: en m\u00e9xico tenemos nuevo presidente &#8211; calder\u00f3n [icon color=\u00bbAccent-Color\u00bb size=\u00bbregular\u00bb image=\u00bbsteadysets-icon-chat\u00bb] Contexto Spot de Gobierno de Felipe Calder\u00f3n a las elecciones de 2006.\u00a0 La pieza tiene como finalidad trasmitir un mensaje de optimismo en medio de la situaci\u00f3n generada por Andr\u00e9s Manuel L\u00f3pez Obrador, quien acus\u00f3 al ganador de fraude y realiz\u00f3 manifestaciones en [&hellip;]<\/p>\n","protected":false},"author":5,"featured_media":7361,"comment_status":"open","ping_status":"open","sticky":false,"template":"","format":"standard","meta":{"_et_pb_use_builder":"","_et_pb_old_content":"","_et_gb_content_width":"","advanced_seo_description":"","jetpack_seo_html_title":"","jetpack_seo_noindex":false,"footnotes":""},"categories":[28,36,10,201,11,3],"tags":[196,259,255],"class_list":["post-7360","post","type-post","status-publish","format-standard","has-post-thumbnail","hentry","category-comunicacion-gobierno","category-de-gobierno","category-geo","category-mexico","category-temas","category-video","tag-elecciones-2006","tag-felipe-calderon","tag-pan"],"jetpack_featured_media_url":"https:\/\/i0.wp.com\/estrategica.com.co\/blog\/wp-content\/uploads\/2009\/03\/felipe_calderon_presidente_spot_thumb.png?fit=331%2C189&ssl=1","jetpack_shortlink":"https:\/\/wp.me\/p4wgsh-1UI","jetpack-related-posts":[{"id":14906,"url":"https:\/\/estrategica.com.co\/blog\/un-peligro-para-mexico-calderon\/","url_meta":{"origin":7360,"position":0},"title":"Un Peligro para M\u00e9xico &#8211; Calder\u00f3n","author":"Juliana","date":"mayo 23, 2009","format":false,"excerpt":"[hana-flv-player video=\"\/blog\/wp-content\/uploads\/2009\/01\/videos_ultimos\/av175.flv\" width=\"550\" height=\"\" description=\"Mediador Internacional - Richardson\" clickurl=\"\" clicktarget=\"\" player=\"4\" autoplay=\"false\" loop=\"false\" autorewind=\"true\" splashimage=\"\" skin=\"\" \/] [icon color=\"Accent-Color\" size=\"regular\" image=\"steadysets-icon-chat\"] Contexto Spot de campa\u00f1a de Felipe Calder\u00f3n a las elecciones de 2006. La estrategia, inicialmente, estuvo dirigida a aumentar el nivel de conocimiento pues era el menos conocido de\u2026","rel":"","context":"En \u00abCampa\u00f1a Presidencial\u00bb","block_context":{"text":"Campa\u00f1a Presidencial","link":"https:\/\/estrategica.com.co\/blog\/category\/temas\/campana-presidencial\/"},"img":{"alt_text":"","src":"https:\/\/i0.wp.com\/estrategica.com.co\/blog\/wp-content\/uploads\/2009\/05\/av175_thumb.png?fit=454%2C350&ssl=1&resize=350%2C200","width":350,"height":200},"classes":[]},{"id":17913,"url":"https:\/\/estrategica.com.co\/blog\/nuevo-presidente-calderon\/","url_meta":{"origin":7360,"position":1},"title":"Nuevo Presidente &#8211; Calder\u00f3n","author":"Juliana","date":"octubre 11, 2009","format":false,"excerpt":"[hana-flv-player video=\"\/blog\/wp-content\/uploads\/2009\/01\/videosultimosconver\/presidencia2.flv\" width=\"550\" height=\"\" description=\"Nuevo Presidente - Calder\u00f3n\" clickurl=\"\" clicktarget=\"\" player=\"4\" autoplay=\"false\" loop=\"false\" autorewind=\"true\" splashimage=\"\" skin=\"\" \/] [icon color=\"Accent-Color\" size=\"regular\" image=\"steadysets-icon-chat\"] Contexto Spot del Gobierno Mexicano para marcar el comienzo de la administraci\u00f3n del Presidente Felipe Calder\u00f3n despu\u00e9s del estrecho margen de triunfo y el desconocimiento de L\u00f3pez Obrador de\u2026","rel":"","context":"En \u00ab2007\u00bb","block_context":{"text":"2007","link":"https:\/\/estrategica.com.co\/blog\/category\/ano\/2007\/"},"img":{"alt_text":"","src":"https:\/\/i0.wp.com\/estrategica.com.co\/blog\/wp-content\/uploads\/2009\/06\/presidencia2_thumb.png?fit=648%2C416&ssl=1&resize=350%2C200","width":350,"height":200},"classes":[]},{"id":18153,"url":"https:\/\/estrategica.com.co\/blog\/nuevo-presidente-calderon-2\/","url_meta":{"origin":7360,"position":2},"title":"Nuevo Presidente &#8211; Calder\u00f3n","author":"Juliana","date":"octubre 11, 2009","format":false,"excerpt":"[hana-flv-player video=\"\/blog\/wp-content\/uploads\/2009\/01\/videosultimosconver\/spotpresidencia.flv\" width=\"550\" height=\"\" description=\"Nuevo Presidente - Calder\u00f3n\" clickurl=\"\" clicktarget=\"\" player=\"4\" autoplay=\"false\" loop=\"false\" autorewind=\"true\" splashimage=\"\" skin=\"\" \/] [icon color=\"Accent-Color\" size=\"regular\" image=\"steadysets-icon-chat\"] Contexto Spot del Gobierno Mexicano para marcar el comienzo de la administraci\u00f3n del Presidente Felipe Calder\u00f3n despu\u00e9s del estrecho margen de triunfo y el desconocimiento de L\u00f3pez Obrador de\u2026","rel":"","context":"En \u00ab2007\u00bb","block_context":{"text":"2007","link":"https:\/\/estrategica.com.co\/blog\/category\/ano\/2007\/"},"img":{"alt_text":"","src":"https:\/\/i0.wp.com\/estrategica.com.co\/blog\/wp-content\/uploads\/2009\/06\/spotpresidencia_thumb.png?fit=677%2C421&ssl=1&resize=350%2C200","width":350,"height":200},"classes":[]},{"id":2325,"url":"https:\/\/estrategica.com.co\/blog\/la-pobreza-se-combate-con-empleo-fox\/","url_meta":{"origin":7360,"position":3},"title":"La pobreza se combate con empleo &#8211; Felipe Calderon","author":"Juliana","date":"marzo 15, 2009","format":false,"excerpt":"[hana-flv-player video=\"\/blog\/wp-content\/uploads\/2009\/01\/mexico\/FOX_la_pobreza_se_combate_con_empleo.flv\" width=\"550\" height=\"\" description=\"La pobreza se combate con empleo - Felipe Calderon\" clickurl=\"\" clicktarget=\"\" player=\"4\" autoplay=\"false\" loop=\"false\" autorewind=\"true\" splashimage=\"\" skin=\"\" \/] [icon color=\"Accent-Color\" size=\"regular\" image=\"steadysets-icon-chat\"] Contexto Spot de campa\u00f1a de Felipe Calder\u00f3n a las elecciones de 2006.\u00a0 La estrategia, inicialmente, estuvo dirigida a aumentar el nivel de conocimiento pues\u2026","rel":"","context":"En \u00abCampa\u00f1a Presidencial\u00bb","block_context":{"text":"Campa\u00f1a Presidencial","link":"https:\/\/estrategica.com.co\/blog\/category\/temas\/campana-presidencial\/"},"img":{"alt_text":"","src":"","width":0,"height":0},"classes":[]},{"id":7052,"url":"https:\/\/estrategica.com.co\/blog\/empleo-felipe-calderon\/","url_meta":{"origin":7360,"position":4},"title":"Empleo &#8211; Felipe Calder\u00f3n","author":"Juliana","date":"marzo 19, 2009","format":false,"excerpt":"[hana-flv-player video=\"\/blog\/wp-content\/uploads\/2009\/01\/videos_varios_f\/Calderon_Empleo.flv\" width=\"550\" height=\"\" description=\"Empleo - Felipe Calder\u00f3n\" clickurl=\"\" clicktarget=\"\" player=\"4\" autoplay=\"false\" loop=\"false\" autorewind=\"true\" splashimage=\"\" skin=\"\" \/] [icon color=\"Accent-Color\" size=\"regular\" image=\"steadysets-icon-chat\"] Contexto Spot de campa\u00f1a de Felipe Calder\u00f3n a las elecciones de 2006.\u00a0 La estrategia, inicialmente, estuvo dirigida a aumentar el nivel de conocimiento pues era el menos conocido de\u2026","rel":"","context":"En \u00abCampa\u00f1a Presidencial\u00bb","block_context":{"text":"Campa\u00f1a Presidencial","link":"https:\/\/estrategica.com.co\/blog\/category\/temas\/campana-presidencial\/"},"img":{"alt_text":"","src":"https:\/\/i0.wp.com\/estrategica.com.co\/blog\/wp-content\/uploads\/2009\/03\/calderon_empleo_thumb.png?fit=323%2C211&ssl=1&resize=350%2C200","width":350,"height":200},"classes":[]},{"id":15313,"url":"https:\/\/estrategica.com.co\/blog\/presidente-del-empleo-calderon\/","url_meta":{"origin":7360,"position":5},"title":"Presidente del Empleo &#8211; Calder\u00f3n","author":"Juliana","date":"noviembre 13, 2009","format":false,"excerpt":"[hana-flv-player video=\"\/blog\/wp-content\/uploads\/2009\/01\/videos_ultimos\/av204.flv\" width=\"550\" height=\"\" description=\"Presidente del Empleo - Calder\u00f3n\" clickurl=\"\" clicktarget=\"\" player=\"4\" autoplay=\"false\" loop=\"false\" autorewind=\"true\" splashimage=\"\" skin=\"\" \/] [icon color=\"Accent-Color\" size=\"regular\" image=\"steadysets-icon-chat\"] Contexto Spot de campa\u00f1a de Felipe Calder\u00f3n a las elecciones de 2006.\u00a0 La estrategia, inicialmente, estuvo dirigida a aumentar el nivel de conocimiento pues era el menos conocido\u2026","rel":"","context":"En \u00abCampa\u00f1a Presidencial\u00bb","block_context":{"text":"Campa\u00f1a Presidencial","link":"https:\/\/estrategica.com.co\/blog\/category\/temas\/campana-presidencial\/"},"img":{"alt_text":"","src":"https:\/\/i0.wp.com\/estrategica.com.co\/blog\/wp-content\/uploads\/2009\/05\/av204_thumb.png?fit=448%2C329&ssl=1&resize=350%2C200","width":350,"height":200},"classes":[]}],"jetpack_sharing_enabled":true,"_links":{"self":[{"href":"https:\/\/estrategica.com.co\/blog\/wp-json\/wp\/v2\/posts\/7360","targetHints":{"allow":["GET"]}}],"collection":[{"href":"https:\/\/estrategica.com.co\/blog\/wp-json\/wp\/v2\/posts"}],"about":[{"href":"https:\/\/estrategica.com.co\/blog\/wp-json\/wp\/v2\/types\/post"}],"author":[{"embeddable":true,"href":"https:\/\/estrategica.com.co\/blog\/wp-json\/wp\/v2\/users\/5"}],"replies":[{"embeddable":true,"href":"https:\/\/estrategica.com.co\/blog\/wp-json\/wp\/v2\/comments?post=7360"}],"version-history":[{"count":9,"href":"https:\/\/estrategica.com.co\/blog\/wp-json\/wp\/v2\/posts\/7360\/revisions"}],"predecessor-version":[{"id":48731,"href":"https:\/\/estrategica.com.co\/blog\/wp-json\/wp\/v2\/posts\/7360\/revisions\/48731"}],"wp:featuredmedia":[{"embeddable":true,"href":"https:\/\/estrategica.com.co\/blog\/wp-json\/wp\/v2\/media\/7361"}],"wp:attachment":[{"href":"https:\/\/estrategica.com.co\/blog\/wp-json\/wp\/v2\/media?parent=7360"}],"wp:term":[{"taxonomy":"category","embeddable":true,"href":"https:\/\/estrategica.com.co\/blog\/wp-json\/wp\/v2\/categories?post=7360"},{"taxonomy":"post_tag","embeddable":true,"href":"https:\/\/estrategica.com.co\/blog\/wp-json\/wp\/v2\/tags?post=7360"}],"curies":[{"name":"wp","href":"https:\/\/api.w.org\/{rel}","templated":true}]}}