{"id":7407,"date":"2009-03-21T15:14:12","date_gmt":"2009-03-21T15:14:12","guid":{"rendered":"http:\/\/estrategica.com.co\/blog\/?p=7407"},"modified":"2015-03-19T11:25:19","modified_gmt":"2015-03-19T16:25:19","slug":"euskadi-turismo","status":"publish","type":"post","link":"https:\/\/estrategica.com.co\/blog\/euskadi-turismo\/","title":{"rendered":"Euskadi"},"content":{"rendered":"<p> <script type='text\/javascript' src='https:\/\/estrategica.com.co\/blog\/wp-content\/plugins\/hana-flv-player\/flowplayer3\/example\/flowplayer-3.2.6.min.js'><\/script>\n<div >\n<div id='hana_flv_flow3_1' style='display:block;width:550px;height:413px;background-color:#555555;color:#ffffff;padding:0' title=\"*Video:euskadi\"><\/div>\n<\/div>\n\n<script  type='text\/javascript'>\nif (typeof g_hanaFlash !== 'undefined' && !g_hanaFlash){\n    jQuery('#hana_flv_flow3_1').css( 'padding', '5px' );\n\tjQuery('#hana_flv_flow3_1').html(\"<span class='inactive_message' style='display:block'>Sorry, your browser does not support Flash Video Player<\/span> *Video:euskadi\");\n}else{\t\t\t\n\t\tflowplayer('hana_flv_flow3_1', { src: 'https:\/\/estrategica.com.co\/blog\/wp-content\/plugins\/hana-flv-player\/flowplayer3\/flowplayer-3.2.7.swf', wmode: 'transparent' }, { \n\n\t\t\tcanvas: { backgroundColor: '#000000', backgroundGradient: 'none',},\n    \t\tclip:  { \n    \t\t\turl: '\/blog\/wp-content\/uploads\/2009\/01\/videos_varios_f\/Gobierno_Vasco_Spot_de_turismo.flv',\n        \t\tscaling: 'fit', autoPlay: false, autoBuffering: true \n\t\t\t\t   , onFinish : function () { this.seek(0); }  \n\n\t        }\n\n\t\t});\n}\n<\/script><br \/>\n<\/br><\/p>\n<p>[icon color=\u00bbAccent-Color\u00bb size=\u00bbregular\u00bb image=\u00bbsteadysets-icon-chat\u00bb] <strong>Contexto<\/strong><\/br><\/br><\/p>\n<p style=\"text-align: justify;\">Spot del Gobierno de Euskadi para promocionar el turismo. El video es moderno, trasmite vitalidad y es invitador. Las secuencias son l\u00fadicas lo que lo hace muy atractivo. Es interesante como se mezclan los lugares, los efectos y las personas. Un spot bien logrado.<\/p><\/p>\n","protected":false},"excerpt":{"rendered":"<p>*Video: euskadi [icon color=\u00bbAccent-Color\u00bb size=\u00bbregular\u00bb image=\u00bbsteadysets-icon-chat\u00bb] Contexto Spot del Gobierno de Euskadi para promocionar el turismo. El video es moderno, trasmite vitalidad y es invitador. Las secuencias son l\u00fadicas lo que lo hace muy atractivo. Es interesante como se mezclan los lugares, los efectos y las personas. Un spot bien logrado.<\/p>\n","protected":false},"author":5,"featured_media":7408,"comment_status":"open","ping_status":"open","sticky":false,"template":"","format":"standard","meta":{"_et_pb_use_builder":"","_et_pb_old_content":"","_et_gb_content_width":"","advanced_seo_description":"","jetpack_seo_html_title":"","jetpack_seo_noindex":false,"footnotes":""},"categories":[28,36,23,10,11,3],"tags":[327],"class_list":["post-7407","post","type-post","status-publish","format-standard","has-post-thumbnail","hentry","category-comunicacion-gobierno","category-de-gobierno","category-espana","category-geo","category-temas","category-video","tag-turismo"],"jetpack_featured_media_url":"https:\/\/i0.wp.com\/estrategica.com.co\/blog\/wp-content\/uploads\/2009\/03\/gobierno_vasco_spot_de_turismo_thumb.png?fit=320%2C202&ssl=1","jetpack_shortlink":"https:\/\/wp.me\/p4wgsh-1Vt","jetpack-related-posts":[{"id":37113,"url":"https:\/\/estrategica.com.co\/blog\/compromisoeuskadi20\/","url_meta":{"origin":7407,"position":0},"title":"Compromiso Euskadi &#8211; Urkullu","author":"Juliana","date":"febrero 4, 2013","format":false,"excerpt":"[hana-flv-player video=\"\/blog\/wp-content\/uploads\/2009\/01\/20121220\/COMPROMISOEUSKADI20.flv\" width=\"550\" height=\"\" description=\"Compromiso Euskadi - Urkullu\" clickurl=\"\" clicktarget=\"\" player=\"4\" autoplay=\"false\" loop=\"false\" autorewind=\"false\" splashimage=\"\" skin=\"\" \/] [icon color=\"Accent-Color\" size=\"regular\" image=\"steadysets-icon-chat\"] Contexto Spot de la campa\u00f1a de \u00cd\u00f1igo Urkullu Renter\u00eda como candidato a Lehendakari para las Elecciones al Parlamento Vasco durante la contienda electoral de 2012. El nacionalismo vuelve en\u2026","rel":"","context":"En \u00ab2012\u00bb","block_context":{"text":"2012","link":"https:\/\/estrategica.com.co\/blog\/category\/ano\/2012\/"},"img":{"alt_text":"","src":"https:\/\/i0.wp.com\/estrategica.com.co\/blog\/wp-content\/uploads\/2013\/01\/COMPROMISOEUSKADI20_thumb.png?fit=884%2C492&ssl=1&resize=350%2C200","width":350,"height":200},"classes":[]},{"id":8240,"url":"https:\/\/estrategica.com.co\/blog\/yo-vivo-en-euskadi-senora-pnv\/","url_meta":{"origin":7407,"position":1},"title":"Yo vivo en Euskadi &#8211; Se\u00f1ora &#8211; PNV","author":"Juliana","date":"marzo 27, 2009","format":false,"excerpt":"[hana-flv-player video=\"\/blog\/wp-content\/uploads\/2009\/01\/videos_varios_f\/Spot_PNV_Yo_vivo_en_Euskadi_Senora.flv\" width=\"550\" height=\"\" description=\"Yo vivo en Euskadi - Se\u00f1ora - PNV\" clickurl=\"\" clicktarget=\"\" player=\"4\" autoplay=\"false\" loop=\"false\" autorewind=\"true\" splashimage=\"\" skin=\"\" \/] [icon color=\"Accent-Color\" size=\"regular\" image=\"steadysets-icon-chat\"] Contexto Campa\u00f1a del Nacionalismo Vasco a las elecciones auton\u00f3micas de 2009. La campa\u00f1a del nacionalismo gira en torno a los logros alcanzados durante su gesti\u00f3n\u2026","rel":"","context":"En \u00abCampa\u00f1a Uninominal\u00bb","block_context":{"text":"Campa\u00f1a Uninominal","link":"https:\/\/estrategica.com.co\/blog\/category\/temas\/campana-uninominal\/"},"img":{"alt_text":"","src":"","width":0,"height":0},"classes":[]},{"id":19966,"url":"https:\/\/estrategica.com.co\/blog\/campana-no-entra-comision-de-ayuda-al-refugiado\/","url_meta":{"origin":7407,"position":2},"title":"Campa\u00f1a NO ENTRA &#8211; Comisi\u00f3n de Ayuda al Refugiado","author":"Juliana","date":"enero 17, 2010","format":false,"excerpt":"[hana-flv-player video=\"\/blog\/wp-content\/uploads\/2009\/01\/Videos2010\/CampaaNOENTRA.flv\" width=\"550\" height=\"\" description=\"Campa\u00f1a NO ENTRA - Comisi\u00f3n de Ayuda al Refugiado\" clickurl=\"\" clicktarget=\"\" player=\"4\" autoplay=\"false\" loop=\"false\" autorewind=\"true\" splashimage=\"\" skin=\"\" \/] [icon color=\"Accent-Color\" size=\"regular\" image=\"steadysets-icon-chat\"] Contexto Spot de la Campa\u00f1a, de la Comisi\u00f3n de ayuda al refugiado en Euskadi-CEAR-Euskadi, en el a\u00f1o 2007, por el reconocimiento del derecho de\u2026","rel":"","context":"En \u00ab2008\u00bb","block_context":{"text":"2008","link":"https:\/\/estrategica.com.co\/blog\/category\/ano\/2008\/"},"img":{"alt_text":"","src":"https:\/\/i0.wp.com\/estrategica.com.co\/blog\/wp-content\/uploads\/2010\/01\/Campaa-NO-ENTRA_thumb.png?fit=413%2C381&ssl=1&resize=350%2C200","width":350,"height":200},"classes":[]},{"id":8231,"url":"https:\/\/estrategica.com.co\/blog\/yo-vivo-en-euskadi-es-hora-de-decidir-pnv\/","url_meta":{"origin":7407,"position":3},"title":"Yo vivo en Euskadi &#8211; Es hora de Decidir &#8211; PNV","author":"Juliana","date":"marzo 27, 2009","format":false,"excerpt":"[hana-flv-player video=\"\/blog\/wp-content\/uploads\/2009\/01\/videos_varios_f\/Spot_PNV_Yo_vivo_en_Euskadi_Es_hora_de_decidir.flv\" width=\"550\" height=\"\" description=\"Yo vivo en Euskadi - Es hora de Decidir - PNV\" clickurl=\"\" clicktarget=\"\" player=\"4\" autoplay=\"false\" loop=\"false\" autorewind=\"true\" splashimage=\"\" skin=\"\" \/] [icon color=\"Accent-Color\" size=\"regular\" image=\"steadysets-icon-chat\"] Contexto Campa\u00f1a del Nacionalismo Vasco a las elecciones auton\u00f3micas de 2009. La campa\u00f1a del nacionalismo gira en torno a los logros alcanzados\u2026","rel":"","context":"En \u00abCampa\u00f1a Uninominal\u00bb","block_context":{"text":"Campa\u00f1a Uninominal","link":"https:\/\/estrategica.com.co\/blog\/category\/temas\/campana-uninominal\/"},"img":{"alt_text":"","src":"https:\/\/i0.wp.com\/estrategica.com.co\/blog\/wp-content\/uploads\/2009\/03\/spot_pnv_yo_vivo_en_euskadi_es_hora_de_decidir2_thumb.png?fit=285%2C206&ssl=1&resize=350%2C200","width":350,"height":200},"classes":[]},{"id":8235,"url":"https:\/\/estrategica.com.co\/blog\/yo-vivo-en-euskadi-es-hora-de-decidir-pnv-2\/","url_meta":{"origin":7407,"position":4},"title":"Yo vivo en Euskadi &#8211; Es hora de Decidir &#8211; PNV","author":"Juliana","date":"marzo 27, 2009","format":false,"excerpt":"[hana-flv-player video=\"\/blog\/wp-content\/uploads\/2009\/01\/videos_varios_f\/Spot_PNV_Yo_vivo_en_Euskadi_Es_hora_de_decidir2.flv\" width=\"550\" height=\"\" description=\"Yo vivo en Euskadi - Es hora de Decidir - PNV\" clickurl=\"\" clicktarget=\"\" player=\"4\" autoplay=\"false\" loop=\"false\" autorewind=\"true\" splashimage=\"\" skin=\"\" \/] [icon color=\"Accent-Color\" size=\"regular\" image=\"steadysets-icon-chat\"] Contexto Campa\u00f1a del Nacionalismo Vasco a las elecciones auton\u00f3micas de 2009. La campa\u00f1a del nacionalismo gira en torno a los logros alcanzados\u2026","rel":"","context":"En \u00abCampa\u00f1a Uninominal\u00bb","block_context":{"text":"Campa\u00f1a Uninominal","link":"https:\/\/estrategica.com.co\/blog\/category\/temas\/campana-uninominal\/"},"img":{"alt_text":"","src":"","width":0,"height":0},"classes":[]},{"id":37038,"url":"https:\/\/estrategica.com.co\/blog\/22opactopnvbilduporelreferendum\/","url_meta":{"origin":7407,"position":5},"title":"Por el Referendum &#8211; Urkullu","author":"Juliana","date":"febrero 4, 2013","format":false,"excerpt":"[hana-flv-player video=\"\/blog\/wp-content\/uploads\/2009\/01\/20121220\/22OPactoPNVBilduporelReferendum.flv\" width=\"550\" height=\"\" description=\"Por el Referendum - Urkullu\" clickurl=\"\" clicktarget=\"\" player=\"4\" autoplay=\"false\" loop=\"false\" autorewind=\"false\" splashimage=\"\" skin=\"\" \/] [icon color=\"Accent-Color\" size=\"regular\" image=\"steadysets-icon-chat\"] Contexto Spot de la campa\u00f1a de \u00cd\u00f1igo Urkullu Renter\u00eda como candidato a Lehendakari para las Elecciones al Parlamento Vasco durante la contienda electoral de 2012. El nacionalismo vuelve\u2026","rel":"","context":"En \u00ab2012\u00bb","block_context":{"text":"2012","link":"https:\/\/estrategica.com.co\/blog\/category\/ano\/2012\/"},"img":{"alt_text":"","src":"https:\/\/i0.wp.com\/estrategica.com.co\/blog\/wp-content\/uploads\/2013\/01\/22OPactoPNVBilduporelReferendum_thumb.png?fit=933%2C600&ssl=1&resize=350%2C200","width":350,"height":200},"classes":[]}],"jetpack_sharing_enabled":true,"_links":{"self":[{"href":"https:\/\/estrategica.com.co\/blog\/wp-json\/wp\/v2\/posts\/7407","targetHints":{"allow":["GET"]}}],"collection":[{"href":"https:\/\/estrategica.com.co\/blog\/wp-json\/wp\/v2\/posts"}],"about":[{"href":"https:\/\/estrategica.com.co\/blog\/wp-json\/wp\/v2\/types\/post"}],"author":[{"embeddable":true,"href":"https:\/\/estrategica.com.co\/blog\/wp-json\/wp\/v2\/users\/5"}],"replies":[{"embeddable":true,"href":"https:\/\/estrategica.com.co\/blog\/wp-json\/wp\/v2\/comments?post=7407"}],"version-history":[{"count":9,"href":"https:\/\/estrategica.com.co\/blog\/wp-json\/wp\/v2\/posts\/7407\/revisions"}],"predecessor-version":[{"id":48678,"href":"https:\/\/estrategica.com.co\/blog\/wp-json\/wp\/v2\/posts\/7407\/revisions\/48678"}],"wp:featuredmedia":[{"embeddable":true,"href":"https:\/\/estrategica.com.co\/blog\/wp-json\/wp\/v2\/media\/7408"}],"wp:attachment":[{"href":"https:\/\/estrategica.com.co\/blog\/wp-json\/wp\/v2\/media?parent=7407"}],"wp:term":[{"taxonomy":"category","embeddable":true,"href":"https:\/\/estrategica.com.co\/blog\/wp-json\/wp\/v2\/categories?post=7407"},{"taxonomy":"post_tag","embeddable":true,"href":"https:\/\/estrategica.com.co\/blog\/wp-json\/wp\/v2\/tags?post=7407"}],"curies":[{"name":"wp","href":"https:\/\/api.w.org\/{rel}","templated":true}]}}