{"id":7636,"date":"2009-03-30T02:01:16","date_gmt":"2009-03-30T02:01:16","guid":{"rendered":"http:\/\/estrategica.com.co\/blog\/?p=7636"},"modified":"2015-03-13T15:05:23","modified_gmt":"2015-03-13T20:05:23","slug":"malos-tratos-ella","status":"publish","type":"post","link":"https:\/\/estrategica.com.co\/blog\/malos-tratos-ella\/","title":{"rendered":"Malos Tratos &#8211; Ella"},"content":{"rendered":"<p> <script type='text\/javascript' src='https:\/\/estrategica.com.co\/blog\/wp-content\/plugins\/hana-flv-player\/flowplayer3\/example\/flowplayer-3.2.6.min.js'><\/script>\n<div >\n<div id='hana_flv_flow3_1' style='display:block;width:550px;height:413px;background-color:#555555;color:#ffffff;padding:0' title=\"*Video:malos tratos - ella\"><\/div>\n<\/div>\n\n<script  type='text\/javascript'>\nif (typeof g_hanaFlash !== 'undefined' && !g_hanaFlash){\n    jQuery('#hana_flv_flow3_1').css( 'padding', '5px' );\n\tjQuery('#hana_flv_flow3_1').html(\"<span class='inactive_message' style='display:block'>Sorry, your browser does not support Flash Video Player<\/span> *Video:malos tratos - ella\");\n}else{\t\t\t\n\t\tflowplayer('hana_flv_flow3_1', { src: 'https:\/\/estrategica.com.co\/blog\/wp-content\/plugins\/hana-flv-player\/flowplayer3\/flowplayer-3.2.7.swf', wmode: 'transparent' }, { \n\n\t\t\tcanvas: { backgroundColor: '#000000', backgroundGradient: 'none',},\n    \t\tclip:  { \n    \t\t\turl: '\/blog\/wp-content\/uploads\/2009\/01\/videos_varios_f\/Malos_tratos_Ella.flv',\n        \t\tscaling: 'fit', autoPlay: false, autoBuffering: true \n\t\t\t\t   , onFinish : function () { this.seek(0); }  \n\n\t        }\n\n\t\t});\n}\n<\/script><br \/>\n<\/br><\/p>\n<p>[icon color=\u00bbAccent-Color\u00bb size=\u00bbregular\u00bb image=\u00bbsteadysets-icon-chat\u00bb] <strong>Contexto<\/strong><\/br><\/br><\/p>\n<p style=\"text-align: justify;\">spot narran el final de una historia de malos tratos y lo hace desde tres puntos de vista diferentes: el de la mujer maltratada, el del maltratador y el de las personas de su entorno. Estrat\u00e9gicamente es interesante abordar un caso de maltrato desde el papel que juegan los distintos actores que nos rodean..<\/p><\/p>\n","protected":false},"excerpt":{"rendered":"<p>*Video: malos tratos &#8211; ella [icon color=\u00bbAccent-Color\u00bb size=\u00bbregular\u00bb image=\u00bbsteadysets-icon-chat\u00bb] Contexto spot narran el final de una historia de malos tratos y lo hace desde tres puntos de vista diferentes: el de la mujer maltratada, el del maltratador y el de las personas de su entorno. Estrat\u00e9gicamente es interesante abordar un caso de maltrato desde el [&hellip;]<\/p>\n","protected":false},"author":5,"featured_media":7637,"comment_status":"open","ping_status":"open","sticky":false,"template":"","format":"standard","meta":{"_et_pb_use_builder":"","_et_pb_old_content":"","_et_gb_content_width":"","advanced_seo_description":"","jetpack_seo_html_title":"","jetpack_seo_noindex":false,"footnotes":""},"categories":[264,263,28,36,27,23,10,35,11,3],"tags":[167,317,316],"class_list":["post-7636","post","type-post","status-publish","format-standard","has-post-thumbnail","hentry","category-264","category-ano","category-comunicacion-gobierno","category-de-gobierno","category-divulgacion-politica","category-espana","category-geo","category-mensaje-politico","category-temas","category-video","tag-derechos-humanos","tag-maltrato","tag-violencia-de-genero"],"jetpack_featured_media_url":"https:\/\/i0.wp.com\/estrategica.com.co\/blog\/wp-content\/uploads\/2009\/03\/malos_tratos_ella_thumb.png?fit=288%2C180&ssl=1","jetpack_shortlink":"https:\/\/wp.me\/p4wgsh-1Za","jetpack-related-posts":[{"id":15251,"url":"https:\/\/estrategica.com.co\/blog\/av189\/","url_meta":{"origin":7636,"position":0},"title":"\u00c9L- Gobierno de Espa\u00f1a","author":"Juliana","date":"abril 17, 2011","format":false,"excerpt":"[hana-flv-player video=\"\/blog\/wp-content\/uploads\/2009\/01\/videos_ultimos\/av189.flv\" width=\"550\" height=\"\" description=\"\u00c9L- Gobierno de Espa\u00f1a\" clickurl=\"\" clicktarget=\"\" player=\"4\" autoplay=\"false\" loop=\"false\" autorewind=\"true\" splashimage=\"\" skin=\"\" \/] [icon color=\"Accent-Color\" size=\"regular\" image=\"steadysets-icon-chat\"] Contexto Spot del Ministerio de Trabajo y Asuntos Sociales de Espa\u00f1a, en el a\u00f1o 2007, para promocionar las acciones que se desprenden contra la ley que lucha contra los\u2026","rel":"","context":"En \u00ab2007\u00bb","block_context":{"text":"2007","link":"https:\/\/estrategica.com.co\/blog\/category\/ano\/2007\/"},"img":{"alt_text":"","src":"https:\/\/i0.wp.com\/estrategica.com.co\/blog\/wp-content\/uploads\/2009\/05\/av189_thumb.png?fit=441%2C258&ssl=1&resize=350%2C200","width":350,"height":200},"classes":[]},{"id":15255,"url":"https:\/\/estrategica.com.co\/blog\/av190\/","url_meta":{"origin":7636,"position":1},"title":"Ellos &#8211; Gobierno de Espa\u00f1a","author":"Juliana","date":"abril 17, 2011","format":false,"excerpt":"[hana-flv-player video=\"\/blog\/wp-content\/uploads\/2009\/01\/videos_ultimos\/av190.flv\" width=\"550\" height=\"\" description=\"Ellos - Gobierno de Espa\u00f1a\" clickurl=\"\" clicktarget=\"\" player=\"4\" autoplay=\"false\" loop=\"false\" autorewind=\"true\" splashimage=\"\" skin=\"\" \/] [icon color=\"Accent-Color\" size=\"regular\" image=\"steadysets-icon-chat\"] Contexto Spot del Ministerio de Trabajo y Asuntos Sociales de Espa\u00f1a, en el a\u00f1o 2007, para promocionar las acciones que se desprenden contra la ley que lucha contra\u2026","rel":"","context":"En \u00ab2007\u00bb","block_context":{"text":"2007","link":"https:\/\/estrategica.com.co\/blog\/category\/ano\/2007\/"},"img":{"alt_text":"","src":"https:\/\/i0.wp.com\/estrategica.com.co\/blog\/wp-content\/uploads\/2009\/05\/av190_thumb.png?fit=398%2C254&ssl=1&resize=350%2C200","width":350,"height":200},"classes":[]},{"id":15863,"url":"https:\/\/estrategica.com.co\/blog\/maltrato-infantil-unicef-gobierno-de-chile\/","url_meta":{"origin":7636,"position":2},"title":"Maltrato Infantil &#8211; UNICEF &#8211; Gobierno de Chile","author":"Juliana","date":"junio 13, 2009","format":false,"excerpt":"[hana-flv-player video=\"\/blog\/wp-content\/uploads\/2009\/01\/videos_ultimos\/av324.flv\" width=\"550\" height=\"\" description=\"Maltrato Infantil - UNICEF - Gobierno de Chile\" clickurl=\"\" clicktarget=\"\" player=\"4\" autoplay=\"false\" loop=\"false\" autorewind=\"true\" splashimage=\"\" skin=\"\" \/] [icon color=\"Accent-Color\" size=\"regular\" image=\"steadysets-icon-chat\"] Contexto Spot del Gobierno de Chile y UNICEF para posicionar el tema del maltrato infantil en el a\u00f1o 2006. El spot no es impactante ni\u2026","rel":"","context":"En \u00ab2006\u00bb","block_context":{"text":"2006","link":"https:\/\/estrategica.com.co\/blog\/category\/ano\/2006\/"},"img":{"alt_text":"","src":"https:\/\/i0.wp.com\/estrategica.com.co\/blog\/wp-content\/uploads\/2009\/05\/av324_thumb.png?fit=456%2C346&ssl=1&resize=350%2C200","width":350,"height":200},"classes":[]},{"id":7654,"url":"https:\/\/estrategica.com.co\/blog\/antes-malostratos\/","url_meta":{"origin":7636,"position":3},"title":"Antes &#8211; Malostratos","author":"Juliana","date":"marzo 30, 2009","format":false,"excerpt":"[hana-flv-player video=\"\/blog\/wp-content\/uploads\/2009\/01\/USA_CONVERTIDOS_VIEJOS\/malostratros.flv\" width=\"550\" height=\"\" description=\"Antes - Malostratos\" clickurl=\"\" clicktarget=\"\" player=\"4\" autoplay=\"false\" loop=\"false\" autorewind=\"true\" splashimage=\"\" skin=\"\" \/] [icon color=\"Accent-Color\" size=\"regular\" image=\"steadysets-icon-chat\"] Contexto Campa\u00f1a contra los malos tratos. El slogan es \u201cAntes\u201d y tiene un objetivo claramente educativo y preventivo, reflejando el proceso del maltrato desde sus fases iniciales. A trav\u00e9s de\u2026","rel":"","context":"En \u00ab2006\u00bb","block_context":{"text":"2006","link":"https:\/\/estrategica.com.co\/blog\/category\/ano\/2006\/"},"img":{"alt_text":"","src":"https:\/\/i0.wp.com\/estrategica.com.co\/blog\/wp-content\/uploads\/2009\/03\/malostratros_thumb.png?fit=339%2C225&ssl=1&resize=350%2C200","width":350,"height":200},"classes":[]},{"id":14731,"url":"https:\/\/estrategica.com.co\/blog\/el-maltrato-deja-una-marca-unicef\/","url_meta":{"origin":7636,"position":4},"title":"El Maltrato deja una Marca\u00bb &#8211; UNICEF","author":"estrategica.com","date":"mayo 21, 2009","format":false,"excerpt":"[hana-flv-player video=\"\/blog\/wp-content\/uploads\/2009\/01\/videos_ultimos\/av162.flv\" width=\"550\" height=\"\" description=\"El Maltrato deja una Marca\" - UNICEF\" clickurl=\"\" clicktarget=\"\" player=\"4\" autoplay=\"false\" loop=\"false\" autorewind=\"true\" splashimage=\"\" skin=\"\" \/] [icon color=\"Accent-Color\" size=\"regular\" image=\"steadysets-icon-chat\"] Contexto Spot de la campa\u00f1a de UNICEF Chile contra el maltrato infantil, en el a\u00f1o 2007. La est\u00e9tica es dram\u00e1tica y posiciona un mensaje contundente en\u2026","rel":"","context":"En \u00ab2007\u00bb","block_context":{"text":"2007","link":"https:\/\/estrategica.com.co\/blog\/category\/ano\/2007\/"},"img":{"alt_text":"","src":"https:\/\/i0.wp.com\/estrategica.com.co\/blog\/wp-content\/uploads\/2009\/05\/av162_thumb.png?fit=358%2C230&ssl=1&resize=350%2C200","width":350,"height":200},"classes":[]},{"id":7738,"url":"https:\/\/estrategica.com.co\/blog\/muevete-antes-de-que-sea-tarde\/","url_meta":{"origin":7636,"position":5},"title":"Muevete antes de que sea tarde","author":"Juliana","date":"marzo 23, 2009","format":false,"excerpt":"[hana-flv-player video=\"\/blog\/wp-content\/uploads\/2009\/01\/videos_varios_f\/Muvete_antes_de_que_sea_tarde_Campa_contra_el_maltrato.flv\" width=\"550\" height=\"\" description=\"Muevete antes de que sea tarde\" clickurl=\"\" clicktarget=\"\" player=\"4\" autoplay=\"false\" loop=\"false\" autorewind=\"true\" splashimage=\"\" skin=\"\" \/] [icon color=\"Accent-Color\" size=\"regular\" image=\"steadysets-icon-chat\"] Contexto Spot realizado por los alumnos de Comunicaci\u00f3n Audiovisual para la asignatura de Radio-TV Educativa consistente en un spot para una campa\u00f1a contra los malos tratos.","rel":"","context":"En \u00ab2008\u00bb","block_context":{"text":"2008","link":"https:\/\/estrategica.com.co\/blog\/category\/ano\/2008\/"},"img":{"alt_text":"","src":"https:\/\/i0.wp.com\/estrategica.com.co\/blog\/wp-content\/uploads\/2009\/03\/muvete_antes_de_que_sea_tarde_campa_contra_el_maltrato_thumb.png?fit=322%2C255&ssl=1&resize=350%2C200","width":350,"height":200},"classes":[]}],"jetpack_sharing_enabled":true,"_links":{"self":[{"href":"https:\/\/estrategica.com.co\/blog\/wp-json\/wp\/v2\/posts\/7636","targetHints":{"allow":["GET"]}}],"collection":[{"href":"https:\/\/estrategica.com.co\/blog\/wp-json\/wp\/v2\/posts"}],"about":[{"href":"https:\/\/estrategica.com.co\/blog\/wp-json\/wp\/v2\/types\/post"}],"author":[{"embeddable":true,"href":"https:\/\/estrategica.com.co\/blog\/wp-json\/wp\/v2\/users\/5"}],"replies":[{"embeddable":true,"href":"https:\/\/estrategica.com.co\/blog\/wp-json\/wp\/v2\/comments?post=7636"}],"version-history":[{"count":7,"href":"https:\/\/estrategica.com.co\/blog\/wp-json\/wp\/v2\/posts\/7636\/revisions"}],"predecessor-version":[{"id":47578,"href":"https:\/\/estrategica.com.co\/blog\/wp-json\/wp\/v2\/posts\/7636\/revisions\/47578"}],"wp:featuredmedia":[{"embeddable":true,"href":"https:\/\/estrategica.com.co\/blog\/wp-json\/wp\/v2\/media\/7637"}],"wp:attachment":[{"href":"https:\/\/estrategica.com.co\/blog\/wp-json\/wp\/v2\/media?parent=7636"}],"wp:term":[{"taxonomy":"category","embeddable":true,"href":"https:\/\/estrategica.com.co\/blog\/wp-json\/wp\/v2\/categories?post=7636"},{"taxonomy":"post_tag","embeddable":true,"href":"https:\/\/estrategica.com.co\/blog\/wp-json\/wp\/v2\/tags?post=7636"}],"curies":[{"name":"wp","href":"https:\/\/api.w.org\/{rel}","templated":true}]}}