{"id":7654,"date":"2009-03-30T01:44:01","date_gmt":"2009-03-30T01:44:01","guid":{"rendered":"http:\/\/estrategica.com.co\/blog\/?p=7654"},"modified":"2015-03-13T15:07:13","modified_gmt":"2015-03-13T20:07:13","slug":"antes-malostratos","status":"publish","type":"post","link":"https:\/\/estrategica.com.co\/blog\/antes-malostratos\/","title":{"rendered":"Antes &#8211; Malostratos"},"content":{"rendered":"<p> <script type='text\/javascript' src='https:\/\/estrategica.com.co\/blog\/wp-content\/plugins\/hana-flv-player\/flowplayer3\/example\/flowplayer-3.2.6.min.js'><\/script>\n<div >\n<div id='hana_flv_flow3_1' style='display:block;width:550px;height:413px;background-color:#555555;color:#ffffff;padding:0' title=\"*Video:antes - malostratos\"><\/div>\n<\/div>\n\n<script  type='text\/javascript'>\nif (typeof g_hanaFlash !== 'undefined' && !g_hanaFlash){\n    jQuery('#hana_flv_flow3_1').css( 'padding', '5px' );\n\tjQuery('#hana_flv_flow3_1').html(\"<span class='inactive_message' style='display:block'>Sorry, your browser does not support Flash Video Player<\/span> *Video:antes - malostratos\");\n}else{\t\t\t\n\t\tflowplayer('hana_flv_flow3_1', { src: 'https:\/\/estrategica.com.co\/blog\/wp-content\/plugins\/hana-flv-player\/flowplayer3\/flowplayer-3.2.7.swf', wmode: 'transparent' }, { \n\n\t\t\tcanvas: { backgroundColor: '#000000', backgroundGradient: 'none',},\n    \t\tclip:  { \n    \t\t\turl: '\/blog\/wp-content\/uploads\/2009\/01\/USA_CONVERTIDOS_VIEJOS\/malostratros.flv',\n        \t\tscaling: 'fit', autoPlay: false, autoBuffering: true \n\t\t\t\t   , onFinish : function () { this.seek(0); }  \n\n\t        }\n\n\t\t});\n}\n<\/script><br \/>\n<\/br><\/p>\n<p>[icon color=\u00bbAccent-Color\u00bb size=\u00bbregular\u00bb image=\u00bbsteadysets-icon-chat\u00bb] <strong>Contexto<\/strong><\/br><\/br><\/p>\n<p style=\"text-align: justify;\">Campa\u00f1a contra los malos tratos. El slogan es \u201cAntes\u201d y tiene un objetivo claramente educativo y preventivo, reflejando el proceso del maltrato desde sus fases iniciales. A trav\u00e9s de un relato que va de mayor (la muerte) a menor (el insulto\u00a0 y el desprecio) gravedad, se alerta del inicio de la violencia y de c\u00f3mo se desarrolla, permitiendo identificarla tanto a las v\u00edctimas como a los agresores. La realizaci\u00f3n de esta campa\u00f1a se enmarca en el Plan Nacional de Sensibilizaci\u00f3n y Prevenci\u00f3n que establece la Ley Org\u00e1nica de Medidas de Protecci\u00f3n Integral contra la Violencia de G\u00e9nero. El texto del spot es: Antes de matarla la amenaz\u00f3 &#8230; con matarla. \u00a0Antes de eso le dio mil palizas. Eso fue antes. Mucho antes le dio un pu\u00f1etazo, y antes un tortazo de nada. Antes la hab\u00eda amenazado con el pu\u00f1o y antes hab\u00eda golpeado la pared como si la pared fuera ella. Antes hab\u00eda dado un mill\u00f3n de gritos, y antes la insult\u00f3 delante de los ni\u00f1os. Pero antes pasaron m\u00e1s cosas. Antes le dijo: \u00bfqui\u00e9n te crees que eres? y antes de eso, <span style=\"mso-spacerun: yes;\">\u00a0<\/span>pareces tonta\u201d y antes ni se fijo en que ella lloraba. Eso fue antes. Antes. Antes. Porque antes hubo tantas cosas&#8230; \u00bfAlguna vez te has preguntado en qu\u00e9 momento un hombre deja de ser hombre?.<\/p><\/p>\n","protected":false},"excerpt":{"rendered":"<p>*Video: antes &#8211; malostratos [icon color=\u00bbAccent-Color\u00bb size=\u00bbregular\u00bb image=\u00bbsteadysets-icon-chat\u00bb] Contexto Campa\u00f1a contra los malos tratos. El slogan es \u201cAntes\u201d y tiene un objetivo claramente educativo y preventivo, reflejando el proceso del maltrato desde sus fases iniciales. A trav\u00e9s de un relato que va de mayor (la muerte) a menor (el insulto\u00a0 y el desprecio) gravedad, se [&hellip;]<\/p>\n","protected":false},"author":5,"featured_media":7655,"comment_status":"open","ping_status":"open","sticky":false,"template":"","format":"standard","meta":{"_et_pb_use_builder":"","_et_pb_old_content":"","_et_gb_content_width":"","advanced_seo_description":"","jetpack_seo_html_title":"","jetpack_seo_noindex":false,"footnotes":""},"categories":[264,263,28,36,27,23,10,35,11,3],"tags":[167,317,316],"class_list":["post-7654","post","type-post","status-publish","format-standard","has-post-thumbnail","hentry","category-264","category-ano","category-comunicacion-gobierno","category-de-gobierno","category-divulgacion-politica","category-espana","category-geo","category-mensaje-politico","category-temas","category-video","tag-derechos-humanos","tag-maltrato","tag-violencia-de-genero"],"jetpack_featured_media_url":"https:\/\/i0.wp.com\/estrategica.com.co\/blog\/wp-content\/uploads\/2009\/03\/malostratros_thumb.png?fit=339%2C225&ssl=1","jetpack_shortlink":"https:\/\/wp.me\/p4wgsh-1Zs","jetpack-related-posts":[{"id":7636,"url":"https:\/\/estrategica.com.co\/blog\/malos-tratos-ella\/","url_meta":{"origin":7654,"position":0},"title":"Malos Tratos &#8211; Ella","author":"Juliana","date":"marzo 30, 2009","format":false,"excerpt":"[hana-flv-player video=\"\/blog\/wp-content\/uploads\/2009\/01\/videos_varios_f\/Malos_tratos_Ella.flv\" width=\"550\" height=\"\" description=\"Malos Tratos - Ella\" clickurl=\"\" clicktarget=\"\" player=\"4\" autoplay=\"false\" loop=\"false\" autorewind=\"true\" splashimage=\"\" skin=\"\" \/] [icon color=\"Accent-Color\" size=\"regular\" image=\"steadysets-icon-chat\"] Contexto spot narran el final de una historia de malos tratos y lo hace desde tres puntos de vista diferentes: el de la mujer maltratada, el del maltratador y\u2026","rel":"","context":"En \u00ab2006\u00bb","block_context":{"text":"2006","link":"https:\/\/estrategica.com.co\/blog\/category\/ano\/2006\/"},"img":{"alt_text":"","src":"","width":0,"height":0},"classes":[]},{"id":6985,"url":"https:\/\/estrategica.com.co\/blog\/ante-el-maltratador-tolerancia-cero-hombres\/","url_meta":{"origin":7654,"position":1},"title":"Ante el maltratador tolerancia cero &#8211; hombres","author":"Juliana","date":"marzo 20, 2009","format":false,"excerpt":"[hana-flv-player video=\"\/blog\/wp-content\/uploads\/2009\/01\/videos_varios_f\/Ante_el_maltratador_tolerancia_cero_spot_hombres_0_0.flv\" width=\"550\" height=\"\" description=\"Ante el maltratador tolerancia cero - hombres\" clickurl=\"\" clicktarget=\"\" player=\"4\" autoplay=\"false\" loop=\"false\" autorewind=\"true\" splashimage=\"\" skin=\"\" \/] [icon color=\"Accent-Color\" size=\"regular\" image=\"steadysets-icon-chat\"] Contexto Campa\u00f1a del Ministerio de Igualdad contra la violencia de g\u00e9nero: \u201cAnte el maltratador, tolerancia cero\u201d lanzada el 8 de julio de 2008. El Ministerio expres\u00f3,\u2026","rel":"","context":"En \u00ab2008\u00bb","block_context":{"text":"2008","link":"https:\/\/estrategica.com.co\/blog\/category\/ano\/2008\/"},"img":{"alt_text":"","src":"","width":0,"height":0},"classes":[]},{"id":6991,"url":"https:\/\/estrategica.com.co\/blog\/ante-el-maltratador-tolerancia-cero-mujeres\/","url_meta":{"origin":7654,"position":2},"title":"Ante el maltratador tolerancia cero &#8211; mujeres","author":"Juliana","date":"marzo 20, 2009","format":false,"excerpt":"[hana-flv-player video=\"\/blog\/wp-content\/uploads\/2009\/01\/videos_varios_f\/Ante_el_maltratador_tolerancia_cero_spot_mujeres_0.flv\" width=\"550\" height=\"\" description=\"Ante el maltratador tolerancia cero - mujeres\" clickurl=\"\" clicktarget=\"\" player=\"4\" autoplay=\"false\" loop=\"false\" autorewind=\"true\" splashimage=\"\" skin=\"\" \/] [icon color=\"Accent-Color\" size=\"regular\" image=\"steadysets-icon-chat\"] Contexto Campa\u00f1a del Ministerio de Igualdad contra la violencia de g\u00e9nero: \u201cAnte el maltratador, tolerancia cero\u201d lanzada el 8 de julio de 2008. El Ministerio expres\u00f3,\u2026","rel":"","context":"En \u00ab2008\u00bb","block_context":{"text":"2008","link":"https:\/\/estrategica.com.co\/blog\/category\/ano\/2008\/"},"img":{"alt_text":"","src":"","width":0,"height":0},"classes":[]},{"id":8366,"url":"https:\/\/estrategica.com.co\/blog\/maria-soy-mama-comunidad-de-madrid\/","url_meta":{"origin":7654,"position":3},"title":"Maria soy Mam\u00e1 &#8211; Comunidad de Madrid","author":"Juliana","date":"marzo 28, 2009","format":false,"excerpt":"[hana-flv-player video=\"\/blog\/wp-content\/uploads\/2009\/01\/videos_varios_f\/Violencia_de_Gnero_Madre.flv\" width=\"550\" height=\"\" description=\"Maria soy Mam\u00e1 - Comunidad de Madrid\" clickurl=\"\" clicktarget=\"\" player=\"4\" autoplay=\"false\" loop=\"false\" autorewind=\"true\" splashimage=\"\" skin=\"\" \/] [icon color=\"Accent-Color\" size=\"regular\" image=\"steadysets-icon-chat\"] Contexto Campa\u00f1a de la Comunidad de Madrid contra la violencia de g\u00e9nero en el a\u00f1o 2008. En la historia hay una mujer que llama y del\u2026","rel":"","context":"En \u00ab2008\u00bb","block_context":{"text":"2008","link":"https:\/\/estrategica.com.co\/blog\/category\/ano\/2008\/"},"img":{"alt_text":"","src":"","width":0,"height":0},"classes":[]},{"id":18263,"url":"https:\/\/estrategica.com.co\/blog\/violencia-de-genero-psoe\/","url_meta":{"origin":7654,"position":4},"title":"Violencia de G\u00e9nero &#8211; PSOE","author":"Juliana","date":"junio 30, 2009","format":false,"excerpt":"[hana-flv-player video=\"\/blog\/wp-content\/uploads\/2009\/01\/videosultimosconver\/violenciadegenero.flv\" width=\"550\" height=\"\" description=\"Violencia de G\u00e9nero - PSOE\" clickurl=\"\" clicktarget=\"\" player=\"4\" autoplay=\"false\" loop=\"false\" autorewind=\"true\" splashimage=\"\" skin=\"\" \/] [icon color=\"Accent-Color\" size=\"regular\" image=\"steadysets-icon-chat\"] Contexto Acto del PSOE en donde un grupo de actores, en presencia de la Ministra de Igualdad, posicionan un mensaje con ocasi\u00f3n del d\u00eda internacional de la lucha\u2026","rel":"","context":"En \u00ab2008\u00bb","block_context":{"text":"2008","link":"https:\/\/estrategica.com.co\/blog\/category\/ano\/2008\/"},"img":{"alt_text":"","src":"https:\/\/i0.wp.com\/estrategica.com.co\/blog\/wp-content\/uploads\/2009\/06\/violenciadegenero_thumb.png?fit=659%2C419&ssl=1&resize=350%2C200","width":350,"height":200},"classes":[]},{"id":7161,"url":"https:\/\/estrategica.com.co\/blog\/campana_igualdad_ante_el_maltratador_tolerancia_cero\/","url_meta":{"origin":7654,"position":5},"title":"Ante el Maltratador, Tolerancia Cero &#8211; Ni\u00f1os","author":"Juliana","date":"marzo 21, 2009","format":false,"excerpt":"[hana-flv-player video=\"\/blog\/wp-content\/uploads\/2009\/01\/videos_varios_f\/campana_Igualdad_Ante_el_maltratador_tolerancia_cero.flv\" width=\"550\" height=\"\" description=\"Ante el Maltratador, Tolerancia Cero - Ni\u00f1os\" clickurl=\"\" clicktarget=\"\" player=\"4\" autoplay=\"false\" loop=\"false\" autorewind=\"true\" splashimage=\"\" skin=\"\" \/] [icon color=\"Accent-Color\" size=\"regular\" image=\"steadysets-icon-chat\"] Contexto Campa\u00f1a del Ministerio de Igualdad contra la violencia de g\u00e9nero: \u201cAnte el maltratador, tolerancia cero\u201d lanzada el 8 de julio de 2008. El Ministerio expres\u00f3,\u2026","rel":"","context":"En \u00ab2008\u00bb","block_context":{"text":"2008","link":"https:\/\/estrategica.com.co\/blog\/category\/ano\/2008\/"},"img":{"alt_text":"","src":"","width":0,"height":0},"classes":[]}],"jetpack_sharing_enabled":true,"_links":{"self":[{"href":"https:\/\/estrategica.com.co\/blog\/wp-json\/wp\/v2\/posts\/7654","targetHints":{"allow":["GET"]}}],"collection":[{"href":"https:\/\/estrategica.com.co\/blog\/wp-json\/wp\/v2\/posts"}],"about":[{"href":"https:\/\/estrategica.com.co\/blog\/wp-json\/wp\/v2\/types\/post"}],"author":[{"embeddable":true,"href":"https:\/\/estrategica.com.co\/blog\/wp-json\/wp\/v2\/users\/5"}],"replies":[{"embeddable":true,"href":"https:\/\/estrategica.com.co\/blog\/wp-json\/wp\/v2\/comments?post=7654"}],"version-history":[{"count":7,"href":"https:\/\/estrategica.com.co\/blog\/wp-json\/wp\/v2\/posts\/7654\/revisions"}],"predecessor-version":[{"id":47468,"href":"https:\/\/estrategica.com.co\/blog\/wp-json\/wp\/v2\/posts\/7654\/revisions\/47468"}],"wp:featuredmedia":[{"embeddable":true,"href":"https:\/\/estrategica.com.co\/blog\/wp-json\/wp\/v2\/media\/7655"}],"wp:attachment":[{"href":"https:\/\/estrategica.com.co\/blog\/wp-json\/wp\/v2\/media?parent=7654"}],"wp:term":[{"taxonomy":"category","embeddable":true,"href":"https:\/\/estrategica.com.co\/blog\/wp-json\/wp\/v2\/categories?post=7654"},{"taxonomy":"post_tag","embeddable":true,"href":"https:\/\/estrategica.com.co\/blog\/wp-json\/wp\/v2\/tags?post=7654"}],"curies":[{"name":"wp","href":"https:\/\/api.w.org\/{rel}","templated":true}]}}