{"id":7879,"date":"2009-03-25T03:55:11","date_gmt":"2009-03-25T03:55:11","guid":{"rendered":"http:\/\/estrategica.com.co\/blog\/?p=7879"},"modified":"2015-03-17T15:29:51","modified_gmt":"2015-03-17T20:29:51","slug":"discurso-de-posesion-presidente-franklin-d-roosevelt-1933","status":"publish","type":"post","link":"https:\/\/estrategica.com.co\/blog\/discurso-de-posesion-presidente-franklin-d-roosevelt-1933\/","title":{"rendered":"Discurso de Posesi\u00f3n Presidente Franklin D Roosevelt &#8211; 1933"},"content":{"rendered":"<p> <script type='text\/javascript' src='https:\/\/estrategica.com.co\/blog\/wp-content\/plugins\/hana-flv-player\/flowplayer3\/example\/flowplayer-3.2.6.min.js'><\/script>\n<div >\n<div id='hana_flv_flow3_1' style='display:block;width:550px;height:413px;background-color:#555555;color:#ffffff;padding:0' title=\"*Video:discurso de posesi\u00f3n presidente franklin d roosevelt - 1933\"><\/div>\n<\/div>\n\n<script  type='text\/javascript'>\nif (typeof g_hanaFlash !== 'undefined' && !g_hanaFlash){\n    jQuery('#hana_flv_flow3_1').css( 'padding', '5px' );\n\tjQuery('#hana_flv_flow3_1').html(\"<span class='inactive_message' style='display:block'>Sorry, your browser does not support Flash Video Player<\/span> *Video:discurso de posesi\u00f3n presidente franklin d roosevelt - 1933\");\n}else{\t\t\t\n\t\tflowplayer('hana_flv_flow3_1', { src: 'https:\/\/estrategica.com.co\/blog\/wp-content\/plugins\/hana-flv-player\/flowplayer3\/flowplayer-3.2.7.swf', wmode: 'transparent' }, { \n\n\t\t\tcanvas: { backgroundColor: '#000000', backgroundGradient: 'none',},\n    \t\tclip:  { \n    \t\t\turl: '\/blog\/wp-content\/uploads\/2009\/01\/videos_varios_f\/President_Franklin_Roosevelt_1933_Inauguration.flv',\n        \t\tscaling: 'fit', autoPlay: false, autoBuffering: true \n\t\t\t\t   , onFinish : function () { this.seek(0); }  \n\n\t        }\n\n\t\t});\n}\n<\/script><br \/>\n<\/br><\/p>\n<p>[icon color=\u00bbAccent-Color\u00bb size=\u00bbregular\u00bb image=\u00bbsteadysets-icon-chat\u00bb] <strong>Contexto<\/strong><\/br><\/br><\/p>\n<p style=\"text-align: justify;\">Discurso de toma de posesi\u00f3n del Presidente Franklin D. Roosevelt. La investidura se da en un momento de grandes dificultades para Norteam\u00e9rica. La Gran Depresi\u00f3n afecta el pais. En 1933m\u00e1s de una cuarta parte de la fuerza laboral estaba desempleada. El promedio industrial Dow Jones hab\u00eda llegado a 41.22. En tres meses el 90% del valor del mercado de valores se hab\u00eda desvanecido. La mayor\u00eda de los bancos quebraron, llev\u00e1ndose los ahorros de toda la vida de millones de personas. El hambre y el desamparo s apoderaron de los hogares de Estados Unidos. En las elecciones que gan\u00f3 Roosevelt en 1932 los socialistas obtuvieron 880,000 votos. Estados Unidos estaba dispuesto a intentar cualquier cosa. El discurso de toma de posesi\u00f3n de Roosevelt estuvo cargado de frases inspiradoras que trataron de despertar el alma y la voluntad de un pueblo doblegado por la adversidad, de ah\u00ed frases como \u00abNada tenemos que temer salvo el miedo en s\u00ed\u00bb o \u00abs\u00f3lo un optimista tonto puede negar las oscuras realidades del momento\u00bb.<\/p><\/p>\n","protected":false},"excerpt":{"rendered":"<p>*Video: discurso de posesi\u00f3n presidente franklin d roosevelt &#8211; 1933 [icon color=\u00bbAccent-Color\u00bb size=\u00bbregular\u00bb image=\u00bbsteadysets-icon-chat\u00bb] Contexto Discurso de toma de posesi\u00f3n del Presidente Franklin D. Roosevelt. La investidura se da en un momento de grandes dificultades para Norteam\u00e9rica. La Gran Depresi\u00f3n afecta el pais. En 1933m\u00e1s de una cuarta parte de la fuerza laboral estaba desempleada. [&hellip;]<\/p>\n","protected":false},"author":5,"featured_media":7880,"comment_status":"open","ping_status":"open","sticky":false,"template":"","format":"standard","meta":{"_et_pb_use_builder":"","_et_pb_old_content":"","_et_gb_content_width":"","advanced_seo_description":"","jetpack_seo_html_title":"","jetpack_seo_noindex":false,"footnotes":""},"categories":[28,36,64,10,11,3],"tags":[351,121],"class_list":["post-7879","post","type-post","status-publish","format-standard","has-post-thumbnail","hentry","category-comunicacion-gobierno","category-de-gobierno","category-estados-unidos","category-geo","category-temas","category-video","tag-franklin-delano-roosevelt","tag-partido-democrata"],"jetpack_featured_media_url":"https:\/\/i0.wp.com\/estrategica.com.co\/blog\/wp-content\/uploads\/2009\/03\/president_franklin_roosevelt_1933_inauguration_thumb.png?fit=280%2C210&ssl=1","jetpack_shortlink":"https:\/\/wp.me\/p4wgsh-235","jetpack-related-posts":[{"id":27076,"url":"https:\/\/estrategica.com.co\/blog\/el-partido-de-roosevelt-stevenson\/","url_meta":{"origin":7879,"position":0},"title":"El Partido de Roosevelt &#8211; Stevenson","author":"estrategica.com","date":"abril 22, 2011","format":false,"excerpt":"Afiche de campa\u00f1a de Adlai Stevenson en la campa\u00f1a presidencia de 1952. Las elecciones de 1952 abren paso al Marketing Pol\u00edtico moderno en los Estados Unidos de Am\u00e9rica. Por primera vez, los dem\u00f3cratas y los republicanos disponen acciones dirigidas a comunicar en forma profesional sus propuestas de gobierno. La televisi\u00f3n\u2026","rel":"","context":"En \u00ab1952\u00bb","block_context":{"text":"1952","link":"https:\/\/estrategica.com.co\/blog\/category\/ano\/1952\/"},"img":{"alt_text":"","src":"https:\/\/i0.wp.com\/estrategica.com.co\/blog\/wp-content\/uploads\/2011\/04\/452px-1932.jpg?fit=452%2C600&ssl=1&resize=350%2C200","width":350,"height":200},"classes":[]},{"id":5652,"url":"https:\/\/estrategica.com.co\/blog\/churchill-teodoro-roosevelt-hombre-en-la-arena-mccain\/","url_meta":{"origin":7879,"position":1},"title":"Churchill -Teodoro Roosevelt &#8211; Hombre en la Arena &#8211; McCain","author":"Juliana","date":"marzo 17, 2009","format":false,"excerpt":"[hana-flv-player video=\"\/blog\/wp-content\/uploads\/2009\/01\/CONVERTIDOS_USA\/Man_In_the_Arena.flv\" width=\"550\" height=\"\" description=\"Churchill -Teodoro Roosevelt - Hombre en la Arena - McCain\" clickurl=\"\" clicktarget=\"\" player=\"4\" autoplay=\"false\" loop=\"false\" autorewind=\"true\" splashimage=\"\" skin=\"\" \/] [icon color=\"Accent-Color\" size=\"regular\" image=\"steadysets-icon-chat\"] Contexto Spot de campa\u00f1a de John McCain en las elecciones de 2008. El candidato es un h\u00e9roe americano, anciano y vinculado a unos\u2026","rel":"","context":"En \u00abCampa\u00f1a Presidencial\u00bb","block_context":{"text":"Campa\u00f1a Presidencial","link":"https:\/\/estrategica.com.co\/blog\/category\/temas\/campana-presidencial\/"},"img":{"alt_text":"","src":"","width":0,"height":0},"classes":[]},{"id":1201,"url":"https:\/\/estrategica.com.co\/blog\/address-to-the-boyss-progressive-league\/","url_meta":{"origin":7879,"position":2},"title":"Address to the Boys&#8217;s Progressive League","author":"servicios E-estrategica.com","date":"enero 16, 2009","format":"audio","excerpt":"1-03-address-to-the-boyss-progressive-league Great Speeches or the 20th Century Volume One 3. Former President Theodore Roosvelt \/ Address to the Boys's Progressive League (1:30)","rel":"","context":"En \u00abAUDIO\u00bb","block_context":{"text":"AUDIO","link":"https:\/\/estrategica.com.co\/blog\/category\/audio\/"},"img":{"alt_text":"roosevelt","src":"https:\/\/i0.wp.com\/estrategica.com.co\/blog\/wp-content\/uploads\/2009\/01\/roosevelt.jpg?resize=350%2C200","width":350,"height":200},"classes":[]},{"id":7064,"url":"https:\/\/estrategica.com.co\/blog\/discurso-de-posesion-campana-grafica-de-raul-alfonsin\/","url_meta":{"origin":7879,"position":3},"title":"Discurso de Posesi\u00f3n  &#8211; Campa\u00f1a Grafica de Ra\u00fal Alfons\u00edn","author":"Juliana","date":"marzo 19, 2009","format":false,"excerpt":"[hana-flv-player video=\"\/blog\/wp-content\/uploads\/2009\/01\/videos_varios_f\/CAMPANA_GRAFICA_DE_ALFONSIN_1983.flv\" width=\"550\" height=\"\" description=\"Discurso de Posesi\u00f3n - Campa\u00f1a Grafica de Ra\u00fal Alfons\u00edn\" clickurl=\"\" clicktarget=\"\" player=\"4\" autoplay=\"false\" loop=\"false\" autorewind=\"true\" splashimage=\"\" skin=\"\" \/] [icon color=\"Accent-Color\" size=\"regular\" image=\"steadysets-icon-chat\"] Contexto Spot en donde se escucha el discurso de posesi\u00f3n a la Presidencia de Argentina de Ra\u00fal Alfons\u00edn mientras va desfilando una secuencia de\u2026","rel":"","context":"En \u00abArgentina\u00bb","block_context":{"text":"Argentina","link":"https:\/\/estrategica.com.co\/blog\/category\/geo\/america\/argentina\/"},"img":{"alt_text":"","src":"https:\/\/i0.wp.com\/estrategica.com.co\/blog\/wp-content\/uploads\/2009\/03\/campana_grafica_de_alfonsin_1983_thumb.png?fit=219%2C240&ssl=1&resize=350%2C200","width":350,"height":200},"classes":[]},{"id":20366,"url":"https:\/\/estrategica.com.co\/blog\/discurso-de-joven-lula\/","url_meta":{"origin":7879,"position":4},"title":"Discurso de J\u00f3ven &#8211;  Lula","author":"Juliana","date":"abril 30, 2010","format":false,"excerpt":"[hana-flv-player video=\"\/blog\/wp-content\/uploads\/2009\/01\/videos20102\/Lula___Filme_Joo.flv\" width=\"550\" height=\"\" description=\"Discurso de J\u00f3ven - Lula\" clickurl=\"\" clicktarget=\"\" player=\"4\" autoplay=\"false\" loop=\"false\" autorewind=\"true\" splashimage=\"\" skin=\"\" \/] [icon color=\"Accent-Color\" size=\"regular\" image=\"steadysets-icon-chat\"] Contexto Spot de la campa\u00f1a de Lu\u00eds Ignacio Lula da Silva, durante la contienda electoral de 2002. Era la cuarta campa\u00f1a presidencial que hacia Lula luego de haber\u2026","rel":"","context":"En \u00abBrazil\u00bb","block_context":{"text":"Brazil","link":"https:\/\/estrategica.com.co\/blog\/category\/geo\/america\/brazil\/"},"img":{"alt_text":"","src":"https:\/\/i0.wp.com\/estrategica.com.co\/blog\/wp-content\/uploads\/2010\/01\/Lula___Filme_Joo_thumb.png?fit=483%2C383&ssl=1&resize=350%2C200","width":350,"height":200},"classes":[]},{"id":7870,"url":"https:\/\/estrategica.com.co\/blog\/president_barack_obama_2009_inauguration_and_address\/","url_meta":{"origin":7879,"position":5},"title":"Discurso de Posesi\u00f3n &#8211; Obama","author":"Juliana","date":"enero 13, 2011","format":false,"excerpt":"[hana-flv-player video=\"\/blog\/wp-content\/uploads\/2009\/01\/videos_varios_f\/President_Barack_Obama_2009_Inauguration_and_Address.flv\" width=\"550\" height=\"\" description=\"Discurso de Posesi\u00f3n - Obama\" clickurl=\"\" clicktarget=\"\" player=\"4\" autoplay=\"false\" loop=\"false\" autorewind=\"true\" splashimage=\"\" skin=\"\" \/] [icon color=\"Accent-Color\" size=\"regular\" image=\"steadysets-icon-chat\"] Contexto En su discurso Obama prometi\u00f3 que \"la esperanza se impondr\u00e1 al miedo\" y que \"la voluntad com\u00fan se impondr\u00e1 al conflicto y al desacuerdo\". Pero advirti\u00f3 que\u2026","rel":"","context":"En \u00ab2009\u00bb","block_context":{"text":"2009","link":"https:\/\/estrategica.com.co\/blog\/category\/ano\/2009\/"},"img":{"alt_text":"","src":"https:\/\/i0.wp.com\/estrategica.com.co\/blog\/wp-content\/uploads\/2009\/03\/president_barack_obama_2009_inauguration_and_address_thumb.png?fit=307%2C252&ssl=1&resize=350%2C200","width":350,"height":200},"classes":[]}],"jetpack_sharing_enabled":true,"_links":{"self":[{"href":"https:\/\/estrategica.com.co\/blog\/wp-json\/wp\/v2\/posts\/7879","targetHints":{"allow":["GET"]}}],"collection":[{"href":"https:\/\/estrategica.com.co\/blog\/wp-json\/wp\/v2\/posts"}],"about":[{"href":"https:\/\/estrategica.com.co\/blog\/wp-json\/wp\/v2\/types\/post"}],"author":[{"embeddable":true,"href":"https:\/\/estrategica.com.co\/blog\/wp-json\/wp\/v2\/users\/5"}],"replies":[{"embeddable":true,"href":"https:\/\/estrategica.com.co\/blog\/wp-json\/wp\/v2\/comments?post=7879"}],"version-history":[{"count":6,"href":"https:\/\/estrategica.com.co\/blog\/wp-json\/wp\/v2\/posts\/7879\/revisions"}],"predecessor-version":[{"id":48017,"href":"https:\/\/estrategica.com.co\/blog\/wp-json\/wp\/v2\/posts\/7879\/revisions\/48017"}],"wp:featuredmedia":[{"embeddable":true,"href":"https:\/\/estrategica.com.co\/blog\/wp-json\/wp\/v2\/media\/7880"}],"wp:attachment":[{"href":"https:\/\/estrategica.com.co\/blog\/wp-json\/wp\/v2\/media?parent=7879"}],"wp:term":[{"taxonomy":"category","embeddable":true,"href":"https:\/\/estrategica.com.co\/blog\/wp-json\/wp\/v2\/categories?post=7879"},{"taxonomy":"post_tag","embeddable":true,"href":"https:\/\/estrategica.com.co\/blog\/wp-json\/wp\/v2\/tags?post=7879"}],"curies":[{"name":"wp","href":"https:\/\/api.w.org\/{rel}","templated":true}]}}