{"id":7984,"date":"2009-03-23T22:08:48","date_gmt":"2009-03-23T22:08:48","guid":{"rendered":"http:\/\/estrategica.com.co\/blog\/?p=7984"},"modified":"2015-03-18T10:21:12","modified_gmt":"2015-03-18T15:21:12","slug":"reduzca-reutilice-recicle","status":"publish","type":"post","link":"https:\/\/estrategica.com.co\/blog\/reduzca-reutilice-recicle\/","title":{"rendered":"Reduzca &#8211; Reutilice &#8211; Recicle"},"content":{"rendered":"<p> <script type='text\/javascript' src='https:\/\/estrategica.com.co\/blog\/wp-content\/plugins\/hana-flv-player\/flowplayer3\/example\/flowplayer-3.2.6.min.js'><\/script>\n<div >\n<div id='hana_flv_flow3_1' style='display:block;width:550px;height:413px;background-color:#555555;color:#ffffff;padding:0' title=\"*Video:reduzca - reutilice - recicle\"><\/div>\n<\/div>\n\n<script  type='text\/javascript'>\nif (typeof g_hanaFlash !== 'undefined' && !g_hanaFlash){\n    jQuery('#hana_flv_flow3_1').css( 'padding', '5px' );\n\tjQuery('#hana_flv_flow3_1').html(\"<span class='inactive_message' style='display:block'>Sorry, your browser does not support Flash Video Player<\/span> *Video:reduzca - reutilice - recicle\");\n}else{\t\t\t\n\t\tflowplayer('hana_flv_flow3_1', { src: 'https:\/\/estrategica.com.co\/blog\/wp-content\/plugins\/hana-flv-player\/flowplayer3\/flowplayer-3.2.7.swf', wmode: 'transparent' }, { \n\n\t\t\tcanvas: { backgroundColor: '#000000', backgroundGradient: 'none',},\n    \t\tclip:  { \n    \t\t\turl: '\/blog\/wp-content\/uploads\/2009\/01\/videos_varios_f\/Recycling_Advert.flv',\n        \t\tscaling: 'fit', autoPlay: false, autoBuffering: true \n\t\t\t\t   , onFinish : function () { this.seek(0); }  \n\n\t        }\n\n\t\t});\n}\n<\/script><br \/>\n<\/br><\/p>\n<p>[icon color=\u00bbAccent-Color\u00bb size=\u00bbregular\u00bb image=\u00bbsteadysets-icon-chat\u00bb] <strong>Contexto<\/strong><\/br><\/br><\/p>\n<p style=\"text-align: justify;\">Spot con un mensaje muy directo y emblematico. En donde se enfatiza lo importante que es reciclar.<\/p><\/p>\n","protected":false},"excerpt":{"rendered":"<p>*Video: reduzca &#8211; reutilice &#8211; recicle [icon color=\u00bbAccent-Color\u00bb size=\u00bbregular\u00bb image=\u00bbsteadysets-icon-chat\u00bb] Contexto Spot con un mensaje muy directo y emblematico. En donde se enfatiza lo importante que es reciclar.<\/p>\n","protected":false},"author":5,"featured_media":7985,"comment_status":"open","ping_status":"open","sticky":false,"template":"","format":"standard","meta":{"_et_pb_use_builder":"","_et_pb_old_content":"","_et_gb_content_width":"","advanced_seo_description":"","jetpack_seo_html_title":"","jetpack_seo_noindex":false,"footnotes":""},"categories":[27,64,10,35,11,3],"tags":[147,344],"class_list":["post-7984","post","type-post","status-publish","format-standard","has-post-thumbnail","hentry","category-divulgacion-politica","category-estados-unidos","category-geo","category-mensaje-politico","category-temas","category-video","tag-medio-ambiente","tag-reciclaje"],"jetpack_featured_media_url":"https:\/\/i0.wp.com\/estrategica.com.co\/blog\/wp-content\/uploads\/2009\/03\/recycling_advert_thumb.png?fit=302%2C241&ssl=1","jetpack_shortlink":"https:\/\/wp.me\/p4wgsh-24M","jetpack-related-posts":[{"id":23008,"url":"https:\/\/estrategica.com.co\/blog\/paul-ademe\/","url_meta":{"origin":7984,"position":0},"title":"Paul &#8211; ADEME","author":"Juliana","date":"abril 23, 2011","format":false,"excerpt":"[hana-flv-player video=\"\/blog\/wp-content\/uploads\/2009\/01\/20100708\/ademecompost.flv\" width=\"550\" height=\"\" description=\"Paul - ADEME\" clickurl=\"\" clicktarget=\"\" player=\"4\" autoplay=\"false\" loop=\"false\" autorewind=\"true\" splashimage=\"\" skin=\"\" \/] [icon color=\"Accent-Color\" size=\"regular\" image=\"steadysets-icon-chat\"] Contexto Spot de la Agencia de Medio Ambiente y Gesti\u00f3n de Energ\u00eda en Francia, ADEME, en 2010. La agencia participa en\u00a0la\u00a0aplicaci\u00f3n\u00a0de las pol\u00edticas\u00a0p\u00fablicas\u00a0en materia\u00a0de medio ambiente,\u00a0energ\u00eda\u00a0y desarrollo\u00a0sostenible.\u00a0La pieza que vemos\u2026","rel":"","context":"En \u00ab2010\u00bb","block_context":{"text":"2010","link":"https:\/\/estrategica.com.co\/blog\/category\/ano\/2010\/"},"img":{"alt_text":"","src":"https:\/\/i0.wp.com\/estrategica.com.co\/blog\/wp-content\/uploads\/2010\/07\/ademecompost_thumb.png?fit=466%2C432&ssl=1&resize=350%2C200","width":350,"height":200},"classes":[]},{"id":23011,"url":"https:\/\/estrategica.com.co\/blog\/oficina-ademe\/","url_meta":{"origin":7984,"position":1},"title":"Oficina &#8211; ADEME","author":"Juliana","date":"abril 23, 2011","format":false,"excerpt":"[hana-flv-player video=\"\/blog\/wp-content\/uploads\/2009\/01\/20100708\/ademeoffice.flv\" width=\"550\" height=\"\" description=\"Oficina - ADEME\" clickurl=\"\" clicktarget=\"\" player=\"4\" autoplay=\"false\" loop=\"false\" autorewind=\"true\" splashimage=\"\" skin=\"\" \/] [icon color=\"Accent-Color\" size=\"regular\" image=\"steadysets-icon-chat\"] Contexto Spot de la Agencia de Medio Ambiente y Gesti\u00f3n de Energ\u00eda en Francia, ADEME, en 2010. La agencia participa en\u00a0la\u00a0aplicaci\u00f3n\u00a0de las pol\u00edticas\u00a0p\u00fablicas\u00a0en materia\u00a0de medio ambiente,\u00a0energ\u00eda\u00a0y desarrollo\u00a0sostenible.\u00a0La pieza que vemos\u2026","rel":"","context":"En \u00ab2010\u00bb","block_context":{"text":"2010","link":"https:\/\/estrategica.com.co\/blog\/category\/ano\/2010\/"},"img":{"alt_text":"","src":"https:\/\/i0.wp.com\/estrategica.com.co\/blog\/wp-content\/uploads\/2010\/07\/ademeoffice_thumb.png?fit=458%2C434&ssl=1&resize=350%2C200","width":350,"height":200},"classes":[]},{"id":23014,"url":"https:\/\/estrategica.com.co\/blog\/supermercado-ademe\/","url_meta":{"origin":7984,"position":2},"title":"Supermercado &#8211; ADEME","author":"Juliana","date":"abril 23, 2011","format":false,"excerpt":"[hana-flv-player video=\"\/blog\/wp-content\/uploads\/2009\/01\/20100708\/ademesupermarket.flv\" width=\"550\" height=\"\" description=\"Supermercado - ADEME\" clickurl=\"\" clicktarget=\"\" player=\"4\" autoplay=\"false\" loop=\"false\" autorewind=\"true\" splashimage=\"\" skin=\"\" \/] [icon color=\"Accent-Color\" size=\"regular\" image=\"steadysets-icon-chat\"] Contexto Spot de la Agencia de Medio Ambiente y Gesti\u00f3n de Energ\u00eda en Francia, ADEME, en el a\u00f1o 2010. La agencia participa en\u00a0la\u00a0aplicaci\u00f3n\u00a0de las pol\u00edticas\u00a0p\u00fablicas\u00a0en materia\u00a0de medio ambiente,\u00a0energ\u00eda\u00a0y desarrollo\u00a0sostenible.\u00a0La pieza\u2026","rel":"","context":"En \u00ab2010\u00bb","block_context":{"text":"2010","link":"https:\/\/estrategica.com.co\/blog\/category\/ano\/2010\/"},"img":{"alt_text":"","src":"https:\/\/i0.wp.com\/estrategica.com.co\/blog\/wp-content\/uploads\/2010\/07\/ademesupermarket_thumb.png?fit=433%2C437&ssl=1&resize=350%2C200","width":350,"height":200},"classes":[]},{"id":1023,"url":"https:\/\/estrategica.com.co\/blog\/la-naturaleza-no-puede-reciclarse\/","url_meta":{"origin":7984,"position":3},"title":"La naturaleza no es reciclable","author":"estrategica.com","date":"enero 13, 2009","format":false,"excerpt":"Afiche realizado para la WWF por la agencia Ogilvy y Mather en Rumania dentro de una campa\u00f1a de recaudaci\u00f3n de fondos para proteger el medio ambiente, la idea es que el 2% del impuesto a la renta se destine a este prop\u00f3sito. La grafica muestra un pelicano hecho con chatarra\u2026","rel":"","context":"En \u00abAFICHES\u00bb","block_context":{"text":"AFICHES","link":"https:\/\/estrategica.com.co\/blog\/category\/afiches\/"},"img":{"alt_text":"","src":"https:\/\/i0.wp.com\/estrategica.com.co\/blog\/wp-content\/uploads\/2009\/01\/wwf1_0.jpg?fit=1020%2C764&ssl=1&resize=350%2C200","width":350,"height":200},"classes":[]},{"id":1028,"url":"https:\/\/estrategica.com.co\/blog\/la-naturaleza-no-es-reciclable\/","url_meta":{"origin":7984,"position":4},"title":"La Naturaleza no es reciclable","author":"estrategica.com","date":"enero 13, 2009","format":false,"excerpt":"Afiche realizado para la WWF por la agencia Ogilvy y Mather en Rumania dentro de una campa\u00f1a de recaudaci\u00f3n de fondos para proteger el medio ambiente, la idea es que el 2% del impuesto a la renta se destine a este prop\u00f3sito. La grafica muestra un ciervo hecho con chatarra\u2026","rel":"","context":"En \u00abAFICHES\u00bb","block_context":{"text":"AFICHES","link":"https:\/\/estrategica.com.co\/blog\/category\/afiches\/"},"img":{"alt_text":"","src":"https:\/\/i0.wp.com\/estrategica.com.co\/blog\/wp-content\/uploads\/2009\/01\/wwf2.jpg?fit=1020%2C764&ssl=1&resize=350%2C200","width":350,"height":200},"classes":[]},{"id":23566,"url":"https:\/\/estrategica.com.co\/blog\/vote\/","url_meta":{"origin":7984,"position":5},"title":"Vote","author":"Juliana","date":"diciembre 22, 2010","format":false,"excerpt":"[hana-flv-player video=\"\/blog\/wp-content\/uploads\/2009\/01\/20100708\/Govoteoryouletothersdecideforyou.flv\" width=\"550\" height=\"\" description=\"Vote \" clickurl=\"\" clicktarget=\"\" player=\"4\" autoplay=\"false\" loop=\"false\" autorewind=\"true\" splashimage=\"\" skin=\"\" \/] [icon color=\"Accent-Color\" size=\"regular\" image=\"steadysets-icon-chat\"] Contexto Video de una coalici\u00f3n de la sociedad civil con el fin de motivar a al ciudadano a participar en las elecciones h\u00fangaras de 2010. La pieza fue desarrollada por DDB\u2026","rel":"","context":"En \u00ab2010\u00bb","block_context":{"text":"2010","link":"https:\/\/estrategica.com.co\/blog\/category\/ano\/2010\/"},"img":{"alt_text":"","src":"https:\/\/i0.wp.com\/estrategica.com.co\/blog\/wp-content\/uploads\/2010\/07\/Govoteoryouletothersdecideforyou_thumb.png?fit=560%2C438&ssl=1&resize=350%2C200","width":350,"height":200},"classes":[]}],"jetpack_sharing_enabled":true,"_links":{"self":[{"href":"https:\/\/estrategica.com.co\/blog\/wp-json\/wp\/v2\/posts\/7984","targetHints":{"allow":["GET"]}}],"collection":[{"href":"https:\/\/estrategica.com.co\/blog\/wp-json\/wp\/v2\/posts"}],"about":[{"href":"https:\/\/estrategica.com.co\/blog\/wp-json\/wp\/v2\/types\/post"}],"author":[{"embeddable":true,"href":"https:\/\/estrategica.com.co\/blog\/wp-json\/wp\/v2\/users\/5"}],"replies":[{"embeddable":true,"href":"https:\/\/estrategica.com.co\/blog\/wp-json\/wp\/v2\/comments?post=7984"}],"version-history":[{"count":5,"href":"https:\/\/estrategica.com.co\/blog\/wp-json\/wp\/v2\/posts\/7984\/revisions"}],"predecessor-version":[{"id":48143,"href":"https:\/\/estrategica.com.co\/blog\/wp-json\/wp\/v2\/posts\/7984\/revisions\/48143"}],"wp:featuredmedia":[{"embeddable":true,"href":"https:\/\/estrategica.com.co\/blog\/wp-json\/wp\/v2\/media\/7985"}],"wp:attachment":[{"href":"https:\/\/estrategica.com.co\/blog\/wp-json\/wp\/v2\/media?parent=7984"}],"wp:term":[{"taxonomy":"category","embeddable":true,"href":"https:\/\/estrategica.com.co\/blog\/wp-json\/wp\/v2\/categories?post=7984"},{"taxonomy":"post_tag","embeddable":true,"href":"https:\/\/estrategica.com.co\/blog\/wp-json\/wp\/v2\/tags?post=7984"}],"curies":[{"name":"wp","href":"https:\/\/api.w.org\/{rel}","templated":true}]}}