{"id":806,"date":"2009-01-10T18:25:34","date_gmt":"2009-01-10T18:25:34","guid":{"rendered":"http:\/\/estrategica.com.co\/blog\/?p=806"},"modified":"2009-03-21T16:22:32","modified_gmt":"2009-03-21T16:22:32","slug":"si-podemos-2","status":"publish","type":"post","link":"https:\/\/estrategica.com.co\/blog\/si-podemos-2\/","title":{"rendered":"SI PODEMOS!"},"content":{"rendered":"<p><img loading=\"lazy\" decoding=\"async\" data-attachment-id=\"805\" data-permalink=\"https:\/\/estrategica.com.co\/blog\/si-podemos-2\/27637_une-sarkobama\/\" data-orig-file=\"https:\/\/i0.wp.com\/estrategica.com.co\/blog\/wp-content\/uploads\/2009\/01\/27637_une-sarkobama.jpg?fit=630%2C274&amp;ssl=1\" data-orig-size=\"630,274\" data-comments-opened=\"1\" data-image-meta=\"{&quot;aperture&quot;:&quot;0&quot;,&quot;credit&quot;:&quot;&quot;,&quot;camera&quot;:&quot;&quot;,&quot;caption&quot;:&quot;&quot;,&quot;created_timestamp&quot;:&quot;0&quot;,&quot;copyright&quot;:&quot;&quot;,&quot;focal_length&quot;:&quot;0&quot;,&quot;iso&quot;:&quot;0&quot;,&quot;shutter_speed&quot;:&quot;0&quot;,&quot;title&quot;:&quot;&quot;}\" data-image-title=\"27637_une-sarkobama\" data-image-description=\"\" data-image-caption=\"\" data-medium-file=\"https:\/\/i0.wp.com\/estrategica.com.co\/blog\/wp-content\/uploads\/2009\/01\/27637_une-sarkobama.jpg?fit=300%2C130&amp;ssl=1\" data-large-file=\"https:\/\/i0.wp.com\/estrategica.com.co\/blog\/wp-content\/uploads\/2009\/01\/27637_une-sarkobama.jpg?fit=630%2C274&amp;ssl=1\" class=\"alignnone size-full wp-image-805\" title=\"27637_une-sarkobama\" src=\"https:\/\/i0.wp.com\/estrategica.com.co\/blog\/wp-content\/uploads\/2009\/01\/27637_une-sarkobama.jpg?resize=504%2C219\" alt=\"27637_une-sarkobama\" width=\"504\" height=\"219\" srcset=\"https:\/\/i0.wp.com\/estrategica.com.co\/blog\/wp-content\/uploads\/2009\/01\/27637_une-sarkobama.jpg?w=630&amp;ssl=1 630w, https:\/\/i0.wp.com\/estrategica.com.co\/blog\/wp-content\/uploads\/2009\/01\/27637_une-sarkobama.jpg?resize=300%2C130&amp;ssl=1 300w\" sizes=\"(max-width: 504px) 100vw, 504px\" data-recalc-dims=\"1\" \/><\/p>\n<p style=\"text-align: justify;\">En la primera semana de diciembre de 2008 los muros de Paris se llenaron con afiches en donde se usaba la est\u00e9tica de la campa\u00f1a de Obama para visualizar al presidente Sarkozy. La imagen era llamativa sobre todo por el despliegue comunicativo que hab\u00eda tenido esa imagen de Obama. El texto copiaba el \u201cSi podemos\u201d y los conjugaba, en letra peque\u00f1a\u201d con \u201creducir un 30% las emisiones de gas invernadero\u201d, La campa\u00f1a genero expectativa en la medida en que no se sabia qui\u00e9n lo dec\u00eda y por qu\u00e9 con esa est\u00e9tica. El alg\u00fan momento la prensa hizo conjeturas sobre el autor de los carteles pero luego el grupo ecologista Greenpeace reivindic\u00f3 su autor\u00eda y explic\u00f3 su prop\u00f3sito. La idea era aprovechar las semanas previas a la \u201cCumbre de Jefes de Estado y de Gobierno\u201d para impulsar algunas medidas sobre cambio clim\u00e1tico, energ\u00edas renovables y emisiones de CO2. El primer afiche era el \u201cSi podemos\u201d, el segundo, ya con el logotipo de Greenpeace, focalizaba en Sarkozy el \u201cSI, USTED DEBE!\u201d. La campa\u00f1a tuvo afiches, anuncios en el metro y un video colgado en la red en donde muestran la pegada de afiches durante la campa\u00f1a de expectativa, esto \u00faltimo con el fin de alcanzar una comunicaci\u00f3n viral por Internet. Un ejercicio de comunicaci\u00f3n ingenioso, con sentido de coyuntura y con un mensaje claro.<\/p>\n<p style=\"text-align: justify;\">\n","protected":false},"excerpt":{"rendered":"<p>En la primera semana de diciembre de 2008 los muros de Paris se llenaron con afiches en donde se usaba la est\u00e9tica de la campa\u00f1a de Obama para visualizar al presidente Sarkozy. La imagen era llamativa sobre todo por el despliegue comunicativo que hab\u00eda tenido esa imagen de Obama. El texto copiaba el \u201cSi podemos\u201d [&hellip;]<\/p>\n","protected":false},"author":4,"featured_media":805,"comment_status":"open","ping_status":"open","sticky":false,"template":"","format":"standard","meta":{"_et_pb_use_builder":"","_et_pb_old_content":"","_et_gb_content_width":"","advanced_seo_description":"","jetpack_seo_html_title":"","jetpack_seo_noindex":false,"footnotes":""},"categories":[268,5,27,50,10,45,11],"tags":[145,79],"class_list":["post-806","post","type-post","status-publish","format-standard","has-post-thumbnail","hentry","category-268","category-afiches","category-divulgacion-politica","category-francia","category-geo","category-ilustracion","category-temas","tag-greenpeace","tag-nicolas-sarkosy"],"jetpack_featured_media_url":"https:\/\/i0.wp.com\/estrategica.com.co\/blog\/wp-content\/uploads\/2009\/01\/27637_une-sarkobama.jpg?fit=630%2C274&ssl=1","jetpack_shortlink":"https:\/\/wp.me\/p4wgsh-d0","jetpack-related-posts":[{"id":810,"url":"https:\/\/estrategica.com.co\/blog\/si-usted-debe\/","url_meta":{"origin":806,"position":0},"title":"SI, USTED DEBE!","author":"estrategica.com","date":"enero 10, 2009","format":false,"excerpt":"En la primera semana de diciembre de 2008 los muros de Paris se llenaron con afiches en donde se usaba la est\u00e9tica de la campa\u00f1a de Obama para visualizar al presidente Sarkozy. La imagen era llamativa sobre todo por el despliegue comunicativo que hab\u00eda tenido esa imagen de Obama. El\u2026","rel":"","context":"En \u00ab2008\u00bb","block_context":{"text":"2008","link":"https:\/\/estrategica.com.co\/blog\/category\/ano\/2008\/"},"img":{"alt_text":"","src":"https:\/\/i0.wp.com\/estrategica.com.co\/blog\/wp-content\/uploads\/2009\/01\/sarkobama_70.jpg?fit=400%2C300&ssl=1&resize=350%2C200","width":350,"height":200},"classes":[]},{"id":802,"url":"https:\/\/estrategica.com.co\/blog\/si-debemos\/","url_meta":{"origin":806,"position":1},"title":"SI, USTED DEBE!","author":"estrategica.com","date":"enero 10, 2009","format":false,"excerpt":"En la primera semana de diciembre de 2008 los muros de Paris se llenaron con afiches en donde se usaba la est\u00e9tica de la campa\u00f1a de Obama para visualizar al presidente Sarkozy. La imagen era llamativa sobre todo por el despliegue comunicativo que hab\u00eda tenido esa imagen de Obama. El\u2026","rel":"","context":"En \u00ab2009\u00bb","block_context":{"text":"2009","link":"https:\/\/estrategica.com.co\/blog\/category\/ano\/2009\/"},"img":{"alt_text":"","src":"https:\/\/i0.wp.com\/estrategica.com.co\/blog\/wp-content\/uploads\/2009\/01\/sarkobama-yes-you-must-13169-14.jpg?fit=470%2C300&ssl=1&resize=350%2C200","width":350,"height":200},"classes":[]},{"id":7281,"url":"https:\/\/estrategica.com.co\/blog\/si-podemos-3\/","url_meta":{"origin":806,"position":2},"title":"SI PODEMOS!","author":"Juliana","date":"marzo 21, 2009","format":false,"excerpt":"[hana-flv-player video=\"\/blog\/wp-content\/uploads\/2009\/01\/videos_varios_f\/Dailymotion6.flv\" width=\"550\" height=\"\" description=\"SI PODEMOS!\" clickurl=\"\" clicktarget=\"\" player=\"4\" autoplay=\"false\" loop=\"false\" autorewind=\"true\" splashimage=\"\" skin=\"\" \/] [icon color=\"Accent-Color\" size=\"regular\" image=\"steadysets-icon-chat\"] Contexto En la primera semana de diciembre de 2008 los muros de Paris se llenaron con afiches en donde se usaba la est\u00e9tica de la campa\u00f1a de Obama para visualizar al\u2026","rel":"","context":"En \u00ab2008\u00bb","block_context":{"text":"2008","link":"https:\/\/estrategica.com.co\/blog\/category\/ano\/2008\/"},"img":{"alt_text":"","src":"https:\/\/i0.wp.com\/estrategica.com.co\/blog\/wp-content\/uploads\/2009\/03\/dailymotion6_thumb.png?fit=300%2C223&ssl=1&resize=350%2C200","width":350,"height":200},"classes":[]},{"id":471,"url":"https:\/\/estrategica.com.co\/blog\/cambio-podemos-creer\/","url_meta":{"origin":806,"position":3},"title":"CAMBIO &#8211; PODEMOS CREER","author":"camilorojas","date":"enero 5, 2009","format":false,"excerpt":"Las elecciones de 2008 a la presidencia de los Estados Unidos estuvieron marcadas por el deseo de cambio que dominaba al electorado. La guerra, en un comienzo, y la econom\u00eda, al final, marcaron los ritmos y los \u00e9nfasis de la campa\u00f1a. Los desaf\u00edos de Obama eran los de mostrarse como\u2026","rel":"","context":"En \u00ab2008\u00bb","block_context":{"text":"2008","link":"https:\/\/estrategica.com.co\/blog\/category\/ano\/2008\/"},"img":{"alt_text":"","src":"https:\/\/i0.wp.com\/estrategica.com.co\/blog\/wp-content\/uploads\/2009\/01\/CAMBIO-\u2013-PODEMOS-CREER.jpg?fit=300%2C450&ssl=1&resize=350%2C200","width":350,"height":200},"classes":[]},{"id":487,"url":"https:\/\/estrategica.com.co\/blog\/si-podemos\/","url_meta":{"origin":806,"position":4},"title":"SI PODEMOS","author":"camilorojas","date":"enero 5, 2009","format":false,"excerpt":"Las elecciones de 2008 a la presidencia de los Estados Unidos estuvieron marcadas por el deseo de cambio que dominaba al electorado. La guerra, en un comienzo, y la econom\u00eda, al final, marcaron los ritmos y los \u00e9nfasis de la campa\u00f1a. Los desaf\u00edos de Obama eran los de mostrarse como\u2026","rel":"","context":"En \u00ab2008\u00bb","block_context":{"text":"2008","link":"https:\/\/estrategica.com.co\/blog\/category\/ano\/2008\/"},"img":{"alt_text":"","src":"https:\/\/i0.wp.com\/estrategica.com.co\/blog\/wp-content\/uploads\/2009\/01\/SI-PODEMOS.jpg?fit=545%2C818&ssl=1&resize=350%2C200","width":350,"height":200},"classes":[]},{"id":500,"url":"https:\/\/estrategica.com.co\/blog\/obama-hecho-a-si-mismo\/","url_meta":{"origin":806,"position":5},"title":"OBAMA &#8211; HECHO A SI MISMO","author":"camilorojas","date":"enero 5, 2009","format":false,"excerpt":"Las elecciones de 2008 a la presidencia de los Estados Unidos estuvieron marcadas por el deseo de cambio que dominaba al electorado. La guerra, en un comienzo, y la econom\u00eda, al final, marcaron los ritmos y los \u00e9nfasis de la campa\u00f1a. Los desaf\u00edos de Obama eran los de mostrarse como\u2026","rel":"","context":"En \u00ab2008\u00bb","block_context":{"text":"2008","link":"https:\/\/estrategica.com.co\/blog\/category\/ano\/2008\/"},"img":{"alt_text":"","src":"https:\/\/i0.wp.com\/estrategica.com.co\/blog\/wp-content\/uploads\/2009\/01\/OBAMA-\u2013-HECHO-A-SI-MISMO.jpg?fit=545%2C842&ssl=1&resize=350%2C200","width":350,"height":200},"classes":[]}],"jetpack_sharing_enabled":true,"_links":{"self":[{"href":"https:\/\/estrategica.com.co\/blog\/wp-json\/wp\/v2\/posts\/806","targetHints":{"allow":["GET"]}}],"collection":[{"href":"https:\/\/estrategica.com.co\/blog\/wp-json\/wp\/v2\/posts"}],"about":[{"href":"https:\/\/estrategica.com.co\/blog\/wp-json\/wp\/v2\/types\/post"}],"author":[{"embeddable":true,"href":"https:\/\/estrategica.com.co\/blog\/wp-json\/wp\/v2\/users\/4"}],"replies":[{"embeddable":true,"href":"https:\/\/estrategica.com.co\/blog\/wp-json\/wp\/v2\/comments?post=806"}],"version-history":[{"count":6,"href":"https:\/\/estrategica.com.co\/blog\/wp-json\/wp\/v2\/posts\/806\/revisions"}],"predecessor-version":[{"id":7487,"href":"https:\/\/estrategica.com.co\/blog\/wp-json\/wp\/v2\/posts\/806\/revisions\/7487"}],"wp:featuredmedia":[{"embeddable":true,"href":"https:\/\/estrategica.com.co\/blog\/wp-json\/wp\/v2\/media\/805"}],"wp:attachment":[{"href":"https:\/\/estrategica.com.co\/blog\/wp-json\/wp\/v2\/media?parent=806"}],"wp:term":[{"taxonomy":"category","embeddable":true,"href":"https:\/\/estrategica.com.co\/blog\/wp-json\/wp\/v2\/categories?post=806"},{"taxonomy":"post_tag","embeddable":true,"href":"https:\/\/estrategica.com.co\/blog\/wp-json\/wp\/v2\/tags?post=806"}],"curies":[{"name":"wp","href":"https:\/\/api.w.org\/{rel}","templated":true}]}}