{"id":8160,"date":"2009-03-29T03:03:54","date_gmt":"2009-03-29T03:03:54","guid":{"rendered":"http:\/\/estrategica.com.co\/blog\/?p=8160"},"modified":"2015-03-16T10:37:24","modified_gmt":"2015-03-16T15:37:24","slug":"vota-en-principios-vota-en-valores-aes","status":"publish","type":"post","link":"https:\/\/estrategica.com.co\/blog\/vota-en-principios-vota-en-valores-aes\/","title":{"rendered":"Vota en Principios, vota en Valores &#8211; AES"},"content":{"rendered":"<p> <script type='text\/javascript' src='https:\/\/estrategica.com.co\/blog\/wp-content\/plugins\/hana-flv-player\/flowplayer3\/example\/flowplayer-3.2.6.min.js'><\/script>\n<div >\n<div id='hana_flv_flow3_1' style='display:block;width:550px;height:413px;background-color:#555555;color:#ffffff;padding:0' title=\"*Video:vota en principios, vota en valores - aes\"><\/div>\n<\/div>\n\n<script  type='text\/javascript'>\nif (typeof g_hanaFlash !== 'undefined' && !g_hanaFlash){\n    jQuery('#hana_flv_flow3_1').css( 'padding', '5px' );\n\tjQuery('#hana_flv_flow3_1').html(\"<span class='inactive_message' style='display:block'>Sorry, your browser does not support Flash Video Player<\/span> *Video:vota en principios, vota en valores - aes\");\n}else{\t\t\t\n\t\tflowplayer('hana_flv_flow3_1', { src: 'https:\/\/estrategica.com.co\/blog\/wp-content\/plugins\/hana-flv-player\/flowplayer3\/flowplayer-3.2.7.swf', wmode: 'transparent' }, { \n\n\t\t\tcanvas: { backgroundColor: '#000000', backgroundGradient: 'none',},\n    \t\tclip:  { \n    \t\t\turl: '\/blog\/wp-content\/uploads\/2009\/01\/videos_varios_f\/Spot_Electoral_AES_Elecciones_2008.flv',\n        \t\tscaling: 'fit', autoPlay: false, autoBuffering: true \n\t\t\t\t   , onFinish : function () { this.seek(0); }  \n\n\t        }\n\n\t\t});\n}\n<\/script><br \/>\n<\/br><\/p>\n<p>[icon color=\u00bbAccent-Color\u00bb size=\u00bbregular\u00bb image=\u00bbsteadysets-icon-chat\u00bb] <strong>Contexto<\/strong><\/br><\/br><\/p>\n<p style=\"text-align: justify;\">Spot del Partido Alternativa Espa\u00f1ola, AES. Este es un partido<span style=\"mso-spacerun: yes;\">\u00a0 <\/span>de car\u00e1cter cat\u00f3lico confesional, que se ubica en la derecha conservadora. Su vocero es el abogado y empresario Rafael L\u00f3pez-Di\u00e9guez. El Partido se constituy\u00f3 en 2003 y se fundamenta en 4 principios: \u00abdefensa de la Vida\u00bb, \u00abdefensa de la Familia\u00bb, defensa de las \u00abRa\u00edces Cristianas\u00bb y de la \u00abUnidad de Espa\u00f1a\u00bb. En las elecciones generales de 2008 present\u00f3 candidatos en 52 circunscripciones, obtuvo poco m\u00e1s de 7.000 votos al Congreso (unos 2.000 en la circunscripci\u00f3n de Madrid) y 20.000 al Senado en todo el pa\u00eds. ser\u00edas e implementables sino a acciones coyunturales de campa\u00f1a, es decir, a enga\u00f1o.<\/p><\/p>\n","protected":false},"excerpt":{"rendered":"<p>*Video: vota en principios, vota en valores &#8211; aes [icon color=\u00bbAccent-Color\u00bb size=\u00bbregular\u00bb image=\u00bbsteadysets-icon-chat\u00bb] Contexto Spot del Partido Alternativa Espa\u00f1ola, AES. Este es un partido\u00a0 de car\u00e1cter cat\u00f3lico confesional, que se ubica en la derecha conservadora. Su vocero es el abogado y empresario Rafael L\u00f3pez-Di\u00e9guez. El Partido se constituy\u00f3 en 2003 y se fundamenta en 4 [&hellip;]<\/p>\n","protected":false},"author":5,"featured_media":8161,"comment_status":"open","ping_status":"open","sticky":false,"template":"","format":"standard","meta":{"_et_pb_use_builder":"","_et_pb_old_content":"","_et_gb_content_width":"","advanced_seo_description":"","jetpack_seo_html_title":"","jetpack_seo_noindex":false,"footnotes":""},"categories":[58,34,23,10,11,3],"tags":[379,378,93],"class_list":["post-8160","post","type-post","status-publish","format-standard","has-post-thumbnail","hentry","category-campana-colegiada","category-electoral","category-espana","category-geo","category-temas","category-video","tag-aes","tag-alternativa-espanola","tag-elecciones-2008"],"jetpack_featured_media_url":"https:\/\/i0.wp.com\/estrategica.com.co\/blog\/wp-content\/uploads\/2009\/03\/spot_electoral_aes_elecciones_2008_thumb.png?fit=317%2C251&ssl=1","jetpack_shortlink":"https:\/\/wp.me\/p4wgsh-27C","jetpack-related-posts":[{"id":8181,"url":"https:\/\/estrategica.com.co\/blog\/lo-que-nos-une-upd\/","url_meta":{"origin":8160,"position":0},"title":"Lo que nos Une &#8211; UPD","author":"Juliana","date":"marzo 29, 2009","format":false,"excerpt":"[hana-flv-player video=\"\/blog\/wp-content\/uploads\/2009\/01\/videos_varios_f\/Spot_Electoral_UPD_Elecciones_2008.flv\" width=\"550\" height=\"\" description=\"Lo que nos Une - UPD\" clickurl=\"\" clicktarget=\"\" player=\"4\" autoplay=\"false\" loop=\"false\" autorewind=\"true\" splashimage=\"\" skin=\"\" \/] [icon color=\"Accent-Color\" size=\"regular\" image=\"steadysets-icon-chat\"] Contexto Spot de Campa\u00f1a de Partido Uni\u00f3n, Progreso y Democracia, UPD, durante las elecciones generales de 2008. Esta Partido, fundado en 2007, obtuvo un diputado por la\u2026","rel":"","context":"En \u00abCampa\u00f1a Cuerpo Colegiado\u00bb","block_context":{"text":"Campa\u00f1a Cuerpo Colegiado","link":"https:\/\/estrategica.com.co\/blog\/category\/temas\/campana-colegiada\/"},"img":{"alt_text":"","src":"","width":0,"height":0},"classes":[]},{"id":10894,"url":"https:\/\/estrategica.com.co\/blog\/toma-partido\/","url_meta":{"origin":8160,"position":1},"title":"Toma Partido","author":"Juliana","date":"febrero 8, 2011","format":false,"excerpt":"[hana-flv-player video=\"\/blog\/wp-content\/uploads\/2009\/01\/carpeta_muchos_varios\/Espana89.flv\" width=\"550\" height=\"\" description=\"Historia - Amnist\u00eda Internacional\" clickurl=\"\" clicktarget=\"\" player=\"4\" autoplay=\"false\" loop=\"false\" autorewind=\"true\" splashimage=\"\" skin=\"\" \/] [icon color=\"Accent-Color\" size=\"regular\" image=\"steadysets-icon-chat\"] Contexto Spot de la Autoridad Electoral Espa\u00f1ola para incentivar el voto durante las elecciones generales de 1989. Dichas elecciones fueron ganadas por el PSOE obtuvo el 39.6% de los\u2026","rel":"","context":"En \u00ab1989\u00bb","block_context":{"text":"1989","link":"https:\/\/estrategica.com.co\/blog\/category\/ano\/1989\/"},"img":{"alt_text":"","src":"https:\/\/i0.wp.com\/estrategica.com.co\/blog\/wp-content\/uploads\/2009\/04\/espana89_thumb.png?fit=349%2C234&ssl=1&resize=350%2C200","width":350,"height":200},"classes":[]},{"id":24360,"url":"https:\/\/estrategica.com.co\/blog\/polonia-es-lo-mas-importante-kaczynski-4\/","url_meta":{"origin":8160,"position":2},"title":"Polonia es lo m\u00e1s importante &#8211; Kaczynski","author":"Juliana","date":"septiembre 16, 2010","format":false,"excerpt":"[hana-flv-player video=\"\/blog\/wp-content\/uploads\/2009\/01\/20100708\/Spotreklamowy2.flv\" width=\"550\" height=\"\" description=\"Polonia es lo m\u00e1s importante - Kaczynski\" clickurl=\"\" clicktarget=\"\" player=\"4\" autoplay=\"false\" loop=\"false\" autorewind=\"true\" splashimage=\"\" skin=\"\" \/] [icon color=\"Accent-Color\" size=\"regular\" image=\"steadysets-icon-chat\"] Contexto Spot de la campa\u00f1a de Jaroslaw Kaczynski a la presidencia de Polonia, durante la contienda electoral de 2010, a nombre del partido Prawo i Sprawiedliwo??,\u2026","rel":"","context":"En \u00ab2010\u00bb","block_context":{"text":"2010","link":"https:\/\/estrategica.com.co\/blog\/category\/ano\/2010\/"},"img":{"alt_text":"","src":"https:\/\/i0.wp.com\/estrategica.com.co\/blog\/wp-content\/uploads\/2010\/07\/Spotreklamowy2_thumb.png?fit=420%2C363&ssl=1&resize=350%2C200","width":350,"height":200},"classes":[]},{"id":24354,"url":"https:\/\/estrategica.com.co\/blog\/polonia-es-lo-mas-importante-kaczynski-5\/","url_meta":{"origin":8160,"position":3},"title":"Polonia es lo m\u00e1s importante &#8211; Kaczynski","author":"Juliana","date":"septiembre 16, 2010","format":false,"excerpt":"[hana-flv-player video=\"\/blog\/wp-content\/uploads\/2009\/01\/20100708\/Spotreklamowy1.flv\" width=\"550\" height=\"\" description=\"Polonia es lo m\u00e1s importante - Kaczynski\" clickurl=\"\" clicktarget=\"\" player=\"4\" autoplay=\"false\" loop=\"false\" autorewind=\"true\" splashimage=\"\" skin=\"\" \/] [icon color=\"Accent-Color\" size=\"regular\" image=\"steadysets-icon-chat\"] Contexto Spot de la campa\u00f1a de Jaroslaw Kaczynski a la presidencia de Polonia, durante la contienda electoral de 2010, a nombre del partido Prawo i Sprawiedliwo??,\u2026","rel":"","context":"En \u00ab2010\u00bb","block_context":{"text":"2010","link":"https:\/\/estrategica.com.co\/blog\/category\/ano\/2010\/"},"img":{"alt_text":"","src":"https:\/\/i0.wp.com\/estrategica.com.co\/blog\/wp-content\/uploads\/2010\/07\/Spotreklamowy1_thumb.png?fit=578%2C424&ssl=1&resize=350%2C200","width":350,"height":200},"classes":[]},{"id":24357,"url":"https:\/\/estrategica.com.co\/blog\/polonia-es-lo-mas-importante-kaczynski-7\/","url_meta":{"origin":8160,"position":4},"title":"Polonia es lo m\u00e1s importante &#8211; Kaczynski","author":"Juliana","date":"septiembre 17, 2010","format":false,"excerpt":"[hana-flv-player video=\"\/blog\/wp-content\/uploads\/2009\/01\/20100708\/Spotreklamowy1.flv\" width=\"550\" height=\"\" description=\"Polonia es lo m\u00e1s importante - Kaczynski\" clickurl=\"\" clicktarget=\"\" player=\"4\" autoplay=\"false\" loop=\"false\" autorewind=\"true\" splashimage=\"\" skin=\"\" \/] [icon color=\"Accent-Color\" size=\"regular\" image=\"steadysets-icon-chat\"] Contexto Spot de la campa\u00f1a de Jaroslaw Kaczynski a la presidencia de Polonia, durante la contienda electoral de 2010, a nombre del partido Prawo i Sprawiedliwo??,\u2026","rel":"","context":"En \u00ab2010\u00bb","block_context":{"text":"2010","link":"https:\/\/estrategica.com.co\/blog\/category\/ano\/2010\/"},"img":{"alt_text":"","src":"https:\/\/i0.wp.com\/estrategica.com.co\/blog\/wp-content\/uploads\/2010\/07\/Spotreklamowy1_thumb1.png?fit=578%2C424&ssl=1&resize=350%2C200","width":350,"height":200},"classes":[]},{"id":24364,"url":"https:\/\/estrategica.com.co\/blog\/polonia-es-lo-mas-importante-kaczynski-3\/","url_meta":{"origin":8160,"position":5},"title":"Polonia es lo m\u00e1s importante &#8211; Kaczynski","author":"Juliana","date":"septiembre 16, 2010","format":false,"excerpt":"[hana-flv-player video=\"\/blog\/wp-content\/uploads\/2009\/01\/20100708\/Spotreklamowy3.flv\" width=\"550\" height=\"\" description=\"Polonia es lo m\u00e1s importante - Kaczynski\" clickurl=\"\" clicktarget=\"\" player=\"4\" autoplay=\"false\" loop=\"false\" autorewind=\"true\" splashimage=\"\" skin=\"\" \/] [icon color=\"Accent-Color\" size=\"regular\" image=\"steadysets-icon-chat\"] Contexto Spot de la campa\u00f1a de Jaroslaw Kaczynski a la presidencia de Polonia, durante la contienda electoral de 2010, a nombre del partido Prawo i Sprawiedliwo??,\u2026","rel":"","context":"En \u00ab2010\u00bb","block_context":{"text":"2010","link":"https:\/\/estrategica.com.co\/blog\/category\/ano\/2010\/"},"img":{"alt_text":"","src":"https:\/\/i0.wp.com\/estrategica.com.co\/blog\/wp-content\/uploads\/2010\/07\/Spotreklamowy3_thumb.png?fit=641%2C433&ssl=1&resize=350%2C200","width":350,"height":200},"classes":[]}],"jetpack_sharing_enabled":true,"_links":{"self":[{"href":"https:\/\/estrategica.com.co\/blog\/wp-json\/wp\/v2\/posts\/8160","targetHints":{"allow":["GET"]}}],"collection":[{"href":"https:\/\/estrategica.com.co\/blog\/wp-json\/wp\/v2\/posts"}],"about":[{"href":"https:\/\/estrategica.com.co\/blog\/wp-json\/wp\/v2\/types\/post"}],"author":[{"embeddable":true,"href":"https:\/\/estrategica.com.co\/blog\/wp-json\/wp\/v2\/users\/5"}],"replies":[{"embeddable":true,"href":"https:\/\/estrategica.com.co\/blog\/wp-json\/wp\/v2\/comments?post=8160"}],"version-history":[{"count":6,"href":"https:\/\/estrategica.com.co\/blog\/wp-json\/wp\/v2\/posts\/8160\/revisions"}],"predecessor-version":[{"id":47692,"href":"https:\/\/estrategica.com.co\/blog\/wp-json\/wp\/v2\/posts\/8160\/revisions\/47692"}],"wp:featuredmedia":[{"embeddable":true,"href":"https:\/\/estrategica.com.co\/blog\/wp-json\/wp\/v2\/media\/8161"}],"wp:attachment":[{"href":"https:\/\/estrategica.com.co\/blog\/wp-json\/wp\/v2\/media?parent=8160"}],"wp:term":[{"taxonomy":"category","embeddable":true,"href":"https:\/\/estrategica.com.co\/blog\/wp-json\/wp\/v2\/categories?post=8160"},{"taxonomy":"post_tag","embeddable":true,"href":"https:\/\/estrategica.com.co\/blog\/wp-json\/wp\/v2\/tags?post=8160"}],"curies":[{"name":"wp","href":"https:\/\/api.w.org\/{rel}","templated":true}]}}