{"id":8169,"date":"2009-03-29T02:53:04","date_gmt":"2009-03-29T02:53:04","guid":{"rendered":"http:\/\/estrategica.com.co\/blog\/?p=8169"},"modified":"2015-03-16T10:36:59","modified_gmt":"2015-03-16T15:36:59","slug":"spot_electoral_ciu_elecciones_2008flv","status":"publish","type":"post","link":"https:\/\/estrategica.com.co\/blog\/spot_electoral_ciu_elecciones_2008flv\/","title":{"rendered":"Rspeto a Catalu\u00f1a &#8211; CiU"},"content":{"rendered":"<p> <script type='text\/javascript' src='https:\/\/estrategica.com.co\/blog\/wp-content\/plugins\/hana-flv-player\/flowplayer3\/example\/flowplayer-3.2.6.min.js'><\/script>\n<div >\n<div id='hana_flv_flow3_1' style='display:block;width:550px;height:413px;background-color:#555555;color:#ffffff;padding:0' title=\"*Video:rspeto a catalu\u00f1a - ciu\"><\/div>\n<\/div>\n\n<script  type='text\/javascript'>\nif (typeof g_hanaFlash !== 'undefined' && !g_hanaFlash){\n    jQuery('#hana_flv_flow3_1').css( 'padding', '5px' );\n\tjQuery('#hana_flv_flow3_1').html(\"<span class='inactive_message' style='display:block'>Sorry, your browser does not support Flash Video Player<\/span> *Video:rspeto a catalu\u00f1a - ciu\");\n}else{\t\t\t\n\t\tflowplayer('hana_flv_flow3_1', { src: 'https:\/\/estrategica.com.co\/blog\/wp-content\/plugins\/hana-flv-player\/flowplayer3\/flowplayer-3.2.7.swf', wmode: 'transparent' }, { \n\n\t\t\tcanvas: { backgroundColor: '#000000', backgroundGradient: 'none',},\n    \t\tclip:  { \n    \t\t\turl: '\/blog\/wp-content\/uploads\/2009\/01\/videos_varios_f\/Spot_Electoral_CiU_Elecciones_2008.flv',\n        \t\tscaling: 'fit', autoPlay: false, autoBuffering: true \n\t\t\t\t   , onFinish : function () { this.seek(0); }  \n\n\t        }\n\n\t\t});\n}\n<\/script><br \/>\n<\/br><\/p>\n<p>[icon color=\u00bbAccent-Color\u00bb size=\u00bbregular\u00bb image=\u00bbsteadysets-icon-chat\u00bb] <strong>Contexto<\/strong><\/br><\/br><\/p>\n<p style=\"text-align: justify;\">Campa\u00f1a de Convergencia y Uni\u00f3n para las elecciones generales de 2008. El candidato es Josep Antoni Duran i Lleida quien fue elegido diputado por Barcelona. El partido es una confederaci\u00f3n de movimientos nacionalistas de ideolog\u00eda liberal y de centro. El spot gira en torno a la figura del candidato y el mensaje es hacer respetar a Catalu\u00f1a, es decir, un mensaje claramente nacionalista.<\/p><\/p>\n","protected":false},"excerpt":{"rendered":"<p>*Video: rspeto a catalu\u00f1a &#8211; ciu [icon color=\u00bbAccent-Color\u00bb size=\u00bbregular\u00bb image=\u00bbsteadysets-icon-chat\u00bb] Contexto Campa\u00f1a de Convergencia y Uni\u00f3n para las elecciones generales de 2008. El candidato es Josep Antoni Duran i Lleida quien fue elegido diputado por Barcelona. El partido es una confederaci\u00f3n de movimientos nacionalistas de ideolog\u00eda liberal y de centro. El spot gira en torno [&hellip;]<\/p>\n","protected":false},"author":5,"featured_media":8170,"comment_status":"open","ping_status":"open","sticky":false,"template":"","format":"standard","meta":{"_et_pb_use_builder":"","_et_pb_old_content":"","_et_gb_content_width":"","advanced_seo_description":"","jetpack_seo_html_title":"","jetpack_seo_noindex":false,"footnotes":""},"categories":[58,34,23,10,11,3],"tags":[199,93,200],"class_list":["post-8169","post","type-post","status-publish","format-standard","has-post-thumbnail","hentry","category-campana-colegiada","category-electoral","category-espana","category-geo","category-temas","category-video","tag-convergencia-y-union","tag-elecciones-2008","tag-josep-antoni-duran"],"jetpack_featured_media_url":"https:\/\/i0.wp.com\/estrategica.com.co\/blog\/wp-content\/uploads\/2009\/03\/spot_electoral_ciu_elecciones_2008_thumb.png?fit=318%2C210&ssl=1","jetpack_shortlink":"https:\/\/wp.me\/p4wgsh-27L","jetpack-related-posts":[{"id":2785,"url":"https:\/\/estrategica.com.co\/blog\/convergencia-y-union-cataluna\/","url_meta":{"origin":8169,"position":0},"title":"Respeto a Catalu\u00f1a &#8211; Convergencia y Uni\u00f3n.","author":"Juliana","date":"enero 25, 2009","format":false,"excerpt":"[hana-flv-player video=\"\/blog\/wp-content\/uploads\/2009\/01\/ESPANA\/Spot_Catalu\u00f1a1.flv\" width=\"550\" height=\"\" description=\"Respeto a Catalu\u00f1a - Convergencia y Uni\u00f3n.\" clickurl=\"\" clicktarget=\"\" player=\"4\" autoplay=\"false\" loop=\"false\" autorewind=\"true\" splashimage=\"\" skin=\"\" \/] [icon color=\"Accent-Color\" size=\"regular\" image=\"steadysets-icon-chat\"] Contexto Campa\u00f1a de Convergencia y Uni\u00f3n para las elecciones generales de 2008. El candidato es Josep Antoni Duran i Lleida quien fue elegido diputado por Barcelona.\u2026","rel":"","context":"En \u00abCampa\u00f1a Cuerpo Colegiado\u00bb","block_context":{"text":"Campa\u00f1a Cuerpo Colegiado","link":"https:\/\/estrategica.com.co\/blog\/category\/temas\/campana-colegiada\/"},"img":{"alt_text":"","src":"","width":0,"height":0},"classes":[]},{"id":2781,"url":"https:\/\/estrategica.com.co\/blog\/respeto-a-cataluna-convergencia-y-union\/","url_meta":{"origin":8169,"position":1},"title":"Respeto a Catalu\u00f1a &#8211; Convergencia y Uni\u00f3n.","author":"Juliana","date":"enero 25, 2009","format":false,"excerpt":"[hana-flv-player video=\"\/\/blog\/wp-content\/uploads\/2009\/01\/ESPANA\/Spot_Catalu\u00f1a.flv\" width=\"550\" height=\"\" description=\"Respeto a Catalu\u00f1a - Convergencia y Uni\u00f3n.\" clickurl=\"\" clicktarget=\"\" player=\"4\" autoplay=\"false\" loop=\"false\" autorewind=\"true\" splashimage=\"\" skin=\"\" \/] [icon color=\"Accent-Color\" size=\"regular\" image=\"steadysets-icon-chat\"] Contexto Campa\u00f1a de Convergencia y Uni\u00f3n para las elecciones generales de 2008. El candidato es Josep Antoni Duran i Lleida quien fue elegido diputado por Barcelona.\u2026","rel":"","context":"En \u00abCampa\u00f1a Cuerpo Colegiado\u00bb","block_context":{"text":"Campa\u00f1a Cuerpo Colegiado","link":"https:\/\/estrategica.com.co\/blog\/category\/temas\/campana-colegiada\/"},"img":{"alt_text":"","src":"https:\/\/i0.wp.com\/estrategica.com.co\/blog\/wp-content\/uploads\/2009\/01\/spot_cataluna_thumb.png?fit=319%2C226&ssl=1&resize=350%2C200","width":350,"height":200},"classes":[]},{"id":11698,"url":"https:\/\/estrategica.com.co\/blog\/espanacnovergenciaiuniojosepduran2004\/","url_meta":{"origin":8169,"position":2},"title":"Sentido Com\u00fan &#8211; Duran","author":"Juliana","date":"abril 18, 2011","format":false,"excerpt":"[hana-flv-player video=\"\/blog\/wp-content\/uploads\/2009\/01\/carpeta_muchos_varios\/EspanaCnovergenciaiUnioJosepDuran2004.flv\" width=\"550\" height=\"\" description=\"Sentido Com\u00fan - Duran\" clickurl=\"\" clicktarget=\"\" player=\"4\" autoplay=\"false\" loop=\"false\" autorewind=\"true\" splashimage=\"\" skin=\"\" \/] [icon color=\"Accent-Color\" size=\"regular\" image=\"steadysets-icon-chat\"] Contexto Spot de Convergencia y Uni\u00f3n para las elecciones generales de 2004. La vocer\u00eda de la pieza la hace el l\u00edder del movimiento Josep Duran. Es una pieza moderna,\u2026","rel":"","context":"En \u00ab2004\u00bb","block_context":{"text":"2004","link":"https:\/\/estrategica.com.co\/blog\/category\/ano\/2004\/"},"img":{"alt_text":"","src":"https:\/\/i0.wp.com\/estrategica.com.co\/blog\/wp-content\/uploads\/2009\/04\/espanacnovergenciaiuniojosepduran2004_thumb.png?fit=303%2C249&ssl=1&resize=350%2C200","width":350,"height":200},"classes":[]},{"id":14916,"url":"https:\/\/estrategica.com.co\/blog\/gobierno-de-union-oviedo\/","url_meta":{"origin":8169,"position":3},"title":"Gobierno de Uni\u00f3n &#8211; Oviedo","author":"Juliana","date":"mayo 23, 2009","format":false,"excerpt":"[hana-flv-player video=\"\/blog\/wp-content\/uploads\/2009\/01\/videos_ultimos\/av177.flv\" width=\"550\" height=\"\" description=\"Gobierno de Uni\u00f3n - Oviedo\" clickurl=\"\" clicktarget=\"\" player=\"4\" autoplay=\"false\" loop=\"false\" autorewind=\"true\" splashimage=\"\" skin=\"\" \/] [icon color=\"Accent-Color\" size=\"regular\" image=\"steadysets-icon-chat\"] Contexto Spot de la campa\u00f1a de Lino Oviedo a la Presidencia de Paraguay durante la contienda electoral de 2008. Su candidatura era una disidencia del Partido Colorado, con\u2026","rel":"","context":"En \u00abCampa\u00f1a Presidencial\u00bb","block_context":{"text":"Campa\u00f1a Presidencial","link":"https:\/\/estrategica.com.co\/blog\/category\/temas\/campana-presidencial\/"},"img":{"alt_text":"","src":"https:\/\/i0.wp.com\/estrategica.com.co\/blog\/wp-content\/uploads\/2009\/05\/av177_thumb.png?fit=455%2C323&ssl=1&resize=350%2C200","width":350,"height":200},"classes":[]},{"id":8192,"url":"https:\/\/estrategica.com.co\/blog\/objetivo-un-pais-de-primera-esquerra\/","url_meta":{"origin":8169,"position":4},"title":"Objetivo: Un Pa\u00eds de Primera &#8211; Esquerra","author":"Juliana","date":"marzo 28, 2009","format":false,"excerpt":"[hana-flv-player video=\"\/blog\/wp-content\/uploads\/2009\/01\/videos_varios_f\/Spot_ERC_Objetivo_un_pa_de_primera.flv\" width=\"550\" height=\"\" description=\"Objetivo: Un Pa\u00eds de Primera - Esquerra\" clickurl=\"\" clicktarget=\"\" player=\"4\" autoplay=\"false\" loop=\"false\" autorewind=\"true\" splashimage=\"\" skin=\"\" \/] [icon color=\"Accent-Color\" size=\"regular\" image=\"steadysets-icon-chat\"] Contexto Campa\u00f1a de Esquerra Republicana de Catalunya o en espa\u00f1ol: Izquierda Republicana de Catalu\u00f1a. Esquerra es un partido de izquierdas, favorable a la rep\u00fablica y a\u2026","rel":"","context":"En \u00abCampa\u00f1a Cuerpo Colegiado\u00bb","block_context":{"text":"Campa\u00f1a Cuerpo Colegiado","link":"https:\/\/estrategica.com.co\/blog\/category\/temas\/campana-colegiada\/"},"img":{"alt_text":"","src":"","width":0,"height":0},"classes":[]},{"id":11770,"url":"https:\/\/estrategica.com.co\/blog\/seguridad-estrada\/","url_meta":{"origin":8169,"position":5},"title":"Seguridad &#8211; Estrada","author":"Juliana","date":"abril 16, 2009","format":false,"excerpt":"[hana-flv-player video=\"\/blog\/wp-content\/uploads\/2009\/01\/carpeta_muchos_varios\/GuatemalaUCNMarioEstrada07.flv\" width=\"550\" height=\"\" description=\"Seguridad - Estrada\" clickurl=\"\" clicktarget=\"\" player=\"4\" autoplay=\"false\" loop=\"false\" autorewind=\"true\" splashimage=\"\" skin=\"\" \/] [icon color=\"Accent-Color\" size=\"regular\" image=\"steadysets-icon-chat\"] Contexto Spot de la campa\u00f1a de Mario Estrada a las elecciones presidenciales de Guatemala durante la contienda de 2007. El candidato postul\u00f3 su aspiraci\u00f3n a nombre del Partido Uni\u00f3n Cambio\u2026","rel":"","context":"En \u00abCampa\u00f1a Presidencial\u00bb","block_context":{"text":"Campa\u00f1a Presidencial","link":"https:\/\/estrategica.com.co\/blog\/category\/temas\/campana-presidencial\/"},"img":{"alt_text":"","src":"","width":0,"height":0},"classes":[]}],"jetpack_sharing_enabled":true,"_links":{"self":[{"href":"https:\/\/estrategica.com.co\/blog\/wp-json\/wp\/v2\/posts\/8169","targetHints":{"allow":["GET"]}}],"collection":[{"href":"https:\/\/estrategica.com.co\/blog\/wp-json\/wp\/v2\/posts"}],"about":[{"href":"https:\/\/estrategica.com.co\/blog\/wp-json\/wp\/v2\/types\/post"}],"author":[{"embeddable":true,"href":"https:\/\/estrategica.com.co\/blog\/wp-json\/wp\/v2\/users\/5"}],"replies":[{"embeddable":true,"href":"https:\/\/estrategica.com.co\/blog\/wp-json\/wp\/v2\/comments?post=8169"}],"version-history":[{"count":7,"href":"https:\/\/estrategica.com.co\/blog\/wp-json\/wp\/v2\/posts\/8169\/revisions"}],"predecessor-version":[{"id":60618,"href":"https:\/\/estrategica.com.co\/blog\/wp-json\/wp\/v2\/posts\/8169\/revisions\/60618"}],"wp:featuredmedia":[{"embeddable":true,"href":"https:\/\/estrategica.com.co\/blog\/wp-json\/wp\/v2\/media\/8170"}],"wp:attachment":[{"href":"https:\/\/estrategica.com.co\/blog\/wp-json\/wp\/v2\/media?parent=8169"}],"wp:term":[{"taxonomy":"category","embeddable":true,"href":"https:\/\/estrategica.com.co\/blog\/wp-json\/wp\/v2\/categories?post=8169"},{"taxonomy":"post_tag","embeddable":true,"href":"https:\/\/estrategica.com.co\/blog\/wp-json\/wp\/v2\/tags?post=8169"}],"curies":[{"name":"wp","href":"https:\/\/api.w.org\/{rel}","templated":true}]}}