{"id":8173,"date":"2009-03-29T02:49:21","date_gmt":"2009-03-29T02:49:21","guid":{"rendered":"http:\/\/estrategica.com.co\/blog\/?p=8173"},"modified":"2015-03-16T10:38:31","modified_gmt":"2015-03-16T15:38:31","slug":"ciudadanos-en-blanco-por-un-voto-en-blanco-util","status":"publish","type":"post","link":"https:\/\/estrategica.com.co\/blog\/ciudadanos-en-blanco-por-un-voto-en-blanco-util\/","title":{"rendered":"Ciudadanos en Blanco &#8211; Por un Voto en Blanco \u00datil"},"content":{"rendered":"<p> <script type='text\/javascript' src='https:\/\/estrategica.com.co\/blog\/wp-content\/plugins\/hana-flv-player\/flowplayer3\/example\/flowplayer-3.2.6.min.js'><\/script>\n<div >\n<div id='hana_flv_flow3_1' style='display:block;width:550px;height:413px;background-color:#555555;color:#ffffff;padding:0' title=\"*Video:ciudadanos en blanco - por un voto en blanco \u00datil\"><\/div>\n<\/div>\n\n<script  type='text\/javascript'>\nif (typeof g_hanaFlash !== 'undefined' && !g_hanaFlash){\n    jQuery('#hana_flv_flow3_1').css( 'padding', '5px' );\n\tjQuery('#hana_flv_flow3_1').html(\"<span class='inactive_message' style='display:block'>Sorry, your browser does not support Flash Video Player<\/span> *Video:ciudadanos en blanco - por un voto en blanco \u00datil\");\n}else{\t\t\t\n\t\tflowplayer('hana_flv_flow3_1', { src: 'https:\/\/estrategica.com.co\/blog\/wp-content\/plugins\/hana-flv-player\/flowplayer3\/flowplayer-3.2.7.swf', wmode: 'transparent' }, { \n\n\t\t\tcanvas: { backgroundColor: '#000000', backgroundGradient: 'none',},\n    \t\tclip:  { \n    \t\t\turl: '\/blog\/wp-content\/uploads\/2009\/01\/videos_varios_f\/Spot_Electoral_Ciudadanos_en_Blanco_Elecciones_2008.flv',\n        \t\tscaling: 'fit', autoPlay: false, autoBuffering: true \n\t\t\t\t   , onFinish : function () { this.seek(0); }  \n\n\t        }\n\n\t\t});\n}\n<\/script><br \/>\n<\/br><\/p>\n<p>[icon color=\u00bbAccent-Color\u00bb size=\u00bbregular\u00bb image=\u00bbsteadysets-icon-chat\u00bb] <strong>Contexto<\/strong><\/br><\/br><\/p>\n<p style=\"text-align: justify;\">Spot del movimiento ciudadano denominado \u201cCiudadanos en Blanco\u201d. El movimiento pretende que los votos en blanco sean computados de forma tal que si alcanzan los suficientes para obtener un esca\u00f1o en el Congreso de los Diputados, este quede vac\u00edo como representaci\u00f3n silenciosa de los que votaron en blanco. Hasta ahora ha recibido escaso apoyo y se encuentra muy lejos de tener un esca\u00f1o.<\/p><\/p>\n","protected":false},"excerpt":{"rendered":"<p>*Video: ciudadanos en blanco &#8211; por un voto en blanco \u00datil [icon color=\u00bbAccent-Color\u00bb size=\u00bbregular\u00bb image=\u00bbsteadysets-icon-chat\u00bb] Contexto Spot del movimiento ciudadano denominado \u201cCiudadanos en Blanco\u201d. El movimiento pretende que los votos en blanco sean computados de forma tal que si alcanzan los suficientes para obtener un esca\u00f1o en el Congreso de los Diputados, este quede vac\u00edo [&hellip;]<\/p>\n","protected":false},"author":5,"featured_media":8174,"comment_status":"open","ping_status":"open","sticky":false,"template":"","format":"standard","meta":{"_et_pb_use_builder":"","_et_pb_old_content":"","_et_gb_content_width":"","advanced_seo_description":"","jetpack_seo_html_title":"","jetpack_seo_noindex":false,"footnotes":""},"categories":[58,34,23,10,11,3],"tags":[377,93],"class_list":["post-8173","post","type-post","status-publish","format-standard","has-post-thumbnail","hentry","category-campana-colegiada","category-electoral","category-espana","category-geo","category-temas","category-video","tag-ciudadanos-en-blanco","tag-elecciones-2008"],"jetpack_featured_media_url":"https:\/\/i0.wp.com\/estrategica.com.co\/blog\/wp-content\/uploads\/2009\/03\/spot_electoral_ciudadanos_en_blanco_elecciones_2008_thumb.png?fit=259%2C230&ssl=1","jetpack_shortlink":"https:\/\/wp.me\/p4wgsh-27P","jetpack-related-posts":[{"id":15406,"url":"https:\/\/estrategica.com.co\/blog\/av226\/","url_meta":{"origin":8173,"position":0},"title":"Vota por el Cambio &#8211; Lugo","author":"Juliana","date":"noviembre 1, 2009","format":false,"excerpt":"[hana-flv-player video=\"\/blog\/wp-content\/uploads\/2009\/01\/videos_ultimos\/av226.flv\" width=\"550\" height=\"\" description=\"Vota por el Cambio - Lugo\" clickurl=\"\" clicktarget=\"\" player=\"4\" autoplay=\"false\" loop=\"false\" autorewind=\"true\" splashimage=\"\" skin=\"\" \/] [icon color=\"Accent-Color\" size=\"regular\" image=\"steadysets-icon-chat\"] Contexto Spot de la campa\u00f1a de Fernando Lugo a la Presidencia de paraguay, durante la contienda electoral de 2008. Lugo era Monse\u00f1or y se posicion\u00f3 como el\u2026","rel":"","context":"En \u00abCampa\u00f1a Presidencial\u00bb","block_context":{"text":"Campa\u00f1a Presidencial","link":"https:\/\/estrategica.com.co\/blog\/category\/temas\/campana-presidencial\/"},"img":{"alt_text":"","src":"https:\/\/i0.wp.com\/estrategica.com.co\/blog\/wp-content\/uploads\/2009\/05\/av226_thumb.png?fit=384%2C261&ssl=1&resize=350%2C200","width":350,"height":200},"classes":[]},{"id":15337,"url":"https:\/\/estrategica.com.co\/blog\/av210\/","url_meta":{"origin":8173,"position":1},"title":"Colorados &#8211; Lugo","author":"Juliana","date":"octubre 19, 2009","format":false,"excerpt":"[hana-flv-player video=\"\/blog\/wp-content\/uploads\/2009\/01\/videos_ultimos\/av210.flv\" width=\"550\" height=\"\" description=\"Colorados - Lugo\" clickurl=\"\" clicktarget=\"\" player=\"4\" autoplay=\"false\" loop=\"false\" autorewind=\"true\" splashimage=\"\" skin=\"\" \/] [icon color=\"Accent-Color\" size=\"regular\" image=\"steadysets-icon-chat\"] Contexto Spot de la campa\u00f1a de Fernando Lugo a la Presidencia de paraguay, durante la contienda electoral de 2008. Lugo era Monse\u00f1or y se posicion\u00f3 como el opositor m\u00e1s destacado\u2026","rel":"","context":"En \u00abCampa\u00f1a Presidencial\u00bb","block_context":{"text":"Campa\u00f1a Presidencial","link":"https:\/\/estrategica.com.co\/blog\/category\/temas\/campana-presidencial\/"},"img":{"alt_text":"","src":"https:\/\/i0.wp.com\/estrategica.com.co\/blog\/wp-content\/uploads\/2009\/05\/av210_thumb.png?fit=461%2C367&ssl=1&resize=350%2C200","width":350,"height":200},"classes":[]},{"id":2673,"url":"https:\/\/estrategica.com.co\/blog\/confianza_pp\/","url_meta":{"origin":8173,"position":2},"title":"Confianza en el Futuro &#8211; PP","author":"Juliana","date":"enero 28, 2009","format":false,"excerpt":"[hana-flv-player video=\"\/blog\/wp-content\/uploads\/2009\/01\/ESPANA\/Confianza_PP.flv\" width=\"550\" height=\"\" description=\"Confianza en el Futuro - PP\" clickurl=\"\" clicktarget=\"\" player=\"4\" autoplay=\"false\" loop=\"false\" autorewind=\"true\" splashimage=\"\" skin=\"\" \/] [icon color=\"Accent-Color\" size=\"regular\" image=\"steadysets-icon-chat\"] Contexto Campa\u00f1a del Partido Popular Espa\u00f1ol para las elecciones Auton\u00f3micas y Municipales de 2007. La estrategia es conectarse con el ciudadano com\u00fan y corriente con un mensaje\u2026","rel":"","context":"En \u00abCampa\u00f1a Uninominal\u00bb","block_context":{"text":"Campa\u00f1a Uninominal","link":"https:\/\/estrategica.com.co\/blog\/category\/temas\/campana-uninominal\/"},"img":{"alt_text":"","src":"","width":0,"height":0},"classes":[]},{"id":9367,"url":"https:\/\/estrategica.com.co\/blog\/casa-blanca-deficit-fiscal-mondale\/","url_meta":{"origin":8173,"position":3},"title":"Casa Blanca &#8211; Deficit Fiscal &#8211; Mondale","author":"Juliana","date":"abril 5, 2009","format":false,"excerpt":"[hana-flv-player video=\"\/blog\/wp-content\/uploads\/2009\/01\/USA_CONVERTIDOS_VIEJOS\/HouseMondale84.flv\" width=\"550\" height=\"\" description=\"Casa Blanca - Deficit Fiscal - Mondale\" clickurl=\"\" clicktarget=\"\" player=\"4\" autoplay=\"false\" loop=\"false\" autorewind=\"true\" splashimage=\"\" skin=\"\" \/] [icon color=\"Accent-Color\" size=\"regular\" image=\"steadysets-icon-chat\"] Contexto La Campa\u00f1a de reelecci\u00f3n de Ronald Reagan durante las elecciones de 1984 lo favoreci\u00f3 desde el comienzo. La econom\u00eda se encuentra bien, los precios del\u2026","rel":"","context":"En \u00abCampa\u00f1a Presidencial\u00bb","block_context":{"text":"Campa\u00f1a Presidencial","link":"https:\/\/estrategica.com.co\/blog\/category\/temas\/campana-presidencial\/"},"img":{"alt_text":"","src":"https:\/\/i0.wp.com\/estrategica.com.co\/blog\/wp-content\/uploads\/2009\/03\/housemondale84_thumb.png?fit=343%2C259&ssl=1&resize=350%2C200","width":350,"height":200},"classes":[]},{"id":23550,"url":"https:\/\/estrategica.com.co\/blog\/respeto-los-ciudadanos-bush\/","url_meta":{"origin":8173,"position":4},"title":"Respeto a los Ciudadanos &#8211; Bush","author":"Juliana","date":"diciembre 16, 2010","format":false,"excerpt":" Contexto La campa\u00f1a a la Presidencia de los Estados Unidos en el a\u00f1o 2004 estuvo marcada por la guerra contra\u2026","rel":"","context":"En \u00ab2004\u00bb","block_context":{"text":"2004","link":"https:\/\/estrategica.com.co\/blog\/category\/ano\/2004\/"},"img":{"alt_text":"","src":"https:\/\/i0.wp.com\/estrategica.com.co\/blog\/wp-content\/uploads\/2010\/07\/GEORGEBUSH_thumb.png?fit=718%2C574&ssl=1&resize=350%2C200","width":350,"height":200},"classes":[]},{"id":21598,"url":"https:\/\/estrategica.com.co\/blog\/gente-cayendo-lugo\/","url_meta":{"origin":8173,"position":5},"title":"Gente Cayendo &#8211; Lugo","author":"Juliana","date":"junio 13, 2010","format":false,"excerpt":"[hana-flv-player video=\"\/blog\/wp-content\/uploads\/2009\/01\/20100609\/FranjaWebCapulo13.flv\" width=\"550\" height=\"\" description=\"Gente Cayendo - Lugo\" clickurl=\"\" clicktarget=\"\" player=\"4\" autoplay=\"false\" loop=\"false\" autorewind=\"true\" splashimage=\"\" skin=\"\" \/] [icon color=\"Accent-Color\" size=\"regular\" image=\"steadysets-icon-chat\"] Contexto Spot de la campa\u00f1a de Fernando Lugo a la Presidencia de paraguay, durante la contienda electoral de 2008. Lugo era Monse\u00f1or y se posicion\u00f3 como el opositor m\u00e1s\u2026","rel":"","context":"En \u00abCampa\u00f1a Presidencial\u00bb","block_context":{"text":"Campa\u00f1a Presidencial","link":"https:\/\/estrategica.com.co\/blog\/category\/temas\/campana-presidencial\/"},"img":{"alt_text":"","src":"https:\/\/i0.wp.com\/estrategica.com.co\/blog\/wp-content\/uploads\/2010\/06\/CampaElectoralFernandoLugo2008_thumb.png?fit=643%2C434&ssl=1&resize=350%2C200","width":350,"height":200},"classes":[]}],"jetpack_sharing_enabled":true,"_links":{"self":[{"href":"https:\/\/estrategica.com.co\/blog\/wp-json\/wp\/v2\/posts\/8173","targetHints":{"allow":["GET"]}}],"collection":[{"href":"https:\/\/estrategica.com.co\/blog\/wp-json\/wp\/v2\/posts"}],"about":[{"href":"https:\/\/estrategica.com.co\/blog\/wp-json\/wp\/v2\/types\/post"}],"author":[{"embeddable":true,"href":"https:\/\/estrategica.com.co\/blog\/wp-json\/wp\/v2\/users\/5"}],"replies":[{"embeddable":true,"href":"https:\/\/estrategica.com.co\/blog\/wp-json\/wp\/v2\/comments?post=8173"}],"version-history":[{"count":3,"href":"https:\/\/estrategica.com.co\/blog\/wp-json\/wp\/v2\/posts\/8173\/revisions"}],"predecessor-version":[{"id":47694,"href":"https:\/\/estrategica.com.co\/blog\/wp-json\/wp\/v2\/posts\/8173\/revisions\/47694"}],"wp:featuredmedia":[{"embeddable":true,"href":"https:\/\/estrategica.com.co\/blog\/wp-json\/wp\/v2\/media\/8174"}],"wp:attachment":[{"href":"https:\/\/estrategica.com.co\/blog\/wp-json\/wp\/v2\/media?parent=8173"}],"wp:term":[{"taxonomy":"category","embeddable":true,"href":"https:\/\/estrategica.com.co\/blog\/wp-json\/wp\/v2\/categories?post=8173"},{"taxonomy":"post_tag","embeddable":true,"href":"https:\/\/estrategica.com.co\/blog\/wp-json\/wp\/v2\/tags?post=8173"}],"curies":[{"name":"wp","href":"https:\/\/api.w.org\/{rel}","templated":true}]}}