{"id":8181,"date":"2009-03-29T02:23:55","date_gmt":"2009-03-29T02:23:55","guid":{"rendered":"http:\/\/estrategica.com.co\/blog\/?p=8181"},"modified":"2015-03-16T10:40:18","modified_gmt":"2015-03-16T15:40:18","slug":"lo-que-nos-une-upd","status":"publish","type":"post","link":"https:\/\/estrategica.com.co\/blog\/lo-que-nos-une-upd\/","title":{"rendered":"Lo que nos Une &#8211; UPD"},"content":{"rendered":"<p> <script type='text\/javascript' src='https:\/\/estrategica.com.co\/blog\/wp-content\/plugins\/hana-flv-player\/flowplayer3\/example\/flowplayer-3.2.6.min.js'><\/script>\n<div >\n<div id='hana_flv_flow3_1' style='display:block;width:550px;height:413px;background-color:#555555;color:#ffffff;padding:0' title=\"*Video:lo que nos une - upd\"><\/div>\n<\/div>\n\n<script  type='text\/javascript'>\nif (typeof g_hanaFlash !== 'undefined' && !g_hanaFlash){\n    jQuery('#hana_flv_flow3_1').css( 'padding', '5px' );\n\tjQuery('#hana_flv_flow3_1').html(\"<span class='inactive_message' style='display:block'>Sorry, your browser does not support Flash Video Player<\/span> *Video:lo que nos une - upd\");\n}else{\t\t\t\n\t\tflowplayer('hana_flv_flow3_1', { src: 'https:\/\/estrategica.com.co\/blog\/wp-content\/plugins\/hana-flv-player\/flowplayer3\/flowplayer-3.2.7.swf', wmode: 'transparent' }, { \n\n\t\t\tcanvas: { backgroundColor: '#000000', backgroundGradient: 'none',},\n    \t\tclip:  { \n    \t\t\turl: '\/blog\/wp-content\/uploads\/2009\/01\/videos_varios_f\/Spot_Electoral_UPD_Elecciones_2008.flv',\n        \t\tscaling: 'fit', autoPlay: false, autoBuffering: true \n\t\t\t\t   , onFinish : function () { this.seek(0); }  \n\n\t        }\n\n\t\t});\n}\n<\/script><br \/>\n<\/br><\/p>\n<p>[icon color=\u00bbAccent-Color\u00bb size=\u00bbregular\u00bb image=\u00bbsteadysets-icon-chat\u00bb] <strong>Contexto<\/strong><\/br><\/br><\/p>\n<p style=\"text-align: justify;\">Spot de Campa\u00f1a de Partido Uni\u00f3n, Progreso y Democracia, UPD, durante las elecciones generales de 2008. Esta Partido, fundado en 2007, obtuvo un diputado por la jurisdicci\u00f3n de Madrid en las elecciones de 2008, la elegida fue, la exdirigente del PSOE, Rosa D\u00edez, con un total de 306.078 votos que la convirtieron en la 5 fuerza m\u00e1s votada de Espa\u00f1a. El spot trata de evidenciar uno de los principios del UPD: ni derecha ni izquierda, miremos solo lo que nos une.<\/p><\/p>\n","protected":false},"excerpt":{"rendered":"<p>*Video: lo que nos une &#8211; upd [icon color=\u00bbAccent-Color\u00bb size=\u00bbregular\u00bb image=\u00bbsteadysets-icon-chat\u00bb] Contexto Spot de Campa\u00f1a de Partido Uni\u00f3n, Progreso y Democracia, UPD, durante las elecciones generales de 2008. Esta Partido, fundado en 2007, obtuvo un diputado por la jurisdicci\u00f3n de Madrid en las elecciones de 2008, la elegida fue, la exdirigente del PSOE, Rosa D\u00edez, [&hellip;]<\/p>\n","protected":false},"author":5,"featured_media":8182,"comment_status":"open","ping_status":"open","sticky":false,"template":"","format":"standard","meta":{"_et_pb_use_builder":"","_et_pb_old_content":"","_et_gb_content_width":"","advanced_seo_description":"","jetpack_seo_html_title":"","jetpack_seo_noindex":false,"footnotes":""},"categories":[58,34,23,10,11,3],"tags":[93,374,376,373,375],"class_list":["post-8181","post","type-post","status-publish","format-standard","has-post-thumbnail","hentry","category-campana-colegiada","category-electoral","category-espana","category-geo","category-temas","category-video","tag-elecciones-2008","tag-progreso-y-democracia","tag-rosa-diez","tag-union","tag-upd"],"jetpack_featured_media_url":"https:\/\/i0.wp.com\/estrategica.com.co\/blog\/wp-content\/uploads\/2009\/03\/spot_electoral_upd_elecciones_2008_thumb.png?fit=177%2C130&ssl=1","jetpack_shortlink":"https:\/\/wp.me\/p4wgsh-27X","jetpack-related-posts":[{"id":37276,"url":"https:\/\/estrategica.com.co\/blog\/josecanedoupydnosevotaencontradeotrosvotamospornosotros\/","url_meta":{"origin":8181,"position":0},"title":"No se vota en contra de otros votamos por nosotros &#8211; Canedo","author":"Juliana","date":"febrero 4, 2013","format":false,"excerpt":"[hana-flv-player video=\"\/blog\/wp-content\/uploads\/2009\/01\/20121220\/JoseCanedoUPyDNosevotaencontradeotrosvotamospornosotros.flv\" width=\"550\" height=\"\" description=\"No se vota en contra de otros votamos por nosotros - Canedo\" clickurl=\"\" clicktarget=\"\" player=\"4\" autoplay=\"false\" loop=\"false\" autorewind=\"false\" splashimage=\"\" skin=\"\" \/] [icon color=\"Accent-Color\" size=\"regular\" image=\"steadysets-icon-chat\"] Contexto Spot de la campa\u00f1a de Jos\u00e9 Canedo a la Xunta de Galicia durante la contienda electoral de 2012, a nombre\u2026","rel":"","context":"En \u00ab2012\u00bb","block_context":{"text":"2012","link":"https:\/\/estrategica.com.co\/blog\/category\/ano\/2012\/"},"img":{"alt_text":"","src":"https:\/\/i0.wp.com\/estrategica.com.co\/blog\/wp-content\/uploads\/2013\/01\/JoseCanedoUPyDNosevotaencontradeotrosvotamospornosotros_thumb.png?fit=715%2C485&ssl=1&resize=350%2C200","width":350,"height":200},"classes":[]},{"id":2827,"url":"https:\/\/estrategica.com.co\/blog\/vota_psoe\/","url_meta":{"origin":8181,"position":1},"title":"Rosas &#8211; Vota PSOE","author":"Juliana","date":"enero 24, 2009","format":false,"excerpt":"[hana-flv-player video=\"\/blog\/wp-content\/uploads\/2009\/01\/ESPANA\/Vota_PSOE.flv\" width=\"550\" height=\"\" description=\"Rosas - Vota PSOE\" clickurl=\"\" clicktarget=\"\" player=\"4\" autoplay=\"false\" loop=\"false\" autorewind=\"true\" splashimage=\"\" skin=\"\" \/] [icon color=\"Accent-Color\" size=\"regular\" image=\"steadysets-icon-chat\"] Contexto Maravilloso Spot del PSOE donde se motiva el voto partidista utilizando creativamente la rosa, s\u00edmbolo del socialismo. \u201cTu arte, tu respiraci\u00f3n, tu comodidad, tus cuidados, tus derechos, tu\u2026","rel":"","context":"En \u00abCampa\u00f1a Cuerpo Colegiado\u00bb","block_context":{"text":"Campa\u00f1a Cuerpo Colegiado","link":"https:\/\/estrategica.com.co\/blog\/category\/temas\/campana-colegiada\/"},"img":{"alt_text":"","src":"https:\/\/i0.wp.com\/estrategica.com.co\/blog\/wp-content\/uploads\/2009\/01\/vota_psoe_thumb.png?fit=315%2C250&ssl=1&resize=350%2C200","width":350,"height":200},"classes":[]},{"id":2785,"url":"https:\/\/estrategica.com.co\/blog\/convergencia-y-union-cataluna\/","url_meta":{"origin":8181,"position":2},"title":"Respeto a Catalu\u00f1a &#8211; Convergencia y Uni\u00f3n.","author":"Juliana","date":"enero 25, 2009","format":false,"excerpt":"[hana-flv-player video=\"\/blog\/wp-content\/uploads\/2009\/01\/ESPANA\/Spot_Catalu\u00f1a1.flv\" width=\"550\" height=\"\" description=\"Respeto a Catalu\u00f1a - Convergencia y Uni\u00f3n.\" clickurl=\"\" clicktarget=\"\" player=\"4\" autoplay=\"false\" loop=\"false\" autorewind=\"true\" splashimage=\"\" skin=\"\" \/] [icon color=\"Accent-Color\" size=\"regular\" image=\"steadysets-icon-chat\"] Contexto Campa\u00f1a de Convergencia y Uni\u00f3n para las elecciones generales de 2008. El candidato es Josep Antoni Duran i Lleida quien fue elegido diputado por Barcelona.\u2026","rel":"","context":"En \u00abCampa\u00f1a Cuerpo Colegiado\u00bb","block_context":{"text":"Campa\u00f1a Cuerpo Colegiado","link":"https:\/\/estrategica.com.co\/blog\/category\/temas\/campana-colegiada\/"},"img":{"alt_text":"","src":"","width":0,"height":0},"classes":[]},{"id":2781,"url":"https:\/\/estrategica.com.co\/blog\/respeto-a-cataluna-convergencia-y-union\/","url_meta":{"origin":8181,"position":3},"title":"Respeto a Catalu\u00f1a &#8211; Convergencia y Uni\u00f3n.","author":"Juliana","date":"enero 25, 2009","format":false,"excerpt":"[hana-flv-player video=\"\/\/blog\/wp-content\/uploads\/2009\/01\/ESPANA\/Spot_Catalu\u00f1a.flv\" width=\"550\" height=\"\" description=\"Respeto a Catalu\u00f1a - Convergencia y Uni\u00f3n.\" clickurl=\"\" clicktarget=\"\" player=\"4\" autoplay=\"false\" loop=\"false\" autorewind=\"true\" splashimage=\"\" skin=\"\" \/] [icon color=\"Accent-Color\" size=\"regular\" image=\"steadysets-icon-chat\"] Contexto Campa\u00f1a de Convergencia y Uni\u00f3n para las elecciones generales de 2008. El candidato es Josep Antoni Duran i Lleida quien fue elegido diputado por Barcelona.\u2026","rel":"","context":"En \u00abCampa\u00f1a Cuerpo Colegiado\u00bb","block_context":{"text":"Campa\u00f1a Cuerpo Colegiado","link":"https:\/\/estrategica.com.co\/blog\/category\/temas\/campana-colegiada\/"},"img":{"alt_text":"","src":"https:\/\/i0.wp.com\/estrategica.com.co\/blog\/wp-content\/uploads\/2009\/01\/spot_cataluna_thumb.png?fit=319%2C226&ssl=1&resize=350%2C200","width":350,"height":200},"classes":[]},{"id":34935,"url":"https:\/\/estrategica.com.co\/blog\/loimportanteesqueteentiendan\/","url_meta":{"origin":8181,"position":4},"title":"Lo importante es que te entiendan! &#8211; UPyD","author":"Juliana","date":"julio 24, 2012","format":false,"excerpt":"[hana-flv-player video=\"\/blog\/wp-content\/uploads\/2009\/01\/20111213\/Loimportanteesqueteentiendan.flv\" width=\"550\" height=\"\" description=\"Lo importante es que te entiendan! - UPyD\" clickurl=\"\" clicktarget=\"\" player=\"4\" autoplay=\"false\" loop=\"false\" autorewind=\"false\" splashimage=\"\" skin=\"\" \/] [icon color=\"Accent-Color\" size=\"regular\" image=\"steadysets-icon-chat\"] Contexto Spot de Uni\u00f3n Progreso y Democracia, UPyD, para las elecciones europeas en el a\u00f1o 2009. La pieza con un lenguaje fresco y con humor,\u2026","rel":"","context":"En \u00ab2009\u00bb","block_context":{"text":"2009","link":"https:\/\/estrategica.com.co\/blog\/category\/ano\/2009\/"},"img":{"alt_text":"","src":"https:\/\/i0.wp.com\/estrategica.com.co\/blog\/wp-content\/uploads\/2012\/07\/Loimportanteesqueteentiendan_thumb.png?fit=902%2C581&ssl=1&resize=350%2C200","width":350,"height":200},"classes":[]},{"id":8169,"url":"https:\/\/estrategica.com.co\/blog\/spot_electoral_ciu_elecciones_2008flv\/","url_meta":{"origin":8181,"position":5},"title":"Rspeto a Catalu\u00f1a &#8211; CiU","author":"Juliana","date":"marzo 29, 2009","format":false,"excerpt":"[hana-flv-player video=\"\/blog\/wp-content\/uploads\/2009\/01\/videos_varios_f\/Spot_Electoral_CiU_Elecciones_2008.flv\" width=\"550\" height=\"\" description=\"Rspeto a Catalu\u00f1a - CiU\" clickurl=\"\" clicktarget=\"\" player=\"4\" autoplay=\"false\" loop=\"false\" autorewind=\"true\" splashimage=\"\" skin=\"\" \/] [icon color=\"Accent-Color\" size=\"regular\" image=\"steadysets-icon-chat\"] Contexto Campa\u00f1a de Convergencia y Uni\u00f3n para las elecciones generales de 2008. El candidato es Josep Antoni Duran i Lleida quien fue elegido diputado por Barcelona. El partido\u2026","rel":"","context":"En \u00abCampa\u00f1a Cuerpo Colegiado\u00bb","block_context":{"text":"Campa\u00f1a Cuerpo Colegiado","link":"https:\/\/estrategica.com.co\/blog\/category\/temas\/campana-colegiada\/"},"img":{"alt_text":"","src":"https:\/\/i0.wp.com\/estrategica.com.co\/blog\/wp-content\/uploads\/2009\/03\/spot_electoral_ciu_elecciones_2008_thumb.png?fit=318%2C210&ssl=1&resize=350%2C200","width":350,"height":200},"classes":[]}],"jetpack_sharing_enabled":true,"_links":{"self":[{"href":"https:\/\/estrategica.com.co\/blog\/wp-json\/wp\/v2\/posts\/8181","targetHints":{"allow":["GET"]}}],"collection":[{"href":"https:\/\/estrategica.com.co\/blog\/wp-json\/wp\/v2\/posts"}],"about":[{"href":"https:\/\/estrategica.com.co\/blog\/wp-json\/wp\/v2\/types\/post"}],"author":[{"embeddable":true,"href":"https:\/\/estrategica.com.co\/blog\/wp-json\/wp\/v2\/users\/5"}],"replies":[{"embeddable":true,"href":"https:\/\/estrategica.com.co\/blog\/wp-json\/wp\/v2\/comments?post=8181"}],"version-history":[{"count":6,"href":"https:\/\/estrategica.com.co\/blog\/wp-json\/wp\/v2\/posts\/8181\/revisions"}],"predecessor-version":[{"id":47698,"href":"https:\/\/estrategica.com.co\/blog\/wp-json\/wp\/v2\/posts\/8181\/revisions\/47698"}],"wp:featuredmedia":[{"embeddable":true,"href":"https:\/\/estrategica.com.co\/blog\/wp-json\/wp\/v2\/media\/8182"}],"wp:attachment":[{"href":"https:\/\/estrategica.com.co\/blog\/wp-json\/wp\/v2\/media?parent=8181"}],"wp:term":[{"taxonomy":"category","embeddable":true,"href":"https:\/\/estrategica.com.co\/blog\/wp-json\/wp\/v2\/categories?post=8181"},{"taxonomy":"post_tag","embeddable":true,"href":"https:\/\/estrategica.com.co\/blog\/wp-json\/wp\/v2\/tags?post=8181"}],"curies":[{"name":"wp","href":"https:\/\/api.w.org\/{rel}","templated":true}]}}