{"id":8192,"date":"2009-03-28T20:52:35","date_gmt":"2009-03-28T20:52:35","guid":{"rendered":"http:\/\/estrategica.com.co\/blog\/?p=8192"},"modified":"2015-03-16T14:56:04","modified_gmt":"2015-03-16T19:56:04","slug":"objetivo-un-pais-de-primera-esquerra","status":"publish","type":"post","link":"https:\/\/estrategica.com.co\/blog\/objetivo-un-pais-de-primera-esquerra\/","title":{"rendered":"Objetivo: Un Pa\u00eds de Primera &#8211; Esquerra"},"content":{"rendered":"<p> <script type='text\/javascript' src='https:\/\/estrategica.com.co\/blog\/wp-content\/plugins\/hana-flv-player\/flowplayer3\/example\/flowplayer-3.2.6.min.js'><\/script>\n<div >\n<div id='hana_flv_flow3_1' style='display:block;width:550px;height:413px;background-color:#555555;color:#ffffff;padding:0' title=\"*Video:objetivo: un pa\u00eds de primera - esquerra\"><\/div>\n<\/div>\n\n<script  type='text\/javascript'>\nif (typeof g_hanaFlash !== 'undefined' && !g_hanaFlash){\n    jQuery('#hana_flv_flow3_1').css( 'padding', '5px' );\n\tjQuery('#hana_flv_flow3_1').html(\"<span class='inactive_message' style='display:block'>Sorry, your browser does not support Flash Video Player<\/span> *Video:objetivo: un pa\u00eds de primera - esquerra\");\n}else{\t\t\t\n\t\tflowplayer('hana_flv_flow3_1', { src: 'https:\/\/estrategica.com.co\/blog\/wp-content\/plugins\/hana-flv-player\/flowplayer3\/flowplayer-3.2.7.swf', wmode: 'transparent' }, { \n\n\t\t\tcanvas: { backgroundColor: '#000000', backgroundGradient: 'none',},\n    \t\tclip:  { \n    \t\t\turl: '\/blog\/wp-content\/uploads\/2009\/01\/videos_varios_f\/Spot_ERC_Objetivo_un_pa_de_primera.flv',\n        \t\tscaling: 'fit', autoPlay: false, autoBuffering: true \n\t\t\t\t   , onFinish : function () { this.seek(0); }  \n\n\t        }\n\n\t\t});\n}\n<\/script><br \/>\n<\/br><\/p>\n<p>[icon color=\u00bbAccent-Color\u00bb size=\u00bbregular\u00bb image=\u00bbsteadysets-icon-chat\u00bb] <strong>Contexto<\/strong><\/br><\/br><\/p>\n<p style=\"text-align: justify;\">Campa\u00f1a de Esquerra Republicana de Catalunya o en espa\u00f1ol: Izquierda Republicana de Catalu\u00f1a. Esquerra es un partido de izquierdas, favorable a la rep\u00fablica y a la independencia de Catalu\u00f1a por la v\u00eda pacifica. Rechaza la violencia y participa activamente en las instituciones pol\u00edticas con el objetivo de conseguir democr\u00e1ticamente el derecho a la autodeterminaci\u00f3n. El spot que vemos hace parte de los instrumentos de persuasi\u00f3n para las elecciones generales de 2008. En candidato es Joan Ridao, portavoz del partido, y obtuvo 296.473 votos que le significaron tres esca\u00f1os. En anuncio dice en catal\u00e1n: \u201cCuando acabe este anuncio, faltaran menos minutos para la independencia\u201d.<\/p><\/p>\n","protected":false},"excerpt":{"rendered":"<p>*Video: objetivo: un pa\u00eds de primera &#8211; esquerra [icon color=\u00bbAccent-Color\u00bb size=\u00bbregular\u00bb image=\u00bbsteadysets-icon-chat\u00bb] Contexto Campa\u00f1a de Esquerra Republicana de Catalunya o en espa\u00f1ol: Izquierda Republicana de Catalu\u00f1a. Esquerra es un partido de izquierdas, favorable a la rep\u00fablica y a la independencia de Catalu\u00f1a por la v\u00eda pacifica. Rechaza la violencia y participa activamente en las instituciones [&hellip;]<\/p>\n","protected":false},"author":5,"featured_media":8193,"comment_status":"open","ping_status":"open","sticky":false,"template":"","format":"standard","meta":{"_et_pb_use_builder":"","_et_pb_old_content":"","_et_gb_content_width":"","advanced_seo_description":"","jetpack_seo_html_title":"","jetpack_seo_noindex":false,"footnotes":""},"categories":[58,34,23,10,11,3],"tags":[93,367,332,368],"class_list":["post-8192","post","type-post","status-publish","format-standard","has-post-thumbnail","hentry","category-campana-colegiada","category-electoral","category-espana","category-geo","category-temas","category-video","tag-elecciones-2008","tag-esquerra-republicana-de-catalunya","tag-izquierda-republicana","tag-joan-ridao"],"jetpack_featured_media_url":"https:\/\/i0.wp.com\/estrategica.com.co\/blog\/wp-content\/uploads\/2009\/03\/spot_erc_objetivo_un_pa_de_primera_thumb.png?fit=294%2C186&ssl=1","jetpack_shortlink":"https:\/\/wp.me\/p4wgsh-288","jetpack-related-posts":[{"id":11037,"url":"https:\/\/estrategica.com.co\/blog\/elecciones-europeas-erc\/","url_meta":{"origin":8192,"position":0},"title":"Elecciones Europeas &#8211; ERC","author":"Juliana","date":"abril 19, 2011","format":false,"excerpt":"[hana-flv-player video=\"\/blog\/wp-content\/uploads\/2009\/01\/carpeta_muchos_varios\/EspanaCatalunyaERC04.flv\" width=\"550\" height=\"\" description=\"Elecciones Europeas - ERC\" clickurl=\"\" clicktarget=\"\" player=\"4\" autoplay=\"false\" loop=\"false\" autorewind=\"true\" splashimage=\"\" skin=\"\" \/] [icon color=\"Accent-Color\" size=\"regular\" image=\"steadysets-icon-chat\"] Contexto Spot de Esquerra Republicana de Catalunya, o Izquierda republicana de Catalu\u00f1a, para las elecciones al parlamento europeo en la contienda electoral de 2004 en Espa\u00f1a. Esquerra propugna la\u2026","rel":"","context":"En \u00ab2004\u00bb","block_context":{"text":"2004","link":"https:\/\/estrategica.com.co\/blog\/category\/ano\/2004\/"},"img":{"alt_text":"","src":"https:\/\/i0.wp.com\/estrategica.com.co\/blog\/wp-content\/uploads\/2009\/04\/espanacatalunyaerc04_thumb.png?fit=335%2C243&ssl=1&resize=350%2C200","width":350,"height":200},"classes":[]},{"id":7328,"url":"https:\/\/estrategica.com.co\/blog\/elecciones-parlamento-europeo-izquierda-republicana-de-cataluna\/","url_meta":{"origin":8192,"position":1},"title":"Elecciones Parlamento Europeo &#8211; Izquierda Republicana de Catalu\u00f1a","author":"Juliana","date":"marzo 21, 2009","format":false,"excerpt":"[hana-flv-player video=\"\/blog\/wp-content\/uploads\/2009\/01\/videos_varios_f\/Espot_Eleccions_Parlament_Europeu_2004.flv\" width=\"550\" height=\"\" description=\"Elecciones Parlamento Europeo - Izquierda Republicana de Catalu\u00f1a\" clickurl=\"\" clicktarget=\"\" player=\"4\" autoplay=\"false\" loop=\"false\" autorewind=\"true\" splashimage=\"\" skin=\"\" \/] [icon color=\"Accent-Color\" size=\"regular\" image=\"steadysets-icon-chat\"] Contexto Spot de campa\u00f1a de Esquerra Republicana de Catalunya o Izquierda Republicana de Catalu\u00f1a para las elecciones al Parlamento Europeo de 2004. El spot muestra\u2026","rel":"","context":"En \u00abCampa\u00f1a Cuerpo Colegiado\u00bb","block_context":{"text":"Campa\u00f1a Cuerpo Colegiado","link":"https:\/\/estrategica.com.co\/blog\/category\/temas\/campana-colegiada\/"},"img":{"alt_text":"","src":"","width":0,"height":0},"classes":[]},{"id":7332,"url":"https:\/\/estrategica.com.co\/blog\/referendum-constitucion-europea-no\/","url_meta":{"origin":8192,"position":2},"title":"Refer\u00e9ndum Constituci\u00f3n Europea &#8211; NO","author":"Juliana","date":"marzo 21, 2009","format":false,"excerpt":"[hana-flv-player video=\"\/blog\/wp-content\/uploads\/2009\/01\/videos_varios_f\/Espot_Referndum_Constituci_Europea_2005.flv\" width=\"550\" height=\"\" description=\"Refer\u00e9ndum Constituci\u00f3n Europea - NO\" clickurl=\"\" clicktarget=\"\" player=\"4\" autoplay=\"false\" loop=\"false\" autorewind=\"true\" splashimage=\"\" skin=\"\" \/] [icon color=\"Accent-Color\" size=\"regular\" image=\"steadysets-icon-chat\"] Contexto Spot de campa\u00f1a de Esquerra Republicana de Catalunya o Izquierda Republicana de Catalu\u00f1a para el Refer\u00e9ndum aprobatorio de la Constituci\u00f3n Europea. La consulta buscaba determinar si los\u2026","rel":"","context":"En \u00abConsulta Popular\u00bb","block_context":{"text":"Consulta Popular","link":"https:\/\/estrategica.com.co\/blog\/category\/temas\/consulta-popular\/"},"img":{"alt_text":"","src":"","width":0,"height":0},"classes":[]},{"id":10939,"url":"https:\/\/estrategica.com.co\/blog\/espanacatalunyaercangelcolom92\/","url_meta":{"origin":8192,"position":3},"title":"Noticiero &#8211; Colom","author":"Juliana","date":"abril 20, 2011","format":false,"excerpt":"[hana-flv-player video=\"\/blog\/wp-content\/uploads\/2009\/01\/carpeta_muchos_varios\/EspanaCatalunyaERCAngelColom92.flv\" width=\"550\" height=\"\" description=\"Noticiero - Colom\" clickurl=\"\" clicktarget=\"\" player=\"4\" autoplay=\"false\" loop=\"false\" autorewind=\"true\" splashimage=\"\" skin=\"\" \/] [icon color=\"Accent-Color\" size=\"regular\" image=\"steadysets-icon-chat\"] Contexto Spot de la campa\u00f1a de Angel Colom a las elecciones auton\u00f3micas de 1992 a nombre de Esquerra Republicana de Catalunya. Obtuvo 210.366 votos, un 8 por ciento, consiguiendo 11\u2026","rel":"","context":"En \u00ab1992\u00bb","block_context":{"text":"1992","link":"https:\/\/estrategica.com.co\/blog\/category\/ano\/1992\/"},"img":{"alt_text":"","src":"https:\/\/i0.wp.com\/estrategica.com.co\/blog\/wp-content\/uploads\/2009\/04\/espanacatalunyaercangelcolom92_thumb.png?fit=324%2C231&ssl=1&resize=350%2C200","width":350,"height":200},"classes":[]},{"id":32309,"url":"https:\/\/estrategica.com.co\/blog\/shiftingsand\/","url_meta":{"origin":8192,"position":4},"title":"Arenas Movedizas &#8211; Partido Republicano","author":"Juliana","date":"enero 18, 2012","format":false,"excerpt":"[hana-flv-player video=\"\/blog\/wp-content\/uploads\/2009\/01\/20111213\/ShiftingSand.flv\"\" width=\"550\" height=\"\" description=\"Arenas Movedizas - Partido Republicano\" clickurl=\"\" clicktarget=\"\" player=\"4\" autoplay=\"false\" loop=\"false\" autorewind=\"false\" splashimage=\"\" skin=\"\" \/] [icon color=\"Accent-Color\" size=\"regular\" image=\"steadysets-icon-chat\"] Contexto Spot del Comit\u00e9 Republicano durante la contienda electoral de 2008 para la Presidencia de los Estados Unidos con el fin de propiciar un clima adverso a las\u2026","rel":"","context":"En \u00ab2008\u00bb","block_context":{"text":"2008","link":"https:\/\/estrategica.com.co\/blog\/category\/ano\/2008\/"},"img":{"alt_text":"","src":"https:\/\/i0.wp.com\/estrategica.com.co\/blog\/wp-content\/uploads\/2012\/01\/ShiftingSand_thumb.png?fit=687%2C531&ssl=1&resize=350%2C200","width":350,"height":200},"classes":[]},{"id":31435,"url":"https:\/\/estrategica.com.co\/blog\/weaskyeswecan\/","url_meta":{"origin":8192,"position":5},"title":"Preguntemos qu\u00e9 es lo que se puede &#8211; Partido Republicano","author":"Juliana","date":"diciembre 22, 2011","format":false,"excerpt":"[hana-flv-player video=\"\/blog\/wp-content\/uploads\/2009\/01\/20111213\/WeAskYesWeCan..flv\" width=\"550\" height=\"\" description=\"Preguntemos qu\u00e9 es lo que se puede - Partido Republicano\" clickurl=\"\" clicktarget=\"\" player=\"4\" autoplay=\"false\" loop=\"false\" autorewind=\"false\" splashimage=\"\" skin=\"\" \/] [icon color=\"Accent-Color\" size=\"regular\" image=\"steadysets-icon-chat\"] Contexto Spot del Partido Republicano evidenciando lo que ellos consideran las vulnerabilidades de la aspiraci\u00f3n de Barack Obama de cara a las elecciones\u2026","rel":"","context":"En \u00ab2008\u00bb","block_context":{"text":"2008","link":"https:\/\/estrategica.com.co\/blog\/category\/ano\/2008\/"},"img":{"alt_text":"","src":"https:\/\/i0.wp.com\/estrategica.com.co\/blog\/wp-content\/uploads\/2011\/12\/WeAskYesWeCan._thumb.png?fit=484%2C361&ssl=1&resize=350%2C200","width":350,"height":200},"classes":[]}],"jetpack_sharing_enabled":true,"_links":{"self":[{"href":"https:\/\/estrategica.com.co\/blog\/wp-json\/wp\/v2\/posts\/8192","targetHints":{"allow":["GET"]}}],"collection":[{"href":"https:\/\/estrategica.com.co\/blog\/wp-json\/wp\/v2\/posts"}],"about":[{"href":"https:\/\/estrategica.com.co\/blog\/wp-json\/wp\/v2\/types\/post"}],"author":[{"embeddable":true,"href":"https:\/\/estrategica.com.co\/blog\/wp-json\/wp\/v2\/users\/5"}],"replies":[{"embeddable":true,"href":"https:\/\/estrategica.com.co\/blog\/wp-json\/wp\/v2\/comments?post=8192"}],"version-history":[{"count":6,"href":"https:\/\/estrategica.com.co\/blog\/wp-json\/wp\/v2\/posts\/8192\/revisions"}],"predecessor-version":[{"id":47708,"href":"https:\/\/estrategica.com.co\/blog\/wp-json\/wp\/v2\/posts\/8192\/revisions\/47708"}],"wp:featuredmedia":[{"embeddable":true,"href":"https:\/\/estrategica.com.co\/blog\/wp-json\/wp\/v2\/media\/8193"}],"wp:attachment":[{"href":"https:\/\/estrategica.com.co\/blog\/wp-json\/wp\/v2\/media?parent=8192"}],"wp:term":[{"taxonomy":"category","embeddable":true,"href":"https:\/\/estrategica.com.co\/blog\/wp-json\/wp\/v2\/categories?post=8192"},{"taxonomy":"post_tag","embeddable":true,"href":"https:\/\/estrategica.com.co\/blog\/wp-json\/wp\/v2\/tags?post=8192"}],"curies":[{"name":"wp","href":"https:\/\/api.w.org\/{rel}","templated":true}]}}